{"id":116616,"date":"2019-06-05T12:09:24","date_gmt":"2019-06-05T10:09:24","guid":{"rendered":"http:\/\/gazdasagportal.hu\/?p=116616"},"modified":"2019-06-05T12:59:56","modified_gmt":"2019-06-05T10:59:56","slug":"hivatalosan-is-visszaigenyelheto-lesz-a-behajthatatlan-kovetelesek-afaja","status":"publish","type":"post","link":"https:\/\/gazdasagportal.hu\/index.php\/hivatalosan-is-visszaigenyelheto-lesz-a-behajthatatlan-kovetelesek-afaja\/","title":{"rendered":"Hivatalosan is visszaig\u00e9nyelhet\u0151 lesz a behajthatatlan k\u00f6vetel\u00e9sek \u00e1f\u00e1ja"},"content":{"rendered":"<p><strong>Egy ideje egy\u00e9rtelm\u0171, hogy Magyarorsz\u00e1g uni\u00f3s jogot s\u00e9rt azzal, hogy nem engedi a behajthatatlan k\u00f6vetel\u00e9sek \u00e1f\u00e1j\u00e1nak visszat\u00e9r\u00edt\u00e9s\u00e9t. Az pedig, hogy imm\u00e1r magyar ad\u00f3z\u00f3k \u00fcgye is az Eur\u00f3pai Uni\u00f3 B\u00edr\u00f3s\u00e1ga (EUB) el\u00e9 ker\u00fclt, l\u00e9p\u00e9sk\u00e9nyszerbe hozta a magyar jogalkot\u00f3t. A tegnap beterjesztett ad\u00f3csomag megadn\u00e1 ugyan a lehet\u0151s\u00e9get az \u00e1fa visszak\u00e9r\u00e9s\u00e9re, azonban \u2013 a bevezetni k\u00edv\u00e1nt adminisztrat\u00edv korl\u00e1toz\u00e1sok miatt \u2013 bizonyos esetekben m\u00e9g mindig csak az uni\u00f3s jogra hivatkoz\u00e1ssal lehet csak visszak\u00e9rni az \u00e1f\u00e1t.<\/strong><!--more--><\/p>\n<div class=\"ads-in-post1\"><div id=\"gazdasagportal.hu_fullbanner_wideboard\"><\/div>\r\n<\/div>\n<p><strong>Az kiindul\u00f3 eur\u00f3pai \u00fcgy <\/strong><\/p>\n<p>Az EUB els\u0151k\u00e9nt az olasz Enzo di Maura \u00fcgyben mondta ki egy\u00e9rtelm\u0171en, hogy a tag\u00e1llamoknak vissza kell adniuk az \u00e1f\u00e1t akkor, ha egy teljes\u00edtett \u00fcgylet ellen\u00e9rt\u00e9ke v\u00e9glegesen behajthatatlann\u00e1 v\u00e1lik. Ez a d\u00f6nt\u00e9s mer\u0151ben ellent\u00e9tes volt a magyar hat\u00f3s\u00e1gok \u00e9s b\u00edr\u00f3s\u00e1gok kor\u00e1bbi meg\u00e9rt\u00e9s\u00e9vel, amely szerint a tag\u00e1llamokat e tekintetben v\u00e1laszt\u00e1si jog illeti meg. Enn\u00e9l fogva t\u00f6bb c\u00e9g is felvette a keszty\u0171t, hogy v\u00e9gs\u0151 soron b\u00edr\u00f3s\u00e1gon bizony\u00edtsa igaz\u00e1t \u00e9s \u2013 sz\u00fcks\u00e9g eset\u00e9n \u2013 az EUB k\u00f6zrem\u0171k\u00f6d\u00e9s\u00e9vel k\u00e9nyszer\u00edtse ki a behajthatatlan k\u00f6vetel\u00e9s\u00e9re jut\u00f3 \u00e1fa visszat\u00e9r\u00edt\u00e9s\u00e9t.<\/p><div id=\"gazda-2931314028\" class=\"gazda-tartalomban gazda-entity-placement\"><script async src=\"https:\/\/pagead2.googlesyndication.com\/pagead\/js\/adsbygoogle.js\"><\/script>\r\n<ins class=\"adsbygoogle\"\r\n     style=\"display:block\"\r\n     data-ad-format=\"fluid\"\r\n     data-ad-layout-key=\"-6t+ed+2i-1n-4w\"\r\n     data-ad-client=\"ca-pub-1959107119989764\"\r\n     data-ad-slot=\"4008251320\"><\/ins>\r\n<script>\r\n     (adsbygoogle = window.adsbygoogle || []).push({});\r\n<\/script><\/div>\n<p><strong>A magyar korm\u00e1ny terve <\/strong><\/p>\n<p>A korm\u00e1ny tegnap beny\u00fajtott \u201etavaszi\u201d ad\u00f3csomagj\u00e1b\u00f3l \u00fagy t\u0171nik, hogy a magyar jogalkot\u00f3 ink\u00e1bb el\u00e9be megy a t\u00e1mad\u00e1snak. A javaslat szerint a Parlament maga emeln\u00e9 be az \u00e1fat\u00f6rv\u00e9nybe a visszat\u00e9r\u00edt\u00e9si lehet\u0151s\u00e9get \u00e9s szab\u00e1lyozott mederbe tereln\u00e9 a k\u00e9rd\u00e9st.<\/p>\n<div class=\"ads-in-post2\"><script async src=\"https:\/\/pagead2.googlesyndication.com\/pagead\/js\/adsbygoogle.js\"><\/script>\r\n<ins class=\"adsbygoogle\"\r\n     style=\"display:block\"\r\n     data-ad-format=\"fluid\"\r\n     data-ad-layout-key=\"-6t+ed+2i-1n-4w\"\r\n     data-ad-client=\"ca-pub-1959107119989764\"\r\n     data-ad-slot=\"4008251320\"><\/ins>\r\n<script>\r\n     (adsbygoogle = window.adsbygoogle || []).push({});\r\n<\/script><\/div>\nHa a javaslatot elfogadj\u00e1k, azzal k\u00e9ts\u00e9gtelen\u00fcl r\u00e9gi \u00e9s fontos ad\u00f3ss\u00e1got t\u00f6rleszt a jogalkot\u00f3. R\u00e9g\u00f3ta \u00e1ldatlan \u00e1llapotokat okoz az, hogy a magyar elad\u00f3knak olyan \u00e9rt\u00e9kes\u00edt\u00e9s\u00fck ut\u00e1n is be kell fizetni\u00fck az \u00e1f\u00e1t, amit a vev\u0151j\u00fck soha nem t\u00e9r\u00edt meg. Ez sokszor furcsa \u00e9s kev\u00e9ss\u00e9 jogszer\u0171 megold\u00e1sokra sarkallta a c\u00e9geket, p\u00e9ld\u00e1ul arra, hogy val\u00f3s, teljes\u00edtett \u00e9rt\u00e9kes\u00edt\u00e9seikr\u0151l sz\u00f3l\u00f3 sz\u00e1ml\u00e1ikat is lesztorn\u00f3zz\u00e1k, csak az\u00e9rt, hogy ne kelljen egy soha meg nem t\u00e9r\u00fcl\u0151 \u00e1f\u00e1t befizetni\u00fck.<\/p>\n<p>A most ter\u00edt\u00e9kre ker\u00fclt javaslat ebben gy\u00f6keres v\u00e1ltoz\u00e1st hozna. Az ugyanis megengedn\u00e9 a j\u00f3hiszem\u0171 \u00e9rt\u00e9kes\u00edt\u0151knek, hogy sz\u00e1mtalan formai \u00e9s adminisztrat\u00edv felt\u00e9tel teljes\u00edt\u00e9se eset\u00e9n visszak\u00e9rj\u00e9k a behajthatatlann\u00e1 v\u00e1l\u00f3 k\u00f6vetel\u00e9seikre jut\u00f3 \u00e1f\u00e1t. Az \u00faj rendelkez\u00e9sre hivatkoz\u00e1ssal, ha arra a Parlament is \u00e1ld\u00e1s\u00e1t adja, 2020. janu\u00e1r 1-j\u00e9t\u0151l k\u00e9rhetn\u00e9k vissza az \u00e1f\u00e1t a c\u00e9gek.<\/p>\n<p><strong>A buktat\u00f3k <\/strong><\/p>\n<p>A tervezett rendelkez\u00e9s ugyanakkor rejt buktat\u00f3kat. Egyr\u00e9szt a visszat\u00e9r\u00edt\u00e9snek sok olyan adminisztrat\u00edv felt\u00e9tele lesz, amelyek jelent\u0151sen megnehez\u00edthetik az \u00e1fa t\u00e9nyleges visszak\u00e9r\u00e9s\u00e9t. R\u00e1ad\u00e1sul Ugyanakkor a javaslat szerint csak olyan \u00e9rt\u00e9kes\u00edt\u00e9s \u00e1f\u00e1ja lesz visszak\u00e9rhet\u0151, amelyet 2016-ban, vagy azt k\u00f6vet\u0151en teljes\u00edtettek. Magyar\u00e1n t\u00f6bb el nem \u00e9v\u00fclt \u00fcgylet \u00e1f\u00e1ja sem lesz visszak\u00e9rhet\u0151, amely szint\u00e9n megk\u00e9rd\u0151jelezhet\u0151 korl\u00e1toz\u00e1snak t\u0171nik. \u00c9ppen ez\u00e9rt azoknak, akiknek a k\u00f6vetel\u00e9se kor\u00e1bbr\u00f3l dat\u00e1l\u00f3dik, vagy akik egy\u00e9b okok miatt nem tudj\u00e1k, vagy nem akarj\u00e1k teljes\u00edteni a most bevezetend\u0151 adminisztrat\u00edv felt\u00e9teleket, tov\u00e1bbra is \u00e9rdemes lehet elgondolkodniuk azon, hogy a visszaig\u00e9nyl\u00e9st k\u00f6zvetlen\u00fcl az uni\u00f3s jog alapj\u00e1n kezdem\u00e9nyezz\u00e9k.<\/p>\n<p>dr. Feh\u00e9r Tam\u00e1s, \u00fcgyv\u00e9d, partner, ad\u00f3tan\u00e1csad\u00f3<br \/>\nJalsovszky \u00dcgyv\u00e9di Iroda<\/p>\n","protected":false},"excerpt":{"rendered":"<p>Egy ideje egy\u00e9rtelm\u0171, hogy Magyarorsz\u00e1g uni\u00f3s jogot s\u00e9rt azzal, hogy nem engedi a behajthatatlan k\u00f6vetel\u00e9sek \u00e1f\u00e1j\u00e1nak visszat\u00e9r\u00edt\u00e9s\u00e9t. Az pedig, hogy imm\u00e1r magyar ad\u00f3z\u00f3k \u00fcgye is az Eur\u00f3pai Uni\u00f3 B\u00edr\u00f3s\u00e1ga (EUB) el\u00e9 ker\u00fclt, l\u00e9p\u00e9sk\u00e9nyszerbe hozta a magyar jogalkot\u00f3t. A tegnap beterjesztett ad\u00f3csomag megadn\u00e1 ugyan a lehet\u0151s\u00e9get az \u00e1fa visszak\u00e9r\u00e9s\u00e9re, azonban \u2013 a bevezetni k\u00edv\u00e1nt adminisztrat\u00edv korl\u00e1toz\u00e1sok &#8230;<\/p>\n","protected":false},"author":1,"featured_media":0,"comment_status":"closed","ping_status":"open","sticky":false,"template":"","format":"standard","meta":[],"categories":[19],"tags":[],"_links":{"self":[{"href":"https:\/\/gazdasagportal.hu\/index.php\/wp-json\/wp\/v2\/posts\/116616"}],"collection":[{"href":"https:\/\/gazdasagportal.hu\/index.php\/wp-json\/wp\/v2\/posts"}],"about":[{"href":"https:\/\/gazdasagportal.hu\/index.php\/wp-json\/wp\/v2\/types\/post"}],"author":[{"embeddable":true,"href":"https:\/\/gazdasagportal.hu\/index.php\/wp-json\/wp\/v2\/users\/1"}],"replies":[{"embeddable":true,"href":"https:\/\/gazdasagportal.hu\/index.php\/wp-json\/wp\/v2\/comments?post=116616"}],"version-history":[{"count":2,"href":"https:\/\/gazdasagportal.hu\/index.php\/wp-json\/wp\/v2\/posts\/116616\/revisions"}],"predecessor-version":[{"id":116620,"href":"https:\/\/gazdasagportal.hu\/index.php\/wp-json\/wp\/v2\/posts\/116616\/revisions\/116620"}],"wp:attachment":[{"href":"https:\/\/gazdasagportal.hu\/index.php\/wp-json\/wp\/v2\/media?parent=116616"}],"wp:term":[{"taxonomy":"category","embeddable":true,"href":"https:\/\/gazdasagportal.hu\/index.php\/wp-json\/wp\/v2\/categories?post=116616"},{"taxonomy":"post_tag","embeddable":true,"href":"https:\/\/gazdasagportal.hu\/index.php\/wp-json\/wp\/v2\/tags?post=116616"}],"curies":[{"name":"wp","href":"https:\/\/api.w.org\/{rel}","templated":true}]}}