{"id":116522,"date":"2019-06-01T16:19:52","date_gmt":"2019-06-01T14:19:52","guid":{"rendered":"http:\/\/gazdasagportal.hu\/?p=116522"},"modified":"2019-05-31T15:21:17","modified_gmt":"2019-05-31T13:21:17","slug":"valoszinutlen-hogy-elorelepes-kovetkezzen-be-a-kinai-amerikai-kereskedelmi-haboruban-a-ket-elnok-talalkozojan","status":"publish","type":"post","link":"https:\/\/gazdasagportal.hu\/index.php\/valoszinutlen-hogy-elorelepes-kovetkezzen-be-a-kinai-amerikai-kereskedelmi-haboruban-a-ket-elnok-talalkozojan\/","title":{"rendered":"Val\u00f3sz\u00edn\u0171tlen, hogy el\u0151rel\u00e9p\u00e9s k\u00f6vetkezzen be a k\u00ednai-amerikai kereskedelmi h\u00e1bor\u00faban a k\u00e9t eln\u00f6k tal\u00e1lkoz\u00f3j\u00e1n"},"content":{"rendered":"<p><strong>Nem tart val\u00f3sz\u00edn\u0171nek komoly el\u0151rel\u00e9p\u00e9st az Egyes\u00fclt \u00c1llamok \u00e9s K\u00edna kereskedelmi konfliktus\u00e1ban a k\u00ednai k\u00f6zponti bank kor\u00e1bbi vezet\u0151je, aki egy nappal azel\u0151tt besz\u00e9lt err\u0151l, hogy \u00e9rv\u00e9nybe l\u00e9pnek az amerikai importcikkekre kivetett megemelt p\u00f3tv\u00e1mok &#8211; der\u00fclt ki a South China Morning Post hongkongi lap p\u00e9nteken k\u00f6zz\u00e9tett besz\u00e1mol\u00f3j\u00e1b\u00f3l. <\/strong><!--more--><\/p>\n<p>    Taj Hsziang-lung volt jegybankeln\u00f6k egy, a k\u00ednai-amerikai technol\u00f3giai fejl\u0151d\u00e9sr\u0151l sz\u00f3l\u00f3 szemin\u00e1riumon p\u00e9nteken tartott besz\u00e9d\u00e9ben val\u00f3sz\u00edn\u0171tlennek nevezte, hogy \u00e1tt\u00f6r\u00e9s k\u00f6vetkezzen be az amerikai-k\u00ednai kereskedelmi h\u00e1bor\u00faban, amikor a k\u00e9t eln\u00f6k a j\u00f6v\u0151 h\u00f3napban Jap\u00e1nban tal\u00e1lkozik egym\u00e1ssal a G20-as orsz\u00e1gcsoport cs\u00facs\u00e9rtekezlet\u00e9n.<br \/>\n    Hangs\u00falyozta, nincs konkr\u00e9t tudom\u00e1sa arr\u00f3l, hogy val\u00f3ban k\u00e9toldal\u00fa t\u00e1rgyal\u00e1st is szerveztek Donald Trump amerikai \u00e9s Hszi Csin-ping k\u00ednai eln\u00f6k k\u00f6z\u00f6tt. Egyel\u0151re csak az amerikai f\u00e9l er\u0151s\u00edtette meg, hogy lesz ilyen tal\u00e1lkoz\u00f3.<br \/>\n    Taj, aki 1995 \u00e9s 2002 k\u00f6z\u00f6tt \u00e1llt a k\u00ednai jegybank \u00e9l\u00e9n, jelenleg pedig egy, nemzetk\u00f6zi gazdas\u00e1gi kapcsolatokkal foglalkoz\u00f3 pekingi agytr\u00f6szt aleln\u00f6ke, azzal indokolta a fordulattal kapcsolatos k\u00e9telyeit, hogy az amerikai f\u00e9lnek nagyon neh\u00e9z lenne hat\u00e9konyan \u00e9s szisztematikusan korrig\u00e1lni a Trump eln\u00f6k \u00e1ltal el\u0151id\u00e9zett probl\u00e9m\u00e1kat.<br \/>\n<div class=\"ads-in-post2\"><script async src=\"https:\/\/pagead2.googlesyndication.com\/pagead\/js\/adsbygoogle.js\"><\/script>\r\n<ins class=\"adsbygoogle\"\r\n     style=\"display:block\"\r\n     data-ad-format=\"fluid\"\r\n     data-ad-layout-key=\"-6t+ed+2i-1n-4w\"\r\n     data-ad-client=\"ca-pub-1959107119989764\"\r\n     data-ad-slot=\"4008251320\"><\/ins>\r\n<script>\r\n     (adsbygoogle = window.adsbygoogle || []).push({});\r\n<\/script><\/div>\n    Kuo Su-csing, a k\u00ednai bankokat \u00e9s biztos\u00edt\u00f3kat ellen\u0151rz\u0151 bizotts\u00e1g eln\u00f6ke egy, a CCTV k\u00ednai \u00e1llami telev\u00edzi\u00f3nak adott interj\u00faban azt mondta, hogy az amerikai p\u00f3tv\u00e1mok csup\u00e1n kis m\u00e9rt\u00e9kben voltak hat\u00e1ssal K\u00edn\u00e1ra. Kuo hozz\u00e1tette: Peking b\u00e1rmilyen k\u00f6vetkezm\u00e9nnyel k\u00e9pes megbirk\u00f3zni.<br \/>\n    Ehhez hasonl\u00f3 hangv\u00e9tel\u0171 nyilatkozatok jellemzik a k\u00ednai f\u00e9l kommunik\u00e1ci\u00f3j\u00e1t a kialakult helyzettel kapcsolatban. Mind a hivatali szerepl\u0151k, mind pedig a k\u00ednai \u00e1llami sajt\u00f3 azt az \u00fczenetet k\u00f6zvet\u00edtik, hogy a k\u00ednai f\u00e9l a k\u00f6lcs\u00f6n\u00f6s tisztelet alapj\u00e1n k\u00edv\u00e1nja folytatni a t\u00e1rgyal\u00e1sokat, de amennyiben Washington szankci\u00f3kkal igyekszik nyom\u00e1st gyakorolni, \u00e9s figyelmen k\u00edv\u00fcl hagyja K\u00edna \u00e9rdekeit, \u00fagy Peking sem retten vissza az ellencsap\u00e1sokt\u00f3l.<br \/>\n    Az amerikai-k\u00ednai kereskedelmi t\u00e1rgyal\u00e1sok a m\u00falt h\u00f3napban megtorpantak annak nyom\u00e1n, hogy az amerikai f\u00e9l szerint Peking visszal\u00e9pett az el\u0151k\u00e9sz\u00edt\u00e9s alatt \u00e1ll\u00f3 meg\u00e1llapod\u00e1s egyes pontjait illet\u0151en, melyeket kor\u00e1bban m\u00e1r elfogadott. Donald Trump amerikai eln\u00f6k erre v\u00e1laszul megemelte a 200 milli\u00e1rd doll\u00e1r \u00e9rt\u00e9k\u0171 k\u00ednai importcikkre vonatkoz\u00f3 p\u00f3tv\u00e1mokat, Peking pedig v\u00e1laszl\u00e9p\u00e9seket \u00edg\u00e9rt, \u00e9s r\u00f6videsen szint\u00e9n megemelt 60 milli\u00e1rd doll\u00e1r \u00e9rt\u00e9k\u0171 amerikai \u00e1rucikkre vonatkoz\u00f3 p\u00f3tv\u00e1mokat.<br \/>\n    A k\u00ednai vezet\u00e9s a h\u00e9ten ugyanakkor azt is kil\u00e1t\u00e1sba helyezte, hogy korl\u00e1tozni fogja az els\u0151sorban elektronikai \u00e9s katonai eszk\u00f6z\u00f6k gy\u00e1rt\u00e1s\u00e1hoz haszn\u00e1lt ritkaf\u00f6ldf\u00e9mek exportj\u00e1t, amelyet a k\u00ednai \u00e1llami sajt\u00f3 egy\u00e9rtelm\u0171en az amerikai szankci\u00f3k elleni v\u00e1laszl\u00e9p\u00e9sk\u00e9nt t\u00e1lalt.(MTI)<\/p>\n","protected":false},"excerpt":{"rendered":"<p>Nem tart val\u00f3sz\u00edn\u0171nek komoly el\u0151rel\u00e9p\u00e9st az Egyes\u00fclt \u00c1llamok \u00e9s K\u00edna kereskedelmi konfliktus\u00e1ban a k\u00ednai k\u00f6zponti bank kor\u00e1bbi vezet\u0151je, aki egy nappal azel\u0151tt besz\u00e9lt err\u0151l, hogy \u00e9rv\u00e9nybe l\u00e9pnek az amerikai importcikkekre kivetett megemelt p\u00f3tv\u00e1mok &#8211; der\u00fclt ki a South China Morning Post hongkongi lap p\u00e9nteken k\u00f6zz\u00e9tett besz\u00e1mol\u00f3j\u00e1b\u00f3l.<\/p>\n","protected":false},"author":1,"featured_media":0,"comment_status":"closed","ping_status":"open","sticky":false,"template":"","format":"standard","meta":[],"categories":[246],"tags":[],"_links":{"self":[{"href":"https:\/\/gazdasagportal.hu\/index.php\/wp-json\/wp\/v2\/posts\/116522"}],"collection":[{"href":"https:\/\/gazdasagportal.hu\/index.php\/wp-json\/wp\/v2\/posts"}],"about":[{"href":"https:\/\/gazdasagportal.hu\/index.php\/wp-json\/wp\/v2\/types\/post"}],"author":[{"embeddable":true,"href":"https:\/\/gazdasagportal.hu\/index.php\/wp-json\/wp\/v2\/users\/1"}],"replies":[{"embeddable":true,"href":"https:\/\/gazdasagportal.hu\/index.php\/wp-json\/wp\/v2\/comments?post=116522"}],"version-history":[{"count":1,"href":"https:\/\/gazdasagportal.hu\/index.php\/wp-json\/wp\/v2\/posts\/116522\/revisions"}],"predecessor-version":[{"id":116523,"href":"https:\/\/gazdasagportal.hu\/index.php\/wp-json\/wp\/v2\/posts\/116522\/revisions\/116523"}],"wp:attachment":[{"href":"https:\/\/gazdasagportal.hu\/index.php\/wp-json\/wp\/v2\/media?parent=116522"}],"wp:term":[{"taxonomy":"category","embeddable":true,"href":"https:\/\/gazdasagportal.hu\/index.php\/wp-json\/wp\/v2\/categories?post=116522"},{"taxonomy":"post_tag","embeddable":true,"href":"https:\/\/gazdasagportal.hu\/index.php\/wp-json\/wp\/v2\/tags?post=116522"}],"curies":[{"name":"wp","href":"https:\/\/api.w.org\/{rel}","templated":true}]}}