{"id":116514,"date":"2019-06-01T14:09:54","date_gmt":"2019-06-01T12:09:54","guid":{"rendered":"http:\/\/gazdasagportal.hu\/?p=116514"},"modified":"2019-05-31T14:13:54","modified_gmt":"2019-05-31T12:13:54","slug":"pompeo-berlinben-a-huawei-kozremukodesevel-nem-lehet-megbizhato-halozatot-epiteni","status":"publish","type":"post","link":"https:\/\/gazdasagportal.hu\/index.php\/pompeo-berlinben-a-huawei-kozremukodesevel-nem-lehet-megbizhato-halozatot-epiteni\/","title":{"rendered":"Pompeo Berlinben: a Huawei k\u00f6zrem\u0171k\u00f6d\u00e9s\u00e9vel nem lehet megb\u00edzhat\u00f3 h\u00e1l\u00f3zatot \u00e9p\u00edteni"},"content":{"rendered":"<p><strong>A k\u00ednai Huawei r\u00e9szv\u00e9tel\u00e9vel nem lehet megb\u00edzhat\u00f3 \u00fajgener\u00e1ci\u00f3s (5G) t\u00e1vk\u00f6zl\u00e9si h\u00e1l\u00f3zatokat ki\u00e9p\u00edteni, \u00e9s az Egyes\u00fclt \u00c1llamok korm\u00e1nya nem engedheti meg, hogy \u00e1llampolg\u00e1rainak mag\u00e1njelleg\u0171 adatai vagy biztons\u00e1gi szempontb\u00f3l fontos inform\u00e1ci\u00f3k megb\u00edzhatatlan h\u00e1l\u00f3zatokon kereszt\u00fcl \u00e1ramoljanak &#8211; figyelmeztetett Mike Pompeo amerikai k\u00fcl\u00fcgyminiszter p\u00e9nteken Berlinben.<\/strong><!--more--><\/p>\n<div class=\"ads-in-post1\"><div id=\"gazdasagportal.hu_fullbanner_wideboard\"><\/div>\r\n<\/div>\n<p>    Heiko Maas n\u00e9met k\u00fcl\u00fcgyminiszterrel folytatott megbesz\u00e9l\u00e9se ut\u00e1n hangs\u00falyozta, gondoskodni kell arr\u00f3l, hogy az amerikai inform\u00e1ci\u00f3k &#8222;ne a k\u00ednai kommunista p\u00e1rtn\u00e1l k\u00f6ssenek ki&#8221;.<br \/>\n    Minden orsz\u00e1g &#8222;szuver\u00e9n d\u00f6nt\u00e9se&#8221;, hogy egy\u00fcttm\u0171k\u00f6dik-e a Huaweijel, de mindenkinek meg kell fontolnia, hogy Washington meg\u00edt\u00e9l\u00e9se szerint ez kezelhetetlen kock\u00e1zatokhoz vezetne &#8211; mondta Mike Pompeo, hozz\u00e1t\u00e9ve, hogy K\u00edna fenyegeti az Egyes\u00fclt \u00c1llamok, Eur\u00f3pa \u00e9s valamennyi nyugati demokr\u00e1cia biztons\u00e1g\u00e1t.<br \/>\n    Az amerikai diplom\u00e1cia tavaly \u00e1prilisban kinevezett vezet\u0151je el\u0151sz\u00f6r j\u00e1rt a n\u00e9met f\u0151v\u00e1rosban. A bemutatkoz\u00f3 l\u00e1togat\u00e1st m\u00e1jus elej\u00e9re tervezt\u00e9k, de Mike Pompeo szinte az utols\u00f3 pillanatban, a vizit napj\u00e1n lemondta, az Ir\u00e1n k\u00f6r\u00fcli fesz\u00fclts\u00e9gekre hivatkozva.<br \/>\n    Az amerikai k\u00fcl\u00fcgyminiszter p\u00e9nteken megbesz\u00e9l\u00e9st folytatott Angela Merkel kancell\u00e1rral is. A tal\u00e1lkoz\u00f3 el\u0151tt tett nyilatkozat\u00e1ban kiemelte, hogy N\u00e9metorsz\u00e1g &#8222;fontos sz\u00f6vets\u00e9ges \u00e9s partner&#8221; az Egyes\u00fclt \u00c1llamok sz\u00e1m\u00e1ra.<br \/>\n<div class=\"ads-in-post2\"><script async src=\"https:\/\/pagead2.googlesyndication.com\/pagead\/js\/adsbygoogle.js\"><\/script>\r\n<ins class=\"adsbygoogle\"\r\n     style=\"display:block\"\r\n     data-ad-format=\"fluid\"\r\n     data-ad-layout-key=\"-6t+ed+2i-1n-4w\"\r\n     data-ad-client=\"ca-pub-1959107119989764\"\r\n     data-ad-slot=\"4008251320\"><\/ins>\r\n<script>\r\n     (adsbygoogle = window.adsbygoogle || []).push({});\r\n<\/script><\/div>\n    A kancell\u00e1r azt mondta, hogy az Egyes\u00fclt \u00c1llamok N\u00e9metorsz\u00e1g legfontosabb Eur\u00f3p\u00e1n k\u00edv\u00fcli partnere, \u00e9s az is marad. Hozz\u00e1tette, hogy egy sor k\u00e9rd\u00e9st meg kell t\u00e1rgyalniuk, legf\u0151k\u00e9ppen az ir\u00e1ni, az afganiszt\u00e1ni, a sz\u00edriai \u00e9s a l\u00edbiai helyzetet, valamint az Oroszorsz\u00e1ggal \u00e9s Ukrajn\u00e1val kapcsolatos n\u00e9met-amerikai egy\u00fcttm\u0171k\u00f6d\u00e9st.<br \/>\n    R\u00f6vid sajt\u00f3nyilatkozatukban Mike Pompeo \u00e9s Angela Merkel sem t\u00e9rt ki a r\u00e9szletekre. A n\u00e9met k\u00fcl\u00fcgyminiszterrel tartott t\u00e1rgyal\u00e1s ut\u00e1ni sajt\u00f3t\u00e1j\u00e9koztat\u00f3n viszont mindk\u00e9t f\u00e9l kifejtette \u00e1ll\u00e1spontj\u00e1t, amelyek szavaik alapj\u00e1n nem v\u00e1ltoztak az ut\u00f3bbi h\u00f3napokhoz k\u00e9pest, az amerikai \u00e9s a n\u00e9met korm\u00e1ny viszonya \u00edgy tov\u00e1bbra is h\u0171v\u00f6s, \u00e9s sz\u00e1mos \u00fcgyben a n\u00e9zetelt\u00e9r\u00e9sek a jellemz\u0151ek.<br \/>\n    \u00cdgy p\u00e9ld\u00e1ul a Huaweijel kapcsolatban Heiko Maas vil\u00e1goss\u00e1 tette, hogy a berlini vezet\u00e9s nem k\u00edv\u00e1nja eleve kiz\u00e1rni a k\u00ednai v\u00e1llalkoz\u00e1st az 5G-h\u00e1l\u00f3zatok ki\u00e9p\u00edt\u00e9s\u00e9b\u0151l. Mint mondta, a n\u00e9met korm\u00e1ny magas szint\u0171 biztons\u00e1gi k\u00f6vetelm\u00e9nyeket hat\u00e1rozott meg, \u00e9s nem vehetnek r\u00e9szt a fejleszt\u00e9sekben olyan c\u00e9gek, amelyek nem tudj\u00e1k teljes\u00edteni ezeket.<br \/>\n    Ir\u00e1nnal kapcsolatban hangs\u00falyozta: a n\u00e9met \u00e9s az amerikai korm\u00e1ny egyet\u00e9rt abban, hogy Teher\u00e1n nem szerezhet atomfegyvert, de a n\u00e9met \u00e1ll\u00e1spont szerint ezt legink\u00e1bb a perzsa \u00e1llam atomprogramj\u00e1r\u00f3l k\u00f6t\u00f6tt nemzetk\u00f6zi meg\u00e1llapod\u00e1s r\u00e9v\u00e9n lehet biztos\u00edtani, amelyb\u0151l az Egyes\u00fclt \u00c1llamok kil\u00e9pett.(MTI)<\/p>\n","protected":false},"excerpt":{"rendered":"<p>A k\u00ednai Huawei r\u00e9szv\u00e9tel\u00e9vel nem lehet megb\u00edzhat\u00f3 \u00fajgener\u00e1ci\u00f3s (5G) t\u00e1vk\u00f6zl\u00e9si h\u00e1l\u00f3zatokat ki\u00e9p\u00edteni, \u00e9s az Egyes\u00fclt \u00c1llamok korm\u00e1nya nem engedheti meg, hogy \u00e1llampolg\u00e1rainak mag\u00e1njelleg\u0171 adatai vagy biztons\u00e1gi szempontb\u00f3l fontos inform\u00e1ci\u00f3k megb\u00edzhatatlan h\u00e1l\u00f3zatokon kereszt\u00fcl \u00e1ramoljanak &#8211; figyelmeztetett Mike Pompeo amerikai k\u00fcl\u00fcgyminiszter p\u00e9nteken Berlinben.<\/p>\n","protected":false},"author":1,"featured_media":0,"comment_status":"closed","ping_status":"open","sticky":false,"template":"","format":"standard","meta":[],"categories":[246],"tags":[],"_links":{"self":[{"href":"https:\/\/gazdasagportal.hu\/index.php\/wp-json\/wp\/v2\/posts\/116514"}],"collection":[{"href":"https:\/\/gazdasagportal.hu\/index.php\/wp-json\/wp\/v2\/posts"}],"about":[{"href":"https:\/\/gazdasagportal.hu\/index.php\/wp-json\/wp\/v2\/types\/post"}],"author":[{"embeddable":true,"href":"https:\/\/gazdasagportal.hu\/index.php\/wp-json\/wp\/v2\/users\/1"}],"replies":[{"embeddable":true,"href":"https:\/\/gazdasagportal.hu\/index.php\/wp-json\/wp\/v2\/comments?post=116514"}],"version-history":[{"count":1,"href":"https:\/\/gazdasagportal.hu\/index.php\/wp-json\/wp\/v2\/posts\/116514\/revisions"}],"predecessor-version":[{"id":116515,"href":"https:\/\/gazdasagportal.hu\/index.php\/wp-json\/wp\/v2\/posts\/116514\/revisions\/116515"}],"wp:attachment":[{"href":"https:\/\/gazdasagportal.hu\/index.php\/wp-json\/wp\/v2\/media?parent=116514"}],"wp:term":[{"taxonomy":"category","embeddable":true,"href":"https:\/\/gazdasagportal.hu\/index.php\/wp-json\/wp\/v2\/categories?post=116514"},{"taxonomy":"post_tag","embeddable":true,"href":"https:\/\/gazdasagportal.hu\/index.php\/wp-json\/wp\/v2\/tags?post=116514"}],"curies":[{"name":"wp","href":"https:\/\/api.w.org\/{rel}","templated":true}]}}