{"id":116506,"date":"2019-06-01T08:16:42","date_gmt":"2019-06-01T06:16:42","guid":{"rendered":"http:\/\/gazdasagportal.hu\/?p=116506"},"modified":"2019-05-31T12:18:42","modified_gmt":"2019-05-31T10:18:42","slug":"pm-a-magyar-gazdasagi-novekedes-tovabbra-is-a-legmagasabb-az-europai-unioban","status":"publish","type":"post","link":"https:\/\/gazdasagportal.hu\/index.php\/pm-a-magyar-gazdasagi-novekedes-tovabbra-is-a-legmagasabb-az-europai-unioban\/","title":{"rendered":"PM: a magyar gazdas\u00e1gi n\u00f6veked\u00e9s tov\u00e1bbra is a legmagasabb az Eur\u00f3pai Uni\u00f3ban"},"content":{"rendered":"<p><strong>A r\u00e9szletes statisztikai adatok meger\u0151s\u00edtett\u00e9k, hogy az idei els\u0151 negyed\u00e9vben folytat\u00f3dott a magyar gazdas\u00e1g dinamikus n\u00f6veked\u00e9se, ezzel Magyarorsz\u00e1g tov\u00e1bbra is vezet\u0151 helyet foglal el az Eur\u00f3pai Uni\u00f3 tag\u00e1llamai k\u00f6z\u00f6tt &#8211; k\u00f6z\u00f6lte a P\u00e9nz\u00fcgyminiszt\u00e9rium (PM) p\u00e9nteken, a K\u00f6zponti Statisztikai Hivatal (KSH) legfrissebb adatait komment\u00e1lva.<\/strong><!--more--><\/p>\n<div class=\"ads-in-post1\"><div id=\"gazdasagportal.hu_fullbanner_wideboard\"><\/div>\r\n<\/div>\n<p>    A t\u00e1rca hangs\u00falyozta, hogy az el\u0151zetes becsl\u00e9ssel megegyez\u0151en az els\u0151 negyed\u00e9vben 5,3 sz\u00e1zal\u00e9kkal emelkedett a hazai GDP, amelyre az elm\u00falt k\u00e9t \u00e9vtizedben nem volt p\u00e9lda. Mik\u00f6zben az Eur\u00f3pai Uni\u00f3 eg\u00e9sz\u00e9nek n\u00f6veked\u00e9se tov\u00e1bbra is visszafogott, a magyar gazdas\u00e1g teljes\u00edtm\u00e9nye 3,5-szeresen haladta meg a tag\u00e1llamok 1,5 sz\u00e1zal\u00e9kos \u00e1tlag\u00e1t. A magyar adat egyben a r\u00e9gi\u00f3 \u00e9llovas\u00e1nak is sz\u00e1m\u00edt, a lengyel gazdas\u00e1g 4,6, a szlov\u00e1k 3,7, m\u00edg a cseh 2,5 sz\u00e1zal\u00e9kkal b\u0151v\u00fclt a vizsg\u00e1lt id\u0151szakban &#8211; ismertette a PM.<br \/>\n    A magyar n\u00f6veked\u00e9s fele a szolg\u00e1ltat\u00e1si szektorhoz k\u00f6thet\u0151, amelyhez \u00e9rdemben j\u00e1rultak hozz\u00e1 a hat\u00e9ves b\u00e9rmeg\u00e1llapod\u00e1s gazdas\u00e1g\u00e9l\u00e9nk\u00edt\u0151 hat\u00e1sai. A termel\u0151 \u00e1gazatok k\u00f6z\u00fcl az ipar, valamint az \u00e9p\u00edt\u0151ipar teljes\u00edtm\u00e9ny\u00e9t emelte ki a PM, hozz\u00e1t\u00e9ve, hogy ezeket a kisz\u00e1m\u00edthat\u00f3 \u00e9s befektet\u0151bar\u00e1t gazdas\u00e1gi k\u00f6rnyezet mellett a korm\u00e1ny beruh\u00e1z\u00e1s\u00f6szt\u00f6nz\u0151 int\u00e9zked\u00e9sei \u00e9s otthonteremt\u00e9si programja egyar\u00e1nt t\u00e1mogatt\u00e1k.<br \/>\n<div class=\"ads-in-post2\"><script async src=\"https:\/\/pagead2.googlesyndication.com\/pagead\/js\/adsbygoogle.js\"><\/script>\r\n<ins class=\"adsbygoogle\"\r\n     style=\"display:block\"\r\n     data-ad-format=\"fluid\"\r\n     data-ad-layout-key=\"-6t+ed+2i-1n-4w\"\r\n     data-ad-client=\"ca-pub-1959107119989764\"\r\n     data-ad-slot=\"4008251320\"><\/ins>\r\n<script>\r\n     (adsbygoogle = window.adsbygoogle || []).push({});\r\n<\/script><\/div>\n    A t\u00e1rca kit\u00e9rt arra is, hogy az export volumen\u00e9nek 7,7 sz\u00e1zal\u00e9kos emelked\u00e9se meghaladta az import\u00e9t, \u00edgy \u00f6sszess\u00e9g\u00e9ben a k\u00fclkereskedelmi folyamatok is er\u0151s\u00edtett\u00e9k a GDP alakul\u00e1s\u00e1t.<br \/>\n    M\u00e1r 4,5 milli\u00f3 embernek van munk\u00e1ja, a k\u00e9tsz\u00e1mjegy\u0171 keresetn\u00f6veked\u00e9ssel p\u00e1rhuzamosan a re\u00e1lb\u00e9rek 7,6 sz\u00e1zal\u00e9kkal n\u0151ttek az \u00e9v els\u0151 h\u00e1rom h\u00f3napj\u00e1ban. \u00cdgy az Eur\u00f3pai Uni\u00f3 egyik legalacsonyabb szem\u00e9lyi j\u00f6vedelemad\u00f3-kulcs\u00e1nak \u00e9s az id\u00e9n tov\u00e1bb emelkedett ad\u00f3kedvezm\u00e9nynek is k\u00f6sz\u00f6nhet\u0151en t\u00f6bb p\u00e9nz marad a magyar csal\u00e1dokn\u00e1l, ami megmutatkozik a h\u00e1ztart\u00e1sok fogyaszt\u00e1sra ford\u00edtott kiad\u00e1sainak 5,2 sz\u00e1zal\u00e9kos b\u0151v\u00fcl\u00e9s\u00e9ben &#8211; emelte ki k\u00f6zlem\u00e9ny\u00e9ben a PM.<br \/>\n    A t\u00e1rca \u00e9rt\u00e9kel\u00e9se szerint az els\u0151 negyed\u00e9ves n\u00f6veked\u00e9si adat ismeret\u00e9ben 2019 eg\u00e9sz\u00e9re re\u00e1lis a n\u00e9gy sz\u00e1zal\u00e9kot meghalad\u00f3 GDP-b\u0151v\u00fcl\u00e9s.<br \/>\n    Ennek el\u00e9r\u00e9s\u00e9t \u00e9s az eddigi eredm\u00e9nyeket azonban meg kell v\u00e9deni, ugyanis mind az eur\u00f3z\u00f3na, mind a vil\u00e1ggazdas\u00e1g kil\u00e1t\u00e1sait tekintve a lassul\u00e1s jelei mutatkoznak. Ehhez jelentenek garanci\u00e1t a korm\u00e1ny versenyk\u00e9pess\u00e9gi programja mellett a Gazdas\u00e1gv\u00e9delmi akci\u00f3terv int\u00e9zked\u00e9sei &#8211; fogalmazott a PM.(MTI)<\/p>\n","protected":false},"excerpt":{"rendered":"<p>A r\u00e9szletes statisztikai adatok meger\u0151s\u00edtett\u00e9k, hogy az idei els\u0151 negyed\u00e9vben folytat\u00f3dott a magyar gazdas\u00e1g dinamikus n\u00f6veked\u00e9se, ezzel Magyarorsz\u00e1g tov\u00e1bbra is vezet\u0151 helyet foglal el az Eur\u00f3pai Uni\u00f3 tag\u00e1llamai k\u00f6z\u00f6tt &#8211; k\u00f6z\u00f6lte a P\u00e9nz\u00fcgyminiszt\u00e9rium (PM) p\u00e9nteken, a K\u00f6zponti Statisztikai Hivatal (KSH) legfrissebb adatait komment\u00e1lva.<\/p>\n","protected":false},"author":1,"featured_media":0,"comment_status":"closed","ping_status":"open","sticky":false,"template":"","format":"standard","meta":[],"categories":[19],"tags":[],"_links":{"self":[{"href":"https:\/\/gazdasagportal.hu\/index.php\/wp-json\/wp\/v2\/posts\/116506"}],"collection":[{"href":"https:\/\/gazdasagportal.hu\/index.php\/wp-json\/wp\/v2\/posts"}],"about":[{"href":"https:\/\/gazdasagportal.hu\/index.php\/wp-json\/wp\/v2\/types\/post"}],"author":[{"embeddable":true,"href":"https:\/\/gazdasagportal.hu\/index.php\/wp-json\/wp\/v2\/users\/1"}],"replies":[{"embeddable":true,"href":"https:\/\/gazdasagportal.hu\/index.php\/wp-json\/wp\/v2\/comments?post=116506"}],"version-history":[{"count":1,"href":"https:\/\/gazdasagportal.hu\/index.php\/wp-json\/wp\/v2\/posts\/116506\/revisions"}],"predecessor-version":[{"id":116507,"href":"https:\/\/gazdasagportal.hu\/index.php\/wp-json\/wp\/v2\/posts\/116506\/revisions\/116507"}],"wp:attachment":[{"href":"https:\/\/gazdasagportal.hu\/index.php\/wp-json\/wp\/v2\/media?parent=116506"}],"wp:term":[{"taxonomy":"category","embeddable":true,"href":"https:\/\/gazdasagportal.hu\/index.php\/wp-json\/wp\/v2\/categories?post=116506"},{"taxonomy":"post_tag","embeddable":true,"href":"https:\/\/gazdasagportal.hu\/index.php\/wp-json\/wp\/v2\/tags?post=116506"}],"curies":[{"name":"wp","href":"https:\/\/api.w.org\/{rel}","templated":true}]}}