{"id":116484,"date":"2019-05-30T18:24:59","date_gmt":"2019-05-30T16:24:59","guid":{"rendered":"http:\/\/gazdasagportal.hu\/?p=116484"},"modified":"2019-05-30T17:31:12","modified_gmt":"2019-05-30T15:31:12","slug":"a-bdo-magyarorszag-helyesli-az-adorendszer-tervezett-valtozasat-es-tovabbi-lepeseket-surget","status":"publish","type":"post","link":"https:\/\/gazdasagportal.hu\/index.php\/a-bdo-magyarorszag-helyesli-az-adorendszer-tervezett-valtozasat-es-tovabbi-lepeseket-surget\/","title":{"rendered":"A BDO Magyarorsz\u00e1g helyesli az ad\u00f3rendszer tervezett v\u00e1ltoz\u00e1s\u00e1t \u00e9s tov\u00e1bbi l\u00e9p\u00e9seket s\u00fcrget"},"content":{"rendered":"<p><strong>A BDO Magyarorsz\u00e1g \u00fcdv\u00f6zli a gazdas\u00e1gv\u00e9delmi akci\u00f3tervbe foglalt v\u00e1ltoztat\u00e1sokat az ad\u00f3rendszerben, de a versenyk\u00e9pess\u00e9g fenntart\u00e1sa \u00e9rdek\u00e9ben tov\u00e1bbi \u00e1talak\u00edt\u00e1sokat is sz\u00fcks\u00e9gesnek tart az adminisztr\u00e1ci\u00f3 digitaliz\u00e1ci\u00f3j\u00e1nak t\u00e1mogat\u00e1s\u00e1ra, a b\u00e9rekre rak\u00f3d\u00f3 terhek cs\u00f6kkent\u00e9s\u00e9re.<\/strong><!--more--><\/p>\n<div class=\"ads-in-post1\"><div id=\"gazdasagportal.hu_fullbanner_wideboard\"><\/div>\r\n<\/div>\n<p>    Varga Mih\u00e1ly p\u00e9nz\u00fcgyminiszter cs\u00fct\u00f6rt\u00f6k\u00f6n jelentette be, hogy a korm\u00e1ny 13 plusz 1 pontb\u00f3l \u00e1ll\u00f3 gazdas\u00e1gv\u00e9delmi akci\u00f3tervet fogadott el, ennek f\u0151 elemei az ad\u00f3z\u00e1s egyszer\u0171s\u00edt\u00e9se, egyes ad\u00f3k kulcs\u00e1nak m\u00e9rs\u00e9kl\u00e9se, ad\u00f3k \u00f6sszevon\u00e1sa, hogy a magyar gazdas\u00e1g tov\u00e1bbra is lend\u00fcletben maradjon.<br \/>\n    A k\u00f6nyvvizsg\u00e1l\u00f3 \u00e9s tan\u00e1csad\u00f3 c\u00e9g a cs\u00fct\u00f6rt\u00f6ki k\u00f6zlem\u00e9ny\u00e9ben kedvez\u0151nek nevezte a szoci\u00e1lis hozz\u00e1j\u00e1rul\u00e1si ad\u00f3 \u00e9s a kisv\u00e1llalati ad\u00f3 (kiva) cs\u00f6kkent\u00e9s\u00e9t, az egy\u00e9ni j\u00e1rul\u00e9kok \u00f6sszevon\u00e1s\u00e1t.<br \/>\n    A fejleszt\u00e9si ad\u00f3kedvezm\u00e9nyek \u00e9rt\u00e9khat\u00e1rainak cs\u00f6kkent\u00e9se lend\u00fcletet adhat a beruh\u00e1z\u00e1soknak, de az adminisztr\u00e1ci\u00f3s el\u0151\u00edr\u00e1sok k\u00f6lts\u00e9get \u00e9s kock\u00e1zatot is jelenthetnek a kis- \u00e9s k\u00f6zepes v\u00e1llalkoz\u00e1sok sz\u00e1m\u00e1ra &#8211; jegyezt\u00e9k meg.<br \/>\n<div class=\"ads-in-post2\"><script async src=\"https:\/\/pagead2.googlesyndication.com\/pagead\/js\/adsbygoogle.js\"><\/script>\r\n<ins class=\"adsbygoogle\"\r\n     style=\"display:block\"\r\n     data-ad-format=\"fluid\"\r\n     data-ad-layout-key=\"-6t+ed+2i-1n-4w\"\r\n     data-ad-client=\"ca-pub-1959107119989764\"\r\n     data-ad-slot=\"4008251320\"><\/ins>\r\n<script>\r\n     (adsbygoogle = window.adsbygoogle || []).push({});\r\n<\/script><\/div>\n    A sz\u00e1ll\u00e1shely-szolg\u00e1ltat\u00e1sok \u00e1f\u00e1j\u00e1nak cs\u00f6kkent\u00e9se el\u0151ny\u00f6s, de a 4 sz\u00e1zal\u00e9kos turizmusfejleszt\u00e9si hozz\u00e1j\u00e1rul\u00e1st az \u00fczleti turizmus nem, csak a mag\u00e1nszem\u00e9lyeknek j\u00e1r\u00f3 szolg\u00e1ltat\u00e1sok tudj\u00e1k az \u00e1fanyeres\u00e9ggel ellens\u00falyozni v\u00e1ltozatlan brutt\u00f3 \u00e1rak mellett &#8211; \u00edrt\u00e1k.<br \/>\n    Hi\u00e1nyolj\u00e1k, hogy m\u00e9g nem tudni, a v\u00e1llalkoz\u00e1sok \u00e9v v\u00e9gi ad\u00f3felt\u00f6lt\u00e9si k\u00f6telezetts\u00e9g\u00e9t egy vagy t\u00f6bb l\u00e9p\u00e9sben vezetik-e ki.<br \/>\n    A BDO Magyarorsz\u00e1g javasolja a szoci\u00e1lis hozz\u00e1j\u00e1rul\u00e1si ad\u00f3 \u00e9s a szakk\u00e9pz\u00e9si hozz\u00e1j\u00e1rul\u00e1s \u00f6sszevon\u00e1s\u00e1t, \u00e9s megker\u00fclhetetlennek l\u00e1tja a kisv\u00e1llalkoz\u00f3k t\u00e9teles ad\u00f3j\u00e1nak emel\u00e9s\u00e9t &#8211; der\u00fcl ki a k\u00f6zlem\u00e9nyb\u0151l.(MTI)<\/p>\n","protected":false},"excerpt":{"rendered":"<p>A BDO Magyarorsz\u00e1g \u00fcdv\u00f6zli a gazdas\u00e1gv\u00e9delmi akci\u00f3tervbe foglalt v\u00e1ltoztat\u00e1sokat az ad\u00f3rendszerben, de a versenyk\u00e9pess\u00e9g fenntart\u00e1sa \u00e9rdek\u00e9ben tov\u00e1bbi \u00e1talak\u00edt\u00e1sokat is sz\u00fcks\u00e9gesnek tart az adminisztr\u00e1ci\u00f3 digitaliz\u00e1ci\u00f3j\u00e1nak t\u00e1mogat\u00e1s\u00e1ra, a b\u00e9rekre rak\u00f3d\u00f3 terhek cs\u00f6kkent\u00e9s\u00e9re.<\/p>\n","protected":false},"author":1,"featured_media":0,"comment_status":"closed","ping_status":"open","sticky":false,"template":"","format":"standard","meta":[],"categories":[20,4],"tags":[],"_links":{"self":[{"href":"https:\/\/gazdasagportal.hu\/index.php\/wp-json\/wp\/v2\/posts\/116484"}],"collection":[{"href":"https:\/\/gazdasagportal.hu\/index.php\/wp-json\/wp\/v2\/posts"}],"about":[{"href":"https:\/\/gazdasagportal.hu\/index.php\/wp-json\/wp\/v2\/types\/post"}],"author":[{"embeddable":true,"href":"https:\/\/gazdasagportal.hu\/index.php\/wp-json\/wp\/v2\/users\/1"}],"replies":[{"embeddable":true,"href":"https:\/\/gazdasagportal.hu\/index.php\/wp-json\/wp\/v2\/comments?post=116484"}],"version-history":[{"count":1,"href":"https:\/\/gazdasagportal.hu\/index.php\/wp-json\/wp\/v2\/posts\/116484\/revisions"}],"predecessor-version":[{"id":116485,"href":"https:\/\/gazdasagportal.hu\/index.php\/wp-json\/wp\/v2\/posts\/116484\/revisions\/116485"}],"wp:attachment":[{"href":"https:\/\/gazdasagportal.hu\/index.php\/wp-json\/wp\/v2\/media?parent=116484"}],"wp:term":[{"taxonomy":"category","embeddable":true,"href":"https:\/\/gazdasagportal.hu\/index.php\/wp-json\/wp\/v2\/categories?post=116484"},{"taxonomy":"post_tag","embeddable":true,"href":"https:\/\/gazdasagportal.hu\/index.php\/wp-json\/wp\/v2\/tags?post=116484"}],"curies":[{"name":"wp","href":"https:\/\/api.w.org\/{rel}","templated":true}]}}