{"id":116474,"date":"2019-05-30T17:16:04","date_gmt":"2019-05-30T15:16:04","guid":{"rendered":"http:\/\/gazdasagportal.hu\/?p=116474"},"modified":"2019-05-30T17:16:04","modified_gmt":"2019-05-30T15:16:04","slug":"csokkent-a-folyamatban-levo-lakasertekesitesek-szama-az-egyesult-allamokban-aprilisban","status":"publish","type":"post","link":"https:\/\/gazdasagportal.hu\/index.php\/csokkent-a-folyamatban-levo-lakasertekesitesek-szama-az-egyesult-allamokban-aprilisban\/","title":{"rendered":"Cs\u00f6kkent a folyamatban l\u00e9v\u0151 lak\u00e1s\u00e9rt\u00e9kes\u00edt\u00e9sek sz\u00e1ma az Egyes\u00fclt \u00c1llamokban \u00e1prilisban"},"content":{"rendered":"<p><strong>Cs\u00f6kkent a folyamatban l\u00e9v\u0151 haszn\u00e1ltlak\u00e1s-\u00e9rt\u00e9kes\u00edt\u00e9sek sz\u00e1ma az Egyes\u00fclt \u00c1llamokban \u00e1prilisban. <\/strong><!--more--><\/p>\n<div class=\"ads-in-post1\"><div id=\"gazdasagportal.hu_fullbanner_wideboard\"><\/div>\r\n<\/div>\n<p>    Az amerikai ingatlanforgalmaz\u00f3k sz\u00f6vets\u00e9ge (NAR) cs\u00fct\u00f6rt\u00f6k\u00f6n k\u00f6z\u00f6lte, hogy az al\u00e1\u00edrt szerz\u0151d\u00e9sek sz\u00e1m\u00e1ra alapozott index \u00e9rt\u00e9ke 1,5 sz\u00e1zal\u00e9kkal 104,3 pontra esett a m\u00e1rciusi 105,9 pontr\u00f3l.<br \/>\n    Tavaly \u00e1prilishoz k\u00e9pest ez 2,0 sz\u00e1zal\u00e9kos cs\u00f6kken\u00e9st jelent, egy \u00e9ve m\u00e9g 106,4 ponton \u00e1llt az index \u00e9rt\u00e9ke. M\u00e1r a 16. egym\u00e1st k\u00f6vet\u0151 h\u00f3napban cs\u00f6kkent az index \u00e9rt\u00e9ke \u00e9ves \u00f6sszehasonl\u00edt\u00e1sban.<br \/>\n    Elemz\u0151k havi szinten 0,9 sz\u00e1zal\u00e9kos emelked\u00e9st v\u00e1rtak a m\u00e1rciusi 3,9 sz\u00e1zal\u00e9kos n\u00f6veked\u00e9s ut\u00e1n, \u00e9ves \u00f6sszevet\u00e9sben pedig 3,2 sz\u00e1zal\u00e9kos cs\u00f6kken\u00e9sre sz\u00e1m\u00edtottak az el\u0151z\u0151 havi 1,2 sz\u00e1zal\u00e9kos visszaes\u00e9s ut\u00e1n.<br \/>\n     A NAR minden h\u00f3napban k\u00f6zz\u00e9teszi a folyamatban lev\u0151 lak\u00e1s\u00e9rt\u00e9kes\u00edt\u00e9sek statisztik\u00e1j\u00e1t, amely a haszn\u00e1lt lak\u00e1sokra k\u00f6t\u00f6tt ad\u00e1sv\u00e9teli szerz\u0151d\u00e9sek sz\u00e1m\u00e1t mutatja. A t\u00e9nyleges ad\u00e1sv\u00e9tel \u00e1ltal\u00e1ban egy-k\u00e9t h\u00f3nappal k\u00f6veti a szerz\u0151d\u00e9sk\u00f6t\u00e9st.<br \/>\n<div class=\"ads-in-post2\"><script async src=\"https:\/\/pagead2.googlesyndication.com\/pagead\/js\/adsbygoogle.js\"><\/script>\r\n<ins class=\"adsbygoogle\"\r\n     style=\"display:block\"\r\n     data-ad-format=\"fluid\"\r\n     data-ad-layout-key=\"-6t+ed+2i-1n-4w\"\r\n     data-ad-client=\"ca-pub-1959107119989764\"\r\n     data-ad-slot=\"4008251320\"><\/ins>\r\n<script>\r\n     (adsbygoogle = window.adsbygoogle || []).push({});\r\n<\/script><\/div>\n    Lawrence Yun, a NAR vezet\u0151 k\u00f6zgazd\u00e1sza az adatokat komment\u00e1lva r\u00e1mutatott, hogy nem agg\u00f3dik a cs\u00f6kken\u0151 sz\u00e1mok miatt, mivel az \u00e9rt\u00e9kes\u00edt\u00e9sben m\u00e9g nem jelent meg olyan, a v\u00e1s\u00e1rl\u00e1si kedvet n\u00f6vel\u0151 t\u00e9nyez\u0151k hat\u00e1sa, mint p\u00e9ld\u00e1ul a jelz\u00e1loghitelek kamat\u00e1nak cs\u00f6kken\u00e9se. &#8222;B\u00e1r az el\u0151z\u0151 h\u00f3nap adatai az al\u00e1\u00edrt szerz\u0151d\u00e9sek sz\u00e1m\u00e1nak enyhe cs\u00f6kken\u00e9s\u00e9t mutatj\u00e1k, a jelz\u00e1loghitel-k\u00e9relmek \u00e9s a fogyaszt\u00f3i bizalom stabilan n\u0151tt. A k\u00f6vetkez\u0151 h\u00f3napokban mindenk\u00e9ppen emelkedni fog a lak\u00e1s\u00e9rt\u00e9kes\u00edt\u00e9sek sz\u00e1ma&#8221; &#8211; mondta.<br \/>\n    A 30 \u00e9ves jelz\u00e1loghitelek \u00e1tlagkamata novemberben 5 sz\u00e1zal\u00e9k f\u00f6l\u00e9 emelkedett, majd decemberben cs\u00f6kken\u00e9snek indult, \u00e9s febru\u00e1rban 4,5 sz\u00e1zal\u00e9k, m\u00e1rciusban pedig m\u00e1r csak 4 sz\u00e1zal\u00e9k k\u00f6r\u00fcl mozgott.<br \/>\n    Az amerikai jelz\u00e1logk\u00f6lcs\u00f6nz\u00e9st finansz\u00edroz\u00f3 orsz\u00e1gos int\u00e9zm\u00e9ny, a Freddie Mac cs\u00fct\u00f6rt\u00f6k\u00f6n k\u00f6z\u00f6lte, hogy a 30 \u00e9ves lej\u00e1rat\u00fa fix kamatoz\u00e1s\u00fa jelz\u00e1loghitelek \u00e1tlagos kamata 3,99 sz\u00e1zal\u00e9kra, 16 havi m\u00e9lypontra, cs\u00f6kkent m\u00e1jus utols\u00f3 het\u00e9ben, a 15 \u00e9ves hitelek\u00e9 pedig \u00f6t b\u00e1zisponttal 3,46 sz\u00e1zal\u00e9kra m\u00e9rs\u00e9kl\u0151d\u00f6tt.(MTI)<\/p>\n","protected":false},"excerpt":{"rendered":"<p>Cs\u00f6kkent a folyamatban l\u00e9v\u0151 haszn\u00e1ltlak\u00e1s-\u00e9rt\u00e9kes\u00edt\u00e9sek sz\u00e1ma az Egyes\u00fclt \u00c1llamokban \u00e1prilisban.<\/p>\n","protected":false},"author":1,"featured_media":0,"comment_status":"closed","ping_status":"open","sticky":false,"template":"","format":"standard","meta":[],"categories":[246],"tags":[],"_links":{"self":[{"href":"https:\/\/gazdasagportal.hu\/index.php\/wp-json\/wp\/v2\/posts\/116474"}],"collection":[{"href":"https:\/\/gazdasagportal.hu\/index.php\/wp-json\/wp\/v2\/posts"}],"about":[{"href":"https:\/\/gazdasagportal.hu\/index.php\/wp-json\/wp\/v2\/types\/post"}],"author":[{"embeddable":true,"href":"https:\/\/gazdasagportal.hu\/index.php\/wp-json\/wp\/v2\/users\/1"}],"replies":[{"embeddable":true,"href":"https:\/\/gazdasagportal.hu\/index.php\/wp-json\/wp\/v2\/comments?post=116474"}],"version-history":[{"count":1,"href":"https:\/\/gazdasagportal.hu\/index.php\/wp-json\/wp\/v2\/posts\/116474\/revisions"}],"predecessor-version":[{"id":116475,"href":"https:\/\/gazdasagportal.hu\/index.php\/wp-json\/wp\/v2\/posts\/116474\/revisions\/116475"}],"wp:attachment":[{"href":"https:\/\/gazdasagportal.hu\/index.php\/wp-json\/wp\/v2\/media?parent=116474"}],"wp:term":[{"taxonomy":"category","embeddable":true,"href":"https:\/\/gazdasagportal.hu\/index.php\/wp-json\/wp\/v2\/categories?post=116474"},{"taxonomy":"post_tag","embeddable":true,"href":"https:\/\/gazdasagportal.hu\/index.php\/wp-json\/wp\/v2\/tags?post=116474"}],"curies":[{"name":"wp","href":"https:\/\/api.w.org\/{rel}","templated":true}]}}