{"id":116466,"date":"2019-05-30T13:28:35","date_gmt":"2019-05-30T11:28:35","guid":{"rendered":"http:\/\/gazdasagportal.hu\/?p=116466"},"modified":"2019-05-30T13:28:35","modified_gmt":"2019-05-30T11:28:35","slug":"ketszamjegyu-arbevetel-novekedest-ert-el-a-bosch-tavaly-magyarorszagon","status":"publish","type":"post","link":"https:\/\/gazdasagportal.hu\/index.php\/ketszamjegyu-arbevetel-novekedest-ert-el-a-bosch-tavaly-magyarorszagon\/","title":{"rendered":"K\u00e9tsz\u00e1mjegy\u0171 \u00e1rbev\u00e9tel-n\u00f6veked\u00e9st \u00e9rt el a Bosch tavaly Magyarorsz\u00e1gon"},"content":{"rendered":"<p><strong>\u00dajra k\u00e9tsz\u00e1mjegy\u0171 \u00e1rbev\u00e9tel-n\u00f6veked\u00e9st \u00e9rt el a Bosch csoport tavaly Magyarorsz\u00e1gon, 2019-ben a bev\u00e9tel szinten marad\u00e1s\u00e1ra sz\u00e1m\u00edtanak az els\u0151 negyed\u00e9v magyarorsz\u00e1gi adatai alapj\u00e1n &#8211; k\u00f6z\u00f6lte Daniel Korioth, a magyarorsz\u00e1gi Bosch csoport vezet\u0151je, a Robert Bosch Kft. \u00fcgyvezet\u0151 igazgat\u00f3ja cs\u00fct\u00f6rt\u00f6k\u00f6n, a v\u00e1llalat budapesti sajt\u00f3t\u00e1j\u00e9koztat\u00f3j\u00e1n.<\/strong><!--more--><\/p>\n<div class=\"ads-in-post1\"><div id=\"gazdasagportal.hu_fullbanner_wideboard\"><\/div>\r\n<\/div>\n<p>    Ismertet\u00e9se szerint a Bosch magyarorsz\u00e1gi tev\u00e9kenys\u00e9g\u00e9nek minden ter\u00fclet\u00e9n n\u00f6veked\u00e9st \u00e9rt el 2018-ban. A c\u00e9gcsoport teljes magyarorsz\u00e1gi \u00e1rbev\u00e9tele &#8211; belesz\u00e1m\u00edtva a nem konszolid\u00e1lt v\u00e1llalatok \u00e1rbev\u00e9tel\u00e9t \u00e9s a saj\u00e1t v\u00e1llalatai k\u00f6z\u00f6tt folytatott kereskedelmi tev\u00e9kenys\u00e9geket is &#8211; 13 sz\u00e1zal\u00e9kkal 1317 milli\u00e1rd forintra n\u0151tt 2018-ban. A Bosch magyar piacon el\u00e9rt konszolid\u00e1lt forgalma 3 sz\u00e1zal\u00e9kkal, 251 milli\u00e1rd forintra n\u0151tt tavaly. Az idei teljes\u00edtm\u00e9nyre glob\u00e1lis c\u00e9gk\u00e9nt jelent\u0151s hat\u00e1ssal lehet a vil\u00e1gkereskedelem alakul\u00e1sa, ezzel egy\u00fctt az \u00f3vatos becsl\u00e9seik szerint stabil maradhat &#8211; mondta.<br \/>\n    Kiemelte: a Bosch csoport Magyarorsz\u00e1gon 2018-ban minden eddigin\u00e9l t\u00f6bbet, \u00f6sszesen 71 milli\u00e1rd forintot ford\u00edtott kutat\u00e1s-fejleszt\u00e9sre a mobilit\u00e1si megold\u00e1sok \u00e9s a k\u00e9ziszersz\u00e1mok gy\u00e1rt\u00e1s\u00e1nak ter\u00e9n, ez 29 sz\u00e1zal\u00e9kkal t\u00f6bb, mint 2017-ben.<br \/>\n<div class=\"ads-in-post2\"><script async src=\"https:\/\/pagead2.googlesyndication.com\/pagead\/js\/adsbygoogle.js\"><\/script>\r\n<ins class=\"adsbygoogle\"\r\n     style=\"display:block\"\r\n     data-ad-format=\"fluid\"\r\n     data-ad-layout-key=\"-6t+ed+2i-1n-4w\"\r\n     data-ad-client=\"ca-pub-1959107119989764\"\r\n     data-ad-slot=\"4008251320\"><\/ins>\r\n<script>\r\n     (adsbygoogle = window.adsbygoogle || []).push({});\r\n<\/script><\/div>\n    T\u00e1j\u00e9koztatott arr\u00f3l is, hogy a csoport tavaly 1200 \u00faj munkahelyet hozott l\u00e9tre az orsz\u00e1gban, jelenleg 14 800 dolgoz\u00f3juk van, k\u00f6z\u00fcl\u00fck t\u00f6bb mint 2600-an kutat\u00e1s-fejleszt\u00e9si ter\u00fcleten dolgoznak.<br \/>\n    K\u00f6z\u00f6lte: terveik szerint 2020-ra a teljes csoport el\u00e9ri a karbonsemleges m\u0171k\u00f6d\u00e9st mind a 400 telephely\u00e9n, a glob\u00e1lis c\u00e9lt Magyarorsz\u00e1gon is t\u00e1mogatj\u00e1k. Az MTI k\u00e9rd\u00e9s\u00e9re elmondta: energiahat\u00e9konys\u00e1gi beruh\u00e1z\u00e1sokra Magyarorsz\u00e1gon k\u00f6zel f\u00e9lmilli\u00f3 eur\u00f3t terveznek ford\u00edtani id\u00e9n. A c\u00e9gcsoport n\u00e9gy \u00fczleti ter\u00fcleten van jelen vil\u00e1gszerte \u00e9s Magyarorsz\u00e1gon. Ezek a mobilit\u00e1si megold\u00e1sok, az ipari technika, a fogyaszt\u00e1si cikkek \u00e9s az energia-\u00e9s \u00e9p\u00fclettechnika.<br \/>\n    Beruh\u00e1z\u00e1sokra az orsz\u00e1gban tavaly 67 milli\u00e1rd forintot k\u00f6lt\u00f6ttek, ezek valamennyi Bosch telephelyen folynak \u00e9s strat\u00e9giai szempontb\u00f3l mindegyik meghat\u00e1roz\u00f3 &#8211; ismertette a c\u00e9gvezet\u0151. Felid\u00e9zte: a Robert Bosch Kft. tavaly 37 milli\u00e1rd forint \u00e9rt\u00e9k\u0171 beruh\u00e1z\u00e1st jelentett be, 2021-ig tov\u00e1bb b\u0151v\u00edti a Budapesti Fejleszt\u00e9si K\u00f6zpont campus\u00e1t. Miskolcon a Robert Bosch Power Tool Kft. 13,9 milli\u00e1rd forintos beruh\u00e1z\u00e1ssal \u00faj, 20 ezer n\u00e9gyzetm\u00e9teres gy\u00e1rt\u00f3csarnokot \u00e9p\u00edt. T\u00f6bb mint 14,1 milli\u00e1rd forintos \u00faj beruh\u00e1z\u00e1st jelentett be a szint\u00e9n miskolci Robert Bosch Energy and Body System Kft., 2021-ig \u00faj gener\u00e1ci\u00f3s term\u00e9kek gy\u00e1rt\u00f3sorait \u00e9s tesztberendez\u00e9seket telep\u00edtenek. A hatvani Robert Bosch Elektronika Kft. 10 milli\u00e1rd forintos beruh\u00e1z\u00e1ssal 2020-ig \u00faj, korszer\u0171bb gy\u00e1rt\u00e1st szolg\u00e1l\u00f3 eszk\u00f6z\u00f6ket szerez be, ami els\u0151sorban a teljesen elektromos \u00e9s hibrid j\u00e1rm\u0171vek ter\u00fclet\u00e9n meghat\u00e1roz\u00f3, \u00fajgener\u00e1ci\u00f3s term\u00e9kek gy\u00e1rt\u00e1s\u00e1nak elind\u00edt\u00e1s\u00e1t szolg\u00e1lja. Ismertet\u00e9se szerint 2019 \u00e9v v\u00e9g\u00e9n adj\u00e1k \u00e1t Hatvanban a 60 ezer n\u00e9gyzetm\u00e9ter ter\u00fclet\u0171 logisztikai k\u00f6zpontot a v\u00e1llalat Ipar 4.0 megold\u00e1saival.<br \/>\n    Somogyi Andr\u00e1s, a csoport HR igazgat\u00f3ja k\u00f6z\u00f6lte, hogy jelenleg a budapesti fejleszt\u0151k\u00f6zpontba keresnek m\u00e9rn\u00f6ki-szoftverfejleszt\u00e9si ter\u00fcletre dolgoz\u00f3kat, t\u00f6bb mint 100 nyitott poz\u00edci\u00f3juk van.<br \/>\n    A Bosch term\u00e9keivel 1898 \u00f3ta van jelen Magyarorsz\u00e1gon. Az 1991-ben \u00fajj\u00e1alap\u00edtott region\u00e1lis kereskedelmi kft.-b\u0151l m\u00e1ra kilenc le\u00e1nyv\u00e1llalattal rendelkez\u0151 v\u00e1llalatcsoport lett, amely Magyarorsz\u00e1g egyik legnagyobb k\u00fclf\u00f6ldi ipari munkaad\u00f3ja.<br \/>\n    A Robert Bosch GmbH n\u00e9met g\u00e9pipari \u00e9s fejlett technol\u00f3giai konszern rekord\u00f6sszeg\u0171 78,5 milli\u00e1rd eur\u00f3 \u00e9rt\u00e9kes\u00edt\u00e9si \u00e1rbev\u00e9telt \u00e9rt el 2018-ban az el\u0151z\u0151 \u00e9vi 78,066 milli\u00e1rd eur\u00f3 ut\u00e1n. Nett\u00f3 nyeres\u00e9ge pedig 3,574 milli\u00e1rd eur\u00f3 lett tavaly a 2017-es 3,294 milli\u00e1rd eur\u00f3 ut\u00e1n. Vil\u00e1gszerte mintegy 410 ezer munkat\u00e1rsat foglalkoztatnak.(MTI)<\/p>\n","protected":false},"excerpt":{"rendered":"<p>\u00dajra k\u00e9tsz\u00e1mjegy\u0171 \u00e1rbev\u00e9tel-n\u00f6veked\u00e9st \u00e9rt el a Bosch csoport tavaly Magyarorsz\u00e1gon, 2019-ben a bev\u00e9tel szinten marad\u00e1s\u00e1ra sz\u00e1m\u00edtanak az els\u0151 negyed\u00e9v magyarorsz\u00e1gi adatai alapj\u00e1n &#8211; k\u00f6z\u00f6lte Daniel Korioth, a magyarorsz\u00e1gi Bosch csoport vezet\u0151je, a Robert Bosch Kft. \u00fcgyvezet\u0151 igazgat\u00f3ja cs\u00fct\u00f6rt\u00f6k\u00f6n, a v\u00e1llalat budapesti sajt\u00f3t\u00e1j\u00e9koztat\u00f3j\u00e1n.<\/p>\n","protected":false},"author":1,"featured_media":0,"comment_status":"closed","ping_status":"open","sticky":false,"template":"","format":"standard","meta":[],"categories":[19],"tags":[],"_links":{"self":[{"href":"https:\/\/gazdasagportal.hu\/index.php\/wp-json\/wp\/v2\/posts\/116466"}],"collection":[{"href":"https:\/\/gazdasagportal.hu\/index.php\/wp-json\/wp\/v2\/posts"}],"about":[{"href":"https:\/\/gazdasagportal.hu\/index.php\/wp-json\/wp\/v2\/types\/post"}],"author":[{"embeddable":true,"href":"https:\/\/gazdasagportal.hu\/index.php\/wp-json\/wp\/v2\/users\/1"}],"replies":[{"embeddable":true,"href":"https:\/\/gazdasagportal.hu\/index.php\/wp-json\/wp\/v2\/comments?post=116466"}],"version-history":[{"count":1,"href":"https:\/\/gazdasagportal.hu\/index.php\/wp-json\/wp\/v2\/posts\/116466\/revisions"}],"predecessor-version":[{"id":116467,"href":"https:\/\/gazdasagportal.hu\/index.php\/wp-json\/wp\/v2\/posts\/116466\/revisions\/116467"}],"wp:attachment":[{"href":"https:\/\/gazdasagportal.hu\/index.php\/wp-json\/wp\/v2\/media?parent=116466"}],"wp:term":[{"taxonomy":"category","embeddable":true,"href":"https:\/\/gazdasagportal.hu\/index.php\/wp-json\/wp\/v2\/categories?post=116466"},{"taxonomy":"post_tag","embeddable":true,"href":"https:\/\/gazdasagportal.hu\/index.php\/wp-json\/wp\/v2\/tags?post=116466"}],"curies":[{"name":"wp","href":"https:\/\/api.w.org\/{rel}","templated":true}]}}