{"id":116462,"date":"2019-05-30T12:30:47","date_gmt":"2019-05-30T10:30:47","guid":{"rendered":"http:\/\/gazdasagportal.hu\/?p=116462"},"modified":"2019-05-30T12:30:47","modified_gmt":"2019-05-30T10:30:47","slug":"elemzok-a-munkaerohiany-huzza-a-keresetek-emelkedeset","status":"publish","type":"post","link":"https:\/\/gazdasagportal.hu\/index.php\/elemzok-a-munkaerohiany-huzza-a-keresetek-emelkedeset\/","title":{"rendered":"Elemz\u0151k: a munkaer\u0151hi\u00e1ny h\u00fazza a keresetek emelked\u00e9s\u00e9t"},"content":{"rendered":"<p><strong>A k\u00e9pzett munkaer\u0151 egyre fokoz\u00f3d\u00f3 hi\u00e1nya \u00e9s a b\u00e9rminimum-emel\u00e9sek hat\u00e1s\u00e1ra emelkedtek m\u00e1rciusban a brutt\u00f3 b\u00e9rek. Az \u00e1tlagb\u00e9rek k\u00e9tsz\u00e1mjegy\u0171 n\u00f6veked\u00e9s\u00e9t seg\u00edtette az is, hogy kor\u00e1bbi k\u00f6zfoglalkoztatottak nagy sz\u00e1mban ker\u00fcltek \u00e1t az els\u0151dleges munkaer\u0151piacra, amivel magasabb b\u00e9rt \u00e9rtek el &#8211; \u00edgy komment\u00e1lt\u00e1k az MTI-nek nyilatkoz\u00f3 elemz\u0151k a K\u00f6zponti Statisztikai Hivatal (KSH) cs\u00fct\u00f6rt\u00f6k reggel kiadott b\u00e9rstatisztikai jelent\u00e9s\u00e9t.<\/strong><!--more--><\/p>\n<div class=\"ads-in-post1\"><div id=\"gazdasagportal.hu_fullbanner_wideboard\"><\/div>\r\n<\/div>\n<p>    Horv\u00e1th Andr\u00e1s, a Takar\u00e9kbank elemz\u0151je komment\u00e1rj\u00e1ban meg\u00e1llap\u00edtotta, hogy a k\u00e9pzett munkaer\u0151 egyre fokozottabb hi\u00e1nya \u00e9s a b\u00e9rminimum-emel\u00e9sek hat\u00e1s\u00e1ra emelkedtek m\u00e1rciusban a brutt\u00f3 b\u00e9rek.<br \/>\n    A szak\u00e9rt\u0151 10 sz\u00e1zal\u00e9kot meghalad\u00f3 b\u00e9rn\u00f6veked\u00e9st v\u00e1r ebben az \u00e9vben, a re\u00e1lb\u00e9r n\u00f6veked\u00e9s v\u00e1rakoz\u00e1sa szerint 6,6 sz\u00e1zal\u00e9k lehet, \u00e9s a kock\u00e1zatok v\u00e1ltozatlanul felfel\u00e9 mutatnak.<br \/>\n    A 2013-t\u00f3l 2019 v\u00e9g\u00e9ig terjed\u0151 peri\u00f3dus alatt 52 sz\u00e1zal\u00e9kkal n\u0151nek a re\u00e1lb\u00e9rek, ami p\u00e9ld\u00e1tlan gazdas\u00e1gt\u00f6rt\u00e9neti \u00fctemnek sz\u00e1m\u00edt. A tov\u00e1bbra is kifesz\u00edtett munkaer\u0151piac \u00e9s a rekord alacsony munkan\u00e9lk\u00fclis\u00e9g miatt a b\u00e9rn\u00f6veked\u00e9s dinamik\u00e1ja a k\u00f6vetkez\u0151 id\u0151szakban is hasonl\u00f3an intenz\u00edv maradhat, a k\u00e9pzett munkaer\u0151 hi\u00e1nya gyakorlatilag a gazdas\u00e1g minden szektor\u00e1ban probl\u00e9m\u00e1kat okoz mostanra, tette hozz\u00e1.<br \/>\n<div class=\"ads-in-post2\"><script async src=\"https:\/\/pagead2.googlesyndication.com\/pagead\/js\/adsbygoogle.js\"><\/script>\r\n<ins class=\"adsbygoogle\"\r\n     style=\"display:block\"\r\n     data-ad-format=\"fluid\"\r\n     data-ad-layout-key=\"-6t+ed+2i-1n-4w\"\r\n     data-ad-client=\"ca-pub-1959107119989764\"\r\n     data-ad-slot=\"4008251320\"><\/ins>\r\n<script>\r\n     (adsbygoogle = window.adsbygoogle || []).push({});\r\n<\/script><\/div>\n    Reg\u0151s G\u00e1bor, a Sz\u00e1zadv\u00e9g Gazdas\u00e1gkutat\u00f3 makrogazdas\u00e1gi \u00fczlet\u00e1g\u00e1nak vezet\u0151je szerint els\u0151sorban a tov\u00e1bbra is n\u00f6vekv\u0151 munkaer\u0151hi\u00e1ny magyar\u00e1zza az \u00e1tlagb\u00e9rek k\u00e9tsz\u00e1mjegy\u0171 n\u00f6veked\u00e9s\u00e9t, amit seg\u00edtett az is, hogy t\u00f6bb kor\u00e1bbi k\u00f6zfoglalkoztatott ker\u00fclt \u00e1t az els\u0151dleges munkaer\u0151piacra, amivel magasabb b\u00e9rt \u00e9rt el. A b\u00e9rek emelked\u00e9s\u00e9t a versenyszf\u00e9ra h\u00fazta, m\u00edg az \u00e1llami szf\u00e9r\u00e1ban b\u00e9rrendez\u00e9sekre van sz\u00fcks\u00e9g.<br \/>\n    Virov\u00e1cz P\u00e9ter, az ING Bank vezet\u0151 elemz\u0151je arra h\u00edvta fel a figyelmet, hogy tov\u00e1bbra is \u00e1tlag felett n\u0151nek a b\u00e9rek a feldolgoz\u00f3iparban, az \u00e9p\u00edt\u0151iparban \u00e9s az inform\u00e1ci\u00f3, kommunik\u00e1ci\u00f3 ter\u00fclet\u00e9n. Ezzel szemben az \u00e1llami szf\u00e9r\u00e1ban 2015 \u00f3ta nem volt p\u00e9lda ilyen alacsony keresetemelked\u00e9sre els\u0151sorban amiatt, hogy a rendv\u00e9delmi szervekn\u00e9l lez\u00e1rult a b\u00e9rrendez\u00e9si folyamat.<br \/>\n    Az ING Bank szak\u00e9rt\u0151i arra sz\u00e1m\u00edtanak, hogy tov\u00e1bbra is 10 sz\u00e1zal\u00e9k k\u00f6r\u00fcl maradhat a b\u00e9rn\u00f6veked\u00e9s \u00fcteme f\u0151k\u00e9nt a munkaer\u0151hi\u00e1ny miatt.(MTI)<\/p>\n","protected":false},"excerpt":{"rendered":"<p>A k\u00e9pzett munkaer\u0151 egyre fokoz\u00f3d\u00f3 hi\u00e1nya \u00e9s a b\u00e9rminimum-emel\u00e9sek hat\u00e1s\u00e1ra emelkedtek m\u00e1rciusban a brutt\u00f3 b\u00e9rek. Az \u00e1tlagb\u00e9rek k\u00e9tsz\u00e1mjegy\u0171 n\u00f6veked\u00e9s\u00e9t seg\u00edtette az is, hogy kor\u00e1bbi k\u00f6zfoglalkoztatottak nagy sz\u00e1mban ker\u00fcltek \u00e1t az els\u0151dleges munkaer\u0151piacra, amivel magasabb b\u00e9rt \u00e9rtek el &#8211; \u00edgy komment\u00e1lt\u00e1k az MTI-nek nyilatkoz\u00f3 elemz\u0151k a K\u00f6zponti Statisztikai Hivatal (KSH) cs\u00fct\u00f6rt\u00f6k reggel kiadott b\u00e9rstatisztikai jelent\u00e9s\u00e9t.<\/p>\n","protected":false},"author":1,"featured_media":0,"comment_status":"closed","ping_status":"open","sticky":false,"template":"","format":"standard","meta":[],"categories":[19],"tags":[],"_links":{"self":[{"href":"https:\/\/gazdasagportal.hu\/index.php\/wp-json\/wp\/v2\/posts\/116462"}],"collection":[{"href":"https:\/\/gazdasagportal.hu\/index.php\/wp-json\/wp\/v2\/posts"}],"about":[{"href":"https:\/\/gazdasagportal.hu\/index.php\/wp-json\/wp\/v2\/types\/post"}],"author":[{"embeddable":true,"href":"https:\/\/gazdasagportal.hu\/index.php\/wp-json\/wp\/v2\/users\/1"}],"replies":[{"embeddable":true,"href":"https:\/\/gazdasagportal.hu\/index.php\/wp-json\/wp\/v2\/comments?post=116462"}],"version-history":[{"count":1,"href":"https:\/\/gazdasagportal.hu\/index.php\/wp-json\/wp\/v2\/posts\/116462\/revisions"}],"predecessor-version":[{"id":116463,"href":"https:\/\/gazdasagportal.hu\/index.php\/wp-json\/wp\/v2\/posts\/116462\/revisions\/116463"}],"wp:attachment":[{"href":"https:\/\/gazdasagportal.hu\/index.php\/wp-json\/wp\/v2\/media?parent=116462"}],"wp:term":[{"taxonomy":"category","embeddable":true,"href":"https:\/\/gazdasagportal.hu\/index.php\/wp-json\/wp\/v2\/categories?post=116462"},{"taxonomy":"post_tag","embeddable":true,"href":"https:\/\/gazdasagportal.hu\/index.php\/wp-json\/wp\/v2\/tags?post=116462"}],"curies":[{"name":"wp","href":"https:\/\/api.w.org\/{rel}","templated":true}]}}