{"id":116395,"date":"2019-05-28T17:42:47","date_gmt":"2019-05-28T15:42:47","guid":{"rendered":"http:\/\/gazdasagportal.hu\/?p=116395"},"modified":"2019-05-28T15:44:05","modified_gmt":"2019-05-28T13:44:05","slug":"hatmilliarddal-kisebb-veszteseggel-uzemelt-a-bkv-a-vartnal","status":"publish","type":"post","link":"https:\/\/gazdasagportal.hu\/index.php\/hatmilliarddal-kisebb-veszteseggel-uzemelt-a-bkv-a-vartnal\/","title":{"rendered":"Hatmilli\u00e1rddal kisebb vesztes\u00e9ggel \u00fczemelt a BKV a v\u00e1rtn\u00e1l"},"content":{"rendered":"<p><strong>Az \u00fczleti tervhez k\u00e9pest 6 milli\u00e1rd forinttal kevesebb, 9,3 milli\u00e1rd forint vesztes\u00e9ggel z\u00e1rta a 2018-as p\u00e9nz\u00fcgyi \u00e9vet a BKV &#8211; t\u00e1j\u00e9koztatta a t\u00e1rsas\u00e1g kedden az MTI-t.<\/strong><!--more--><\/p>\n<div class=\"ads-in-post1\"><div id=\"gazdasagportal.hu_fullbanner_wideboard\"><\/div>\r\n<\/div>\n<p>    Ez a tervezettn\u00e9l magasabb bev\u00e9telek mellett els\u0151sorban annak k\u00f6sz\u00f6nhet\u0151, hogy a BKV hat\u00e9konyan gazd\u00e1lkodott a rendelkez\u00e9s\u00e9re bocs\u00e1tott forr\u00e1sokkal, \u00e9s mind a t\u00e1rgyi, mind a szem\u00e9lyi jelleg\u0171 r\u00e1ford\u00edt\u00e1sokn\u00e1l jelent\u0151s megtakar\u00edt\u00e1st \u00e9rt el a tervezett \u00e9rt\u00e9kekhez k\u00e9pest &#8211; k\u00f6z\u00f6lt\u00e9k.<br \/>\n    A vesztes\u00e9g ellen\u00e9re a BKV foly\u00f3 m\u0171k\u00f6d\u00e9si k\u00f6lts\u00e9geinek finansz\u00edroz\u00e1sa 2018-ban is folyamatosan biztos\u00edtott volt, \u00edgy a c\u00e9g p\u00e9nz\u00fcgyi helyzete stabil, a 2015-\u00f6s \u00e1llami ad\u00f3ss\u00e1gkonszolid\u00e1ci\u00f3 \u00f3ta nem szorul banki k\u00f6lcs\u00f6nre &#8211; olvashat\u00f3 a k\u00f6zlem\u00e9nyben.<br \/>\n<div class=\"ads-in-post2\"><script async src=\"https:\/\/pagead2.googlesyndication.com\/pagead\/js\/adsbygoogle.js\"><\/script>\r\n<ins class=\"adsbygoogle\"\r\n     style=\"display:block\"\r\n     data-ad-format=\"fluid\"\r\n     data-ad-layout-key=\"-6t+ed+2i-1n-4w\"\r\n     data-ad-client=\"ca-pub-1959107119989764\"\r\n     data-ad-slot=\"4008251320\"><\/ins>\r\n<script>\r\n     (adsbygoogle = window.adsbygoogle || []).push({});\r\n<\/script><\/div>\n    Hozz\u00e1tett\u00e9k: a vesztes\u00e9g sz\u00e1mviteli jelleg\u0171, els\u0151sorban annak a k\u00f6vetkezm\u00e9nye, hogy a BKV eszk\u00f6zp\u00f3tl\u00e1s\u00e1nak \u00e9s eszk\u00f6zfel\u00faj\u00edt\u00e1sainak finansz\u00edroz\u00e1sa nem kiz\u00e1r\u00f3lag az \u00e9rt\u00e9kcs\u00f6kken\u00e9s ok\u00e1n val\u00f3sult meg 2018-ban, hanem a korm\u00e1ny \u00e9s a f\u0151v\u00e1rosi \u00f6nkorm\u00e1nyzat egy\u00e9b fejleszt\u00e9si forr\u00e1sokat biztos\u00edtott e c\u00e9lra.(MTI)<\/p>\n","protected":false},"excerpt":{"rendered":"<p>Az \u00fczleti tervhez k\u00e9pest 6 milli\u00e1rd forinttal kevesebb, 9,3 milli\u00e1rd forint vesztes\u00e9ggel z\u00e1rta a 2018-as p\u00e9nz\u00fcgyi \u00e9vet a BKV &#8211; t\u00e1j\u00e9koztatta a t\u00e1rsas\u00e1g kedden az MTI-t.<\/p>\n","protected":false},"author":1,"featured_media":0,"comment_status":"closed","ping_status":"open","sticky":false,"template":"","format":"standard","meta":[],"categories":[4,19],"tags":[],"_links":{"self":[{"href":"https:\/\/gazdasagportal.hu\/index.php\/wp-json\/wp\/v2\/posts\/116395"}],"collection":[{"href":"https:\/\/gazdasagportal.hu\/index.php\/wp-json\/wp\/v2\/posts"}],"about":[{"href":"https:\/\/gazdasagportal.hu\/index.php\/wp-json\/wp\/v2\/types\/post"}],"author":[{"embeddable":true,"href":"https:\/\/gazdasagportal.hu\/index.php\/wp-json\/wp\/v2\/users\/1"}],"replies":[{"embeddable":true,"href":"https:\/\/gazdasagportal.hu\/index.php\/wp-json\/wp\/v2\/comments?post=116395"}],"version-history":[{"count":1,"href":"https:\/\/gazdasagportal.hu\/index.php\/wp-json\/wp\/v2\/posts\/116395\/revisions"}],"predecessor-version":[{"id":116396,"href":"https:\/\/gazdasagportal.hu\/index.php\/wp-json\/wp\/v2\/posts\/116395\/revisions\/116396"}],"wp:attachment":[{"href":"https:\/\/gazdasagportal.hu\/index.php\/wp-json\/wp\/v2\/media?parent=116395"}],"wp:term":[{"taxonomy":"category","embeddable":true,"href":"https:\/\/gazdasagportal.hu\/index.php\/wp-json\/wp\/v2\/categories?post=116395"},{"taxonomy":"post_tag","embeddable":true,"href":"https:\/\/gazdasagportal.hu\/index.php\/wp-json\/wp\/v2\/tags?post=116395"}],"curies":[{"name":"wp","href":"https:\/\/api.w.org\/{rel}","templated":true}]}}