{"id":116378,"date":"2019-05-28T12:06:30","date_gmt":"2019-05-28T10:06:30","guid":{"rendered":"http:\/\/gazdasagportal.hu\/?p=116378"},"modified":"2019-05-28T12:06:30","modified_gmt":"2019-05-28T10:06:30","slug":"mazars-szigorodik-a-fogyasztasi-adok-beszedese-a-kozep-es-kelet-europai-regioban","status":"publish","type":"post","link":"https:\/\/gazdasagportal.hu\/index.php\/mazars-szigorodik-a-fogyasztasi-adok-beszedese-a-kozep-es-kelet-europai-regioban\/","title":{"rendered":"Mazars: szigorodik a fogyaszt\u00e1si ad\u00f3k beszed\u00e9se a k\u00f6z\u00e9p- \u00e9s kelet-eur\u00f3pai r\u00e9gi\u00f3ban"},"content":{"rendered":"<p><strong>Tov\u00e1bbra is a fogyaszt\u00e1si t\u00edpus\u00fa ad\u00f3k a legfontosabbak, ez\u00e9rt szigorodik beszed\u00e9s\u00fck a k\u00f6z\u00e9p- \u00e9s kelet-eur\u00f3pai r\u00e9gi\u00f3ban, Magyarorsz\u00e1gon kell\u0151en hat\u00e9kony a behajt\u00e1suk &#8211; \u00e1llap\u00edtotta meg 2019-es ad\u00f3z\u00e1si \u00f6sszefoglal\u00f3j\u00e1ban a Mazars nemzetk\u00f6zi ad\u00f3tan\u00e1csad\u00f3.<\/strong><!--more--><\/p>\n<div class=\"ads-in-post1\"><div id=\"gazdasagportal.hu_fullbanner_wideboard\"><\/div>\r\n<\/div>\n<p>    A kedden hetedszer megjelent k\u00f6z\u00e9p- \u00e9s kelet-eur\u00f3pai ad\u00f3bros\u00fara 22 orsz\u00e1g adatait tartalmazza. A kiadv\u00e1ny a befektet\u0151ket seg\u00edti az alapvet\u0151 versenyk\u00e9pess\u00e9gi t\u00e9nyez\u0151k, f\u0151leg a foglalkoztat\u00e1st terhel\u0151 ad\u00f3k \u00e9s j\u00e1rul\u00e9kok, illetve a forgalmi ad\u00f3 \u00f6sszehasonl\u00edt\u00e1s\u00e1ban &#8211; mondta H. Nagy D\u00e1niel, a Mazars Magyarorsz\u00e1g ad\u00f3igazgat\u00f3ja a kiadv\u00e1ny budapesti bemutat\u00f3j\u00e1n.<br \/>\n    A korm\u00e1nyzatok tov\u00e1bbra is a lakoss\u00e1gi fogyaszt\u00e1s n\u00f6veked\u00e9s\u00e9re pr\u00f3b\u00e1lnak \u00e9p\u00edteni, \u00e9s a k\u00f6lts\u00e9gvet\u00e9si bev\u00e9telek tervez\u00e9sekor egyre nagyobb szerepet kapnak a forgalmi t\u00edpus\u00fa ad\u00f3k.<br \/>\n    Az alkalmazott ad\u00f3m\u00e9rt\u00e9k jelent\u0151s sz\u00f3r\u00f3d\u00e1st mutat, a norm\u00e1l ad\u00f3kulcsok \u00e1tlaga 21 sz\u00e1zal\u00e9k k\u00f6r\u00fcl alakul. A Magyarorsz\u00e1gon hat\u00e1lyban l\u00e9v\u0151 \u00e1ltal\u00e1nos forgalmi ad\u00f3 (\u00e1fa) 27 sz\u00e1zal\u00e9kos norm\u00e1l kulcsa tov\u00e1bbra is magasnak sz\u00e1m\u00edt.<br \/>\n<div class=\"ads-in-post2\"><script async src=\"https:\/\/pagead2.googlesyndication.com\/pagead\/js\/adsbygoogle.js\"><\/script>\r\n<ins class=\"adsbygoogle\"\r\n     style=\"display:block\"\r\n     data-ad-format=\"fluid\"\r\n     data-ad-layout-key=\"-6t+ed+2i-1n-4w\"\r\n     data-ad-client=\"ca-pub-1959107119989764\"\r\n     data-ad-slot=\"4008251320\"><\/ins>\r\n<script>\r\n     (adsbygoogle = window.adsbygoogle || []).push({});\r\n<\/script><\/div>\n    A fogyaszt\u00e1shoz kapcsol\u00f3d\u00f3 ad\u00f3k jelent\u0151s\u00e9ge n\u0151, ez\u00e9rt a hat\u00e9konyabb ad\u00f3beszed\u00e9s is egyre fontosabb\u00e1 v\u00e1lik. Mivel ezen a ter\u00fcleten a legnagyobb az ad\u00f3kiker\u00fcl\u00e9s vesz\u00e9lye, a korm\u00e1nyzatok a digit\u00e1lis technol\u00f3gia felhaszn\u00e1l\u00e1s\u00e1val pr\u00f3b\u00e1lnak fell\u00e9pni a vissza\u00e9l\u00e9sek ellen.<br \/>\n    Magyarorsz\u00e1gon tavaly bevezett\u00e9k az online sz\u00e1ml\u00e1z\u00e1st, aminek els\u0151 tapasztalatai pozit\u00edvak voltak. A j\u00f6v\u0151ben hasonl\u00f3 megold\u00e1sok elterjed\u00e9s\u00e9re lehet sz\u00e1m\u00edtani a r\u00e9gi\u00f3ban.<br \/>\n    H. Nagy D\u00e1niel megjegyezte: Magyarorsz\u00e1gon az \u00e1fa kiv\u00e9telesen magas kulcsa mellett a t\u00e1rsas\u00e1gi ad\u00f3 viszont kiv\u00e9telesen alacsony.<br \/>\n    A r\u00e9gi\u00f3ban a t\u00e1rsas\u00e1gi ad\u00f3kulcsok \u00e1tlaga 17 sz\u00e1zal\u00e9k k\u00f6r\u00fcli. A legmagasabb, 33 sz\u00e1zal\u00e9k N\u00e9metorsz\u00e1gban, a legalacsonyabb, 9 sz\u00e1zal\u00e9k Magyarorsz\u00e1gon \u00e9s Montenegr\u00f3ban.<br \/>\n    A kiadv\u00e1ny szerint lassan azonban kibontakoznak az ad\u00f3verseny korl\u00e1tai, 2019-ben m\u00e1r csak egy orsz\u00e1gban cs\u00f6kkentett\u00e9k a nyeres\u00e9gad\u00f3t, G\u00f6r\u00f6gorsz\u00e1gban a v\u00e1ls\u00e1g idej\u00e9n bevezetett, egy\u00e9bk\u00e9nt is nagyon magas ad\u00f3kulcs cs\u00f6kkent 1 sz\u00e1zal\u00e9kponttal.<br \/>\n    A foglalkoztat\u00e1shoz kapcsol\u00f3d\u00f3 ad\u00f3k \u00e9s hozz\u00e1j\u00e1rul\u00e1sok \u00e1ltal\u00e1ban magasak a r\u00e9gi\u00f3ban, b\u00e1r ezek ar\u00e1nya visszaszorul\u00f3ban van. A munk\u00e1ltat\u00f3k teljes b\u00e9rk\u00f6lts\u00e9ge a r\u00e9gi\u00f3ban \u00e1tlagosan megk\u00f6zel\u00edti a nett\u00f3 b\u00e9rek 160 sz\u00e1zal\u00e9k\u00e1t.<br \/>\n    Ezen a t\u00e9ren Magyarorsz\u00e1gon tov\u00e1bbra sem kedvez\u0151 a helyzet, \u00e9s 2017-2018-ban is csak kis m\u00e9rt\u00e9kben siker\u00fclt jav\u00edtani a kor\u00e1bbi, kiemelked\u0151en rossz mutat\u00f3t. Ezen jav\u00edthat a szoci\u00e1lis hozz\u00e1j\u00e1rul\u00e1si ad\u00f3 2019 j\u00falius\u00e1t\u00f3l v\u00e1rhat\u00f3 \u00fajabb 2 sz\u00e1zal\u00e9kpontos cs\u00f6kkent\u00e9se &#8211; jelezte a Mazars Magyarorsz\u00e1g ad\u00f3igazgat\u00f3ja.(MTI)<\/p>\n","protected":false},"excerpt":{"rendered":"<p>Tov\u00e1bbra is a fogyaszt\u00e1si t\u00edpus\u00fa ad\u00f3k a legfontosabbak, ez\u00e9rt szigorodik beszed\u00e9s\u00fck a k\u00f6z\u00e9p- \u00e9s kelet-eur\u00f3pai r\u00e9gi\u00f3ban, Magyarorsz\u00e1gon kell\u0151en hat\u00e9kony a behajt\u00e1suk &#8211; \u00e1llap\u00edtotta meg 2019-es ad\u00f3z\u00e1si \u00f6sszefoglal\u00f3j\u00e1ban a Mazars nemzetk\u00f6zi ad\u00f3tan\u00e1csad\u00f3.<\/p>\n","protected":false},"author":1,"featured_media":0,"comment_status":"closed","ping_status":"open","sticky":false,"template":"","format":"standard","meta":[],"categories":[12,246],"tags":[],"_links":{"self":[{"href":"https:\/\/gazdasagportal.hu\/index.php\/wp-json\/wp\/v2\/posts\/116378"}],"collection":[{"href":"https:\/\/gazdasagportal.hu\/index.php\/wp-json\/wp\/v2\/posts"}],"about":[{"href":"https:\/\/gazdasagportal.hu\/index.php\/wp-json\/wp\/v2\/types\/post"}],"author":[{"embeddable":true,"href":"https:\/\/gazdasagportal.hu\/index.php\/wp-json\/wp\/v2\/users\/1"}],"replies":[{"embeddable":true,"href":"https:\/\/gazdasagportal.hu\/index.php\/wp-json\/wp\/v2\/comments?post=116378"}],"version-history":[{"count":1,"href":"https:\/\/gazdasagportal.hu\/index.php\/wp-json\/wp\/v2\/posts\/116378\/revisions"}],"predecessor-version":[{"id":116379,"href":"https:\/\/gazdasagportal.hu\/index.php\/wp-json\/wp\/v2\/posts\/116378\/revisions\/116379"}],"wp:attachment":[{"href":"https:\/\/gazdasagportal.hu\/index.php\/wp-json\/wp\/v2\/media?parent=116378"}],"wp:term":[{"taxonomy":"category","embeddable":true,"href":"https:\/\/gazdasagportal.hu\/index.php\/wp-json\/wp\/v2\/categories?post=116378"},{"taxonomy":"post_tag","embeddable":true,"href":"https:\/\/gazdasagportal.hu\/index.php\/wp-json\/wp\/v2\/tags?post=116378"}],"curies":[{"name":"wp","href":"https:\/\/api.w.org\/{rel}","templated":true}]}}