{"id":116352,"date":"2019-05-27T15:24:28","date_gmt":"2019-05-27T13:24:28","guid":{"rendered":"http:\/\/gazdasagportal.hu\/?p=116352"},"modified":"2019-05-27T15:39:13","modified_gmt":"2019-05-27T13:39:13","slug":"a-digi-elinditotta-mobil-szolgaltatasait-magyarorszagon","status":"publish","type":"post","link":"https:\/\/gazdasagportal.hu\/index.php\/a-digi-elinditotta-mobil-szolgaltatasait-magyarorszagon\/","title":{"rendered":"A Digi elind\u00edtotta mobil szolg\u00e1ltat\u00e1sait Magyarorsz\u00e1gon"},"content":{"rendered":"<p><strong>A Digi h\u00e9tf\u0151n elind\u00edtotta mobil telekommunik\u00e1ci\u00f3s szolg\u00e1ltat\u00e1sait a magyarorsz\u00e1gi piacon saj\u00e1t mobilh\u00e1l\u00f3zat\u00e1n, amit az elm\u00falt n\u00e9gy \u00e9vben jelent\u0151s tervez\u00e9si, beruh\u00e1z\u00e1si \u00e9s kivitelez\u00e9si folyamatok eredm\u00e9nyek\u00e9nt hozott l\u00e9tre &#8211; k\u00f6z\u00f6lte a Digi csoport h\u00e9tf\u0151n az MTI-vel.<\/strong><!--more--><\/p>\n<div class=\"ads-in-post1\"><div id=\"gazdasagportal.hu_fullbanner_wideboard\"><\/div>\r\n<\/div>\n<p>    Kiemelt\u00e9k, hogy ezzel a szolg\u00e1ltat\u00f3 portf\u00f3li\u00f3ja teljess\u00e9 v\u00e1lik, a vezet\u00e9kes &#8211; k\u00e1beltelev\u00edzi\u00f3, vezet\u00e9kes internet, vezet\u00e9kes telefon &#8211; szolg\u00e1ltat\u00e1sok, \u00e9s a m\u0171holdas telev\u00edzi\u00f3 mellett a mobil (hang \u00e9s adat) szolg\u00e1ltat\u00e1sokat is tartalmazni fogja.<br \/>\n    K\u00f6z\u00f6lt\u00e9k: a Digi folyamatosan fejleszti mobilh\u00e1l\u00f3zat\u00e1t \u00e9s t\u00f6bb \u00fctemben b\u0151v\u00edti lefedetts\u00e9g\u00e9t. Elt\u00f6k\u00e9ltek a tov\u00e1bbi beruh\u00e1z\u00e1sok ir\u00e1nt &#8211; jelezte Dragos Spataru, a Digi T\u00e1vk\u00f6zl\u00e9si \u00e9s Szolg\u00e1ltat\u00f3 Kft. \u00fcgyvezet\u0151je, az Invitel Zrt. vez\u00e9rigazgat\u00f3ja a k\u00f6zlem\u00e9nyben. Hozz\u00e1tette: azokra a ter\u00fcletekre fektetnek hangs\u00falyt, amelyek a legfontosabbak a mobil szolg\u00e1ltat\u00e1sukat v\u00e1laszt\u00f3 \u00fcgyfeleknek.<br \/>\n    A t\u00e1j\u00e9koztat\u00e1s szerint kezdetben csak azokon a telep\u00fcl\u00e9seken lesz kereskedelmileg is hozz\u00e1f\u00e9rhet\u0151 a szolg\u00e1ltat\u00e1s, ahol a belt\u00e9ri lefedetts\u00e9g is el\u0151rehaladott \u00e1llapotban van, annak ellen\u00e9re, hogy a k\u00fclt\u00e9ri lefedetts\u00e9g sok telep\u00fcl\u00e9sen, valamint fontosabb aut\u00f3p\u00e1ly\u00e1kon \u00e9s k\u00f6zutakon m\u00e1r el\u00e9rhet\u0151. A c\u00e9g folyamatosan friss\u00edti a digi.hu\/lefedettseg honlapon tal\u00e1lhat\u00f3 lefedetts\u00e9gi t\u00e9rk\u00e9pet.<br \/>\n<div class=\"ads-in-post2\"><script async src=\"https:\/\/pagead2.googlesyndication.com\/pagead\/js\/adsbygoogle.js\"><\/script>\r\n<ins class=\"adsbygoogle\"\r\n     style=\"display:block\"\r\n     data-ad-format=\"fluid\"\r\n     data-ad-layout-key=\"-6t+ed+2i-1n-4w\"\r\n     data-ad-client=\"ca-pub-1959107119989764\"\r\n     data-ad-slot=\"4008251320\"><\/ins>\r\n<script>\r\n     (adsbygoogle = window.adsbygoogle || []).push({});\r\n<\/script><\/div>\n    A Digi a mobiltelefon szolg\u00e1ltat\u00e1sa indul\u00e1s\u00e1t\u00f3l saj\u00e1tm\u00e1rk\u00e1s telefonokat tesz el\u00e9rhet\u0151v\u00e9.<br \/>\n    A szolg\u00e1ltat\u00f3 h\u00e1l\u00f3zata a 4G technol\u00f3gi\u00e1t \u00e9s a 2G szabv\u00e1nyt is haszn\u00e1lja, hogy a hangszolg\u00e1ltat\u00e1sok eset\u00e9ben biztos\u00edtsa a kompatibilit\u00e1st a kor\u00e1bbi, m\u00e1r haszn\u00e1latban l\u00e9v\u0151 telefonokkal. A Digi 5G szolg\u00e1ltat\u00e1sokat is tervez fejleszteni &#8211; k\u00f6z\u00f6lt\u00e9k.<br \/>\n    A Digi a h\u00e1l\u00f3zat elind\u00edt\u00e1s\u00e1t\u00f3l az \u00e9v v\u00e9g\u00e9ig el\u00e9rhet\u0151 kedvezm\u00e9nyes aj\u00e1nlatot ny\u00fajt lakoss\u00e1gi \u00fcgyfeleinek. Az aj\u00e1nlat a legal\u00e1bb egy vezet\u00e9kes vagy m\u0171holdas szolg\u00e1ltat\u00e1st ig\u00e9nybe vev\u0151 Digi\/Invitel \u00fcgyfelek sz\u00e1m\u00e1ra \u00e9rhet\u0151 el. A kedvezm\u00e9nyes aj\u00e1nlat h\u0171s\u00e9gid\u0151 v\u00e1llal\u00e1sa n\u00e9lk\u00fcl vehet\u0151 ig\u00e9nybe, \u00edgy az \u00fcgyfelek szabadon d\u00f6nthetnek az el\u0151fizet\u00e9s id\u0151tartam\u00e1r\u00f3l &#8211; \u00edrt\u00e1k. A kedvezm\u00e9nyes aj\u00e1nlat havid\u00edjat nem tartalmaz, az \u00fcgyfelek csak a felhaszn\u00e1lt szolg\u00e1ltat\u00e1sok\u00e9rt fizetnek, nagyon kedvez\u0151 \u00e1ron.<br \/>\n    A Digi T\u00e1vk\u00f6zl\u00e9si \u00e9s Szolg\u00e1ltat\u00f3 Kft. a Bukaresti \u00c9rt\u00e9kt\u0151zsd\u00e9n jegyzett Digi Communication N.V. magyarorsz\u00e1gi le\u00e1nyv\u00e1llalata. A Digi csoport Magyarorsz\u00e1gon, Rom\u00e1ni\u00e1ban, Spanyolorsz\u00e1gban \u00e9s Olaszorsz\u00e1gban van jelen. A Digi Kft. a magyarorsz\u00e1gi piacon 1998 \u00f3ta van jelen. A t\u00e1rsas\u00e1g 2018 m\u00e1jus\u00e1ban ir\u00e1ny\u00edt\u00e1st szerzett a magyar telekommunik\u00e1ci\u00f3s piac egy m\u00e1sik, szint\u00e9n meghat\u00e1roz\u00f3 szerepl\u0151je, az Invitel T\u00e1vk\u00f6zl\u00e9si Zrt. felett.(MTI)<\/p>\n","protected":false},"excerpt":{"rendered":"<p>A Digi h\u00e9tf\u0151n elind\u00edtotta mobil telekommunik\u00e1ci\u00f3s szolg\u00e1ltat\u00e1sait a magyarorsz\u00e1gi piacon saj\u00e1t mobilh\u00e1l\u00f3zat\u00e1n, amit az elm\u00falt n\u00e9gy \u00e9vben jelent\u0151s tervez\u00e9si, beruh\u00e1z\u00e1si \u00e9s kivitelez\u00e9si folyamatok eredm\u00e9nyek\u00e9nt hozott l\u00e9tre &#8211; k\u00f6z\u00f6lte a Digi csoport h\u00e9tf\u0151n az MTI-vel.<\/p>\n","protected":false},"author":1,"featured_media":0,"comment_status":"closed","ping_status":"open","sticky":false,"template":"","format":"standard","meta":[],"categories":[4,19,7],"tags":[],"_links":{"self":[{"href":"https:\/\/gazdasagportal.hu\/index.php\/wp-json\/wp\/v2\/posts\/116352"}],"collection":[{"href":"https:\/\/gazdasagportal.hu\/index.php\/wp-json\/wp\/v2\/posts"}],"about":[{"href":"https:\/\/gazdasagportal.hu\/index.php\/wp-json\/wp\/v2\/types\/post"}],"author":[{"embeddable":true,"href":"https:\/\/gazdasagportal.hu\/index.php\/wp-json\/wp\/v2\/users\/1"}],"replies":[{"embeddable":true,"href":"https:\/\/gazdasagportal.hu\/index.php\/wp-json\/wp\/v2\/comments?post=116352"}],"version-history":[{"count":3,"href":"https:\/\/gazdasagportal.hu\/index.php\/wp-json\/wp\/v2\/posts\/116352\/revisions"}],"predecessor-version":[{"id":116355,"href":"https:\/\/gazdasagportal.hu\/index.php\/wp-json\/wp\/v2\/posts\/116352\/revisions\/116355"}],"wp:attachment":[{"href":"https:\/\/gazdasagportal.hu\/index.php\/wp-json\/wp\/v2\/media?parent=116352"}],"wp:term":[{"taxonomy":"category","embeddable":true,"href":"https:\/\/gazdasagportal.hu\/index.php\/wp-json\/wp\/v2\/categories?post=116352"},{"taxonomy":"post_tag","embeddable":true,"href":"https:\/\/gazdasagportal.hu\/index.php\/wp-json\/wp\/v2\/tags?post=116352"}],"curies":[{"name":"wp","href":"https:\/\/api.w.org\/{rel}","templated":true}]}}