{"id":116348,"date":"2019-05-27T14:22:35","date_gmt":"2019-05-27T12:22:35","guid":{"rendered":"http:\/\/gazdasagportal.hu\/?p=116348"},"modified":"2019-05-27T14:22:35","modified_gmt":"2019-05-27T12:22:35","slug":"europai-perbeszedversenyt-nyertek-elte-s-hallgatok","status":"publish","type":"post","link":"https:\/\/gazdasagportal.hu\/index.php\/europai-perbeszedversenyt-nyertek-elte-s-hallgatok\/","title":{"rendered":"Eur\u00f3pai perbesz\u00e9dversenyt nyertek ELTE-s hallgat\u00f3k"},"content":{"rendered":"<p><strong>Az ELTE hallgat\u00f3i els\u0151 helyez\u00e9st \u00e9rtek el a H\u00e1g\u00e1ban megrendezett Telders eur\u00f3pai perbesz\u00e9dversenyen &#8211; k\u00f6z\u00f6lte a fels\u0151oktat\u00e1si int\u00e9zm\u00e9ny h\u00e9tf\u0151n az MTI-vel. <\/strong><!--more--><\/p>\n<div class=\"ads-in-post1\"><div id=\"gazdasagportal.hu_fullbanner_wideboard\"><\/div>\r\n<\/div>\n<p>    A k\u00f6zlem\u00e9nyben azt \u00edrt\u00e1k, az ELTE \u00e1prilisban a Jessup nemzetk\u00f6zi jogi perbesz\u00e9dversenyen is els\u0151 helyez\u00e9st szerzett, ezzel a vil\u00e1g els\u0151 olyan egyeteme lett, amely egy \u00e9vben mindk\u00e9t versenyt megnyerte.<br \/>\n    Az ELTE csapata a kor\u00e1bbi \u00e9vekben m\u00e1r nyert egy\u00e9ni d\u00edjat, valamint kiv\u00e1l\u00f3 pontsz\u00e1mokkal jutott tov\u00e1bb a legjobb csapatok k\u00f6z\u00e9, azonban ez az els\u0151 alkalom, hogy a magyar csapat &#8211; Balogh D\u00f3ra, M\u00e1t\u00e9 D\u00e1vid, Schultz Bal\u00e1zs \u00e9s T\u00f3th Franciska &#8211; a d\u00f6nt\u0151ben m\u00e9rethette meg mag\u00e1t \u00e9s legy\u0151zte a kor\u00e1bbi \u00e9vekben t\u00f6bbsz\u00f6r is bajnoki c\u00edmet szerzett University of Leiden csapat\u00e1t &#8211; emelt\u00e9k ki.<br \/>\n    Hozz\u00e1tett\u00e9k, a versenyen az alperesi oldal elnyerte a legjobb alperesi sz\u00f3beli szerepl\u00e9s\u00e9rt j\u00e1r\u00f3 els\u0151 d\u00edjat, T\u00f3th Franciska kapta a legjobb sz\u00f3nok d\u00edj\u00e1t, a csapat felperesi oldala pedig hetedik helyezett lett.<br \/>\n<div class=\"ads-in-post2\"><script async src=\"https:\/\/pagead2.googlesyndication.com\/pagead\/js\/adsbygoogle.js\"><\/script>\r\n<ins class=\"adsbygoogle\"\r\n     style=\"display:block\"\r\n     data-ad-format=\"fluid\"\r\n     data-ad-layout-key=\"-6t+ed+2i-1n-4w\"\r\n     data-ad-client=\"ca-pub-1959107119989764\"\r\n     data-ad-slot=\"4008251320\"><\/ins>\r\n<script>\r\n     (adsbygoogle = window.adsbygoogle || []).push({});\r\n<\/script><\/div>\n    A magyar versenyz\u0151ket Kajt\u00e1r G\u00e1bor, a nemzetk\u00f6zi jogi tansz\u00e9k adjunktusa \u00e9s Sulyok Katalin tan\u00e1rseg\u00e9d k\u00e9sz\u00edtette fel a m\u00falt h\u00e9ten 42. alkalommal megrendezett perversenyre, ahol a csapat az el\u0151d\u00f6nt\u0151k sor\u00e1n Hollandia, Franciaorsz\u00e1g, Bulg\u00e1ria \u00e9s T\u00f6r\u00f6korsz\u00e1g ellen m\u00e9rk\u0151z\u00f6tt meg. A d\u00f6nt\u0151ben a csapatnak az alperesi oldalon kellett \u00e9rvelnie &#8211; ismertett\u00e9k.(MTI)<\/p>\n","protected":false},"excerpt":{"rendered":"<p>Az ELTE hallgat\u00f3i els\u0151 helyez\u00e9st \u00e9rtek el a H\u00e1g\u00e1ban megrendezett Telders eur\u00f3pai perbesz\u00e9dversenyen &#8211; k\u00f6z\u00f6lte a fels\u0151oktat\u00e1si int\u00e9zm\u00e9ny h\u00e9tf\u0151n az MTI-vel.<\/p>\n","protected":false},"author":1,"featured_media":0,"comment_status":"closed","ping_status":"open","sticky":false,"template":"","format":"standard","meta":[],"categories":[4],"tags":[],"_links":{"self":[{"href":"https:\/\/gazdasagportal.hu\/index.php\/wp-json\/wp\/v2\/posts\/116348"}],"collection":[{"href":"https:\/\/gazdasagportal.hu\/index.php\/wp-json\/wp\/v2\/posts"}],"about":[{"href":"https:\/\/gazdasagportal.hu\/index.php\/wp-json\/wp\/v2\/types\/post"}],"author":[{"embeddable":true,"href":"https:\/\/gazdasagportal.hu\/index.php\/wp-json\/wp\/v2\/users\/1"}],"replies":[{"embeddable":true,"href":"https:\/\/gazdasagportal.hu\/index.php\/wp-json\/wp\/v2\/comments?post=116348"}],"version-history":[{"count":1,"href":"https:\/\/gazdasagportal.hu\/index.php\/wp-json\/wp\/v2\/posts\/116348\/revisions"}],"predecessor-version":[{"id":116349,"href":"https:\/\/gazdasagportal.hu\/index.php\/wp-json\/wp\/v2\/posts\/116348\/revisions\/116349"}],"wp:attachment":[{"href":"https:\/\/gazdasagportal.hu\/index.php\/wp-json\/wp\/v2\/media?parent=116348"}],"wp:term":[{"taxonomy":"category","embeddable":true,"href":"https:\/\/gazdasagportal.hu\/index.php\/wp-json\/wp\/v2\/categories?post=116348"},{"taxonomy":"post_tag","embeddable":true,"href":"https:\/\/gazdasagportal.hu\/index.php\/wp-json\/wp\/v2\/tags?post=116348"}],"curies":[{"name":"wp","href":"https:\/\/api.w.org\/{rel}","templated":true}]}}