{"id":116326,"date":"2019-05-27T08:01:17","date_gmt":"2019-05-27T06:01:17","guid":{"rendered":"http:\/\/gazdasagportal.hu\/?p=116326"},"modified":"2019-05-27T08:01:17","modified_gmt":"2019-05-27T06:01:17","slug":"ep-valasztas-az-europai-neppart-adja-a-legnagyobb-frakciot-a-kozel-vegleges-eredmenyek-szerint","status":"publish","type":"post","link":"https:\/\/gazdasagportal.hu\/index.php\/ep-valasztas-az-europai-neppart-adja-a-legnagyobb-frakciot-a-kozel-vegleges-eredmenyek-szerint\/","title":{"rendered":"EP-v\u00e1laszt\u00e1s &#8211; Az Eur\u00f3pai N\u00e9pp\u00e1rt adja a legnagyobb frakci\u00f3t a k\u00f6zel v\u00e9gleges eredm\u00e9nyek szerint"},"content":{"rendered":"<p><strong>A v\u00e1rakoz\u00e1soknak megfelel\u0151en az Eur\u00f3pai N\u00e9pp\u00e1rt\u00e9 (EPP) lesz a legnagyobb frakci\u00f3 az Eur\u00f3pai Parlamentben a v\u00e1laszt\u00e1sok k\u00f6zel v\u00e9gleges eredm\u00e9nyein alapul\u00f3, vas\u00e1rnap \u00e9jszaka k\u00f6zz\u00e9tett utols\u00f3 mand\u00e1tumbecsl\u00e9s szerint.<\/strong><!--more--><\/p>\n<div class=\"ads-in-post1\"><div id=\"gazdasagportal.hu_fullbanner_wideboard\"><\/div>\r\n<\/div>\n<p>    Az EP arr\u00f3l sz\u00e1molt be, hogy a konzervat\u00edv er\u0151ket t\u00f6m\u00f6r\u00edt\u0151 p\u00e1rtcsal\u00e1d 179 k\u00e9pvisel\u0151t k\u00fcldhet az Egyes\u00fclt Kir\u00e1lys\u00e1g eur\u00f3pai uni\u00f3s kil\u00e9p\u00e9s\u00e9nek halaszt\u00e1sa miatt az \u00fajabb ciklus elej\u00e9n ism\u00e9t 751 tag\u00fa test\u00fcletbe.<br \/>\n    A m\u00e1sodik helyezett szoci\u00e1ldemokrat\u00e1k (S&#038;D) 150, a harmadik liber\u00e1lisok (ALDE) pedig Emmanuel Macron francia eln\u00f6k p\u00e1rtj\u00e1val egy\u00fctt 107 mand\u00e1tumot kaphatnak.<br \/>\n    A z\u00f6ldek frakci\u00f3ja 70 tag\u00fa lehet. Az eddig a harmadik legn\u00e9pesebb k\u00e9pvisel\u0151csoportnak sz\u00e1m\u00edt\u00f3 Eur\u00f3pai Konzervat\u00edvok \u00e9s Reformerek (ECR) a brit korm\u00e1nyp\u00e1rttal kieg\u00e9sz\u00fclve 58 helyre sz\u00e1m\u00edthat ebben a r\u00e9gi-\u00faj konstell\u00e1ci\u00f3ban, ugyanannyira, mint a Matteo Salvini olasz bel\u00fcgyminiszter \u00e1ltal l\u00e9trehozott, radik\u00e1lis jobboldali N\u00e9pek \u00e9s Nemzetek Eur\u00f3pai Sz\u00f6vets\u00e9ge, amelynek el\u0151dje a Szabads\u00e1g \u00e9s Nemzetek Eur\u00f3p\u00e1ja (ENF) volt.<br \/>\n<div class=\"ads-in-post2\"><script async src=\"https:\/\/pagead2.googlesyndication.com\/pagead\/js\/adsbygoogle.js\"><\/script>\r\n<ins class=\"adsbygoogle\"\r\n     style=\"display:block\"\r\n     data-ad-format=\"fluid\"\r\n     data-ad-layout-key=\"-6t+ed+2i-1n-4w\"\r\n     data-ad-client=\"ca-pub-1959107119989764\"\r\n     data-ad-slot=\"4008251320\"><\/ins>\r\n<script>\r\n     (adsbygoogle = window.adsbygoogle || []).push({});\r\n<\/script><\/div>\n    Ezt k\u00f6veti 56 k\u00e9pvisel\u0151i hellyel az olasz \u00d6t Csillag Mozgalom \u00e9s a Nigel Farage vezette Brexit P\u00e1rt sz\u00f6vets\u00e9ge, amely eddig Szabads\u00e1gjogok \u00e9s Demokr\u00e1cia Eur\u00f3p\u00e1ja Mozgalom (EFDD) n\u00e9ven m\u0171k\u00f6d\u00f6tt.<br \/>\n    A legkisebb frakci\u00f3t a patk\u00f3 bal sz\u00e9l\u00e9n \u00fcl\u0151 Egyes\u00fclt Eur\u00f3pai Baloldal &#8211; \u00c9szaki Z\u00f6ld Baloldal (GUE-NGL) fogja adni, el\u0151rel\u00e1that\u00f3lag 38 mand\u00e1tummal.<br \/>\n    A f\u00fcggetlenk\u00e9nt politiz\u00e1l\u00f3knak h\u00e9t mand\u00e1tumot j\u00f3solt az EP, az &#8222;egy\u00e9b&#8221; kateg\u00f3ri\u00e1ba pedig 28 k\u00e9pvisel\u0151t soroltak, r\u00f3luk egyel\u0151re nem tudni biztosan, hogy melyik frakci\u00f3ba fognak be\u00fclni, ha egy\u00e1ltal\u00e1n valamelyikbe.<br \/>\n    K\u00fcl\u00f6n csoport l\u00e9trehoz\u00e1s\u00e1hoz minimum 25 k\u00e9pvisel\u0151nek kell meg\u00e1llapodnia legal\u00e1bb h\u00e9t uni\u00f3s tag\u00e1llamb\u00f3l. A frakci\u00f3alak\u00edt\u00e1si sz\u00e1nd\u00e9kot legk\u00e9s\u0151bb j\u00fanius 24-ig kell bejelenteni.<br \/>\n    Az \u00e1tlagos r\u00e9szv\u00e9teli ar\u00e1ny 50,95 sz\u00e1zal\u00e9kos volt, magasabb, mint az elm\u00falt h\u00fasz \u00e9vben b\u00e1rmikor.<br \/>\n    Az Eur\u00f3pai Uni\u00f3ban nagyj\u00e1b\u00f3l 426 milli\u00f3 v\u00e1laszt\u00e1sra jogosult szavazhatott \u00f6sszesen t\u00f6bb mint 15 ezer jel\u00f6ltre.<br \/>\n    Eddig az EPP-nek 217, az S&#038;D-nek 186, az ECR-nek 75, az ALDE-nak 68, a z\u00f6ldeknek \u00e9s a GUE-NGL-nek 52, az EFDD-nek 41, az ENF-nek 37 k\u00e9pvisel\u0151je volt.<br \/>\n    A frakci\u00f3k k\u00f6z\u00f6tti er\u0151viszonyok kihat\u00e1ssal lehetnek a jogalkot\u00e1si elj\u00e1r\u00e1sok mellett az Eur\u00f3pai Bizotts\u00e1g eln\u00f6k\u00e9nek, tagjainak j\u00f3v\u00e1hagy\u00e1s\u00e1ra is, illetve az EP-s szakbizotts\u00e1goknak, poz\u00edci\u00f3knak is t\u00fckr\u00f6zni\u00fck kell a test\u00fclet politikai \u00f6sszet\u00e9tel\u00e9t.(MTI)<\/p>\n","protected":false},"excerpt":{"rendered":"<p>A v\u00e1rakoz\u00e1soknak megfelel\u0151en az Eur\u00f3pai N\u00e9pp\u00e1rt\u00e9 (EPP) lesz a legnagyobb frakci\u00f3 az Eur\u00f3pai Parlamentben a v\u00e1laszt\u00e1sok k\u00f6zel v\u00e9gleges eredm\u00e9nyein alapul\u00f3, vas\u00e1rnap \u00e9jszaka k\u00f6zz\u00e9tett utols\u00f3 mand\u00e1tumbecsl\u00e9s szerint.<\/p>\n","protected":false},"author":1,"featured_media":0,"comment_status":"closed","ping_status":"open","sticky":false,"template":"","format":"standard","meta":[],"categories":[4,12],"tags":[],"_links":{"self":[{"href":"https:\/\/gazdasagportal.hu\/index.php\/wp-json\/wp\/v2\/posts\/116326"}],"collection":[{"href":"https:\/\/gazdasagportal.hu\/index.php\/wp-json\/wp\/v2\/posts"}],"about":[{"href":"https:\/\/gazdasagportal.hu\/index.php\/wp-json\/wp\/v2\/types\/post"}],"author":[{"embeddable":true,"href":"https:\/\/gazdasagportal.hu\/index.php\/wp-json\/wp\/v2\/users\/1"}],"replies":[{"embeddable":true,"href":"https:\/\/gazdasagportal.hu\/index.php\/wp-json\/wp\/v2\/comments?post=116326"}],"version-history":[{"count":1,"href":"https:\/\/gazdasagportal.hu\/index.php\/wp-json\/wp\/v2\/posts\/116326\/revisions"}],"predecessor-version":[{"id":116327,"href":"https:\/\/gazdasagportal.hu\/index.php\/wp-json\/wp\/v2\/posts\/116326\/revisions\/116327"}],"wp:attachment":[{"href":"https:\/\/gazdasagportal.hu\/index.php\/wp-json\/wp\/v2\/media?parent=116326"}],"wp:term":[{"taxonomy":"category","embeddable":true,"href":"https:\/\/gazdasagportal.hu\/index.php\/wp-json\/wp\/v2\/categories?post=116326"},{"taxonomy":"post_tag","embeddable":true,"href":"https:\/\/gazdasagportal.hu\/index.php\/wp-json\/wp\/v2\/tags?post=116326"}],"curies":[{"name":"wp","href":"https:\/\/api.w.org\/{rel}","templated":true}]}}