{"id":116296,"date":"2019-05-25T12:17:34","date_gmt":"2019-05-25T10:17:34","guid":{"rendered":"http:\/\/gazdasagportal.hu\/?p=116296"},"modified":"2019-05-25T10:18:50","modified_gmt":"2019-05-25T08:18:50","slug":"ep-valasztas-a-hetvegen-is-hivhato-a-valasztasi-informacios-szolgalat","status":"publish","type":"post","link":"https:\/\/gazdasagportal.hu\/index.php\/ep-valasztas-a-hetvegen-is-hivhato-a-valasztasi-informacios-szolgalat\/","title":{"rendered":"EP-v\u00e1laszt\u00e1s &#8211; A h\u00e9tv\u00e9g\u00e9n is h\u00edvhat\u00f3 a V\u00e1laszt\u00e1si Inform\u00e1ci\u00f3s Szolg\u00e1lat"},"content":{"rendered":"<p><strong>Az Eur\u00f3pai Parlament (EP) magyar tagjainak v\u00e1laszt\u00e1sa idej\u00e9n is h\u00edvhat\u00f3 a V\u00e1laszt\u00e1si Inform\u00e1ci\u00f3s Szolg\u00e1lat (VISZ) t\u00e1j\u00e9koztat\u00f3 vonala, a v\u00e1laszt\u00f3k a vas\u00e1rnapi voksol\u00e1ssal kapcsolatos k\u00e9rd\u00e9seikre kaphatnak v\u00e1laszt.<\/strong><!--more--><\/p>\n<div class=\"ads-in-post1\"><div id=\"gazdasagportal.hu_fullbanner_wideboard\"><\/div>\r\n<\/div>\n<p>A v\u00e1laszt\u00e1si elj\u00e1r\u00e1si t\u00f6rv\u00e9ny a v\u00e1laszt\u00e1si irod\u00e1k &#8211; \u00edgy a Nemzeti V\u00e1laszt\u00e1si Iroda &#8211; k\u00f6telez\u0151 feladat\u00e1v\u00e1 teszi a v\u00e1laszt\u00f3polg\u00e1rok t\u00e1j\u00e9koztat\u00e1s\u00e1t, ennek egyik form\u00e1ja a v\u00e1laszt\u00e1si inform\u00e1ci\u00f3s szolg\u00e1latok m\u0171k\u00f6dtet\u00e9se.<br \/>\nA v\u00e1laszt\u00e1si inform\u00e1ci\u00f3s szolg\u00e1lat seg\u00edt az \u00e9rdekl\u0151d\u0151knek eligazodni a v\u00e1laszt\u00e1ssal kapcsolatos jogi, igazgat\u00e1si, informatikai, p\u00e9nz\u00fcgyi, valamint adatszolg\u00e1ltat\u00e1ssal kapcsolatos k\u00e9rd\u00e9sekben. T\u00e1j\u00e9koztatj\u00e1k a hozz\u00e1juk fordul\u00f3 v\u00e1laszt\u00f3polg\u00e1rokat, jel\u00f6l\u0151szervezeteket az EP-v\u00e1laszt\u00e1sra vonatkoz\u00f3 jogszab\u00e1lyokr\u00f3l, a v\u00e1laszt\u00f3jog gyakorl\u00e1s\u00e1hoz sz\u00fcks\u00e9ges inform\u00e1ci\u00f3kat adnak. T\u00e1j\u00e9koztat\u00e1st adnak tov\u00e1bb\u00e1 a v\u00e1laszt\u00e1si elj\u00e1r\u00e1sban k\u00f6zrem\u0171k\u00f6d\u0151 szervekr\u0151l \u00e9s a jogorvoslati lehet\u0151s\u00e9gekr\u0151l.<br \/>\n<div class=\"ads-in-post2\"><script async src=\"https:\/\/pagead2.googlesyndication.com\/pagead\/js\/adsbygoogle.js\"><\/script>\r\n<ins class=\"adsbygoogle\"\r\n     style=\"display:block\"\r\n     data-ad-format=\"fluid\"\r\n     data-ad-layout-key=\"-6t+ed+2i-1n-4w\"\r\n     data-ad-client=\"ca-pub-1959107119989764\"\r\n     data-ad-slot=\"4008251320\"><\/ins>\r\n<script>\r\n     (adsbygoogle = window.adsbygoogle || []).push({});\r\n<\/script><\/div>\nA helyi VISZ-ek c\u00edm\u00e9t \u00e9s egy\u00e9b el\u00e9rhet\u0151s\u00e9geit k\u00f6zz\u00e9teszik az NVI honlapj\u00e1n (<strong><a title=\"Hely megnyit\u00e1sa\" href=\"https:\/\/www.valasztas.hu\/valasztasi-irodak-elerhetosegei_ep2019\" target=\"_blank\" rel=\"noopener noreferrer\">https:\/\/www.valasztas.hu\/valasztasi-irodak-elerhetosegei_ep2019<\/a><\/strong>).<br \/>\nAz Alkotm\u00e1ny utcai k\u00f6zponti V\u00e1laszt\u00e1si Inform\u00e1ci\u00f3s Szolg\u00e1latn\u00e1l a 06-1-795-3310-as telefonsz\u00e1mon fogadj\u00e1k a h\u00edv\u00e1sokat a szavaz\u00e1s napj\u00e1n reggel 6-t\u00f3l legal\u00e1bb este 7 \u00f3r\u00e1ig.<br \/>\nEddig j\u00f3r\u00e9szt a hat\u00e1ron t\u00fal \u00e9l\u0151 magyar \u00e1llampolg\u00e1rok v\u00e1laszt\u00e1si regisztr\u00e1ci\u00f3j\u00e1nak lehet\u0151s\u00e9g\u00e9r\u0151l, az \u00e1tjelentkez\u00e9sr\u0151l \u00e9s a k\u00fclk\u00e9pviseleti szavaz\u00e1sr\u00f3l \u00e9rdekl\u0151dtek a szolg\u00e1latn\u00e1l, de vas\u00e1rnapt\u00f3l m\u00e1r ink\u00e1bb arr\u00f3l \u00e9rdekl\u0151dnek majd feltehet\u0151en a v\u00e1laszt\u00f3k, hogy hol, melyik szavaz\u00f3k\u00f6rben adhatj\u00e1k le voksukat.<br \/>\nA k\u00f6zponti VISZ munkat\u00e1rsait az NVI Alkotm\u00e1ny utcai \u00e9p\u00fclet\u00e9ben szem\u00e9lyesen is megkereshetik azok, akiknek k\u00e9rd\u00e9s\u00fck van a v\u00e1laszt\u00e1ssal kapcsolatban. Az NVI v\u00e1laszt\u00e1si inform\u00e1ci\u00f3s szolg\u00e1lata elektronikus leveleket is fogad a\u00a0<a title=\"Lev\u00e9l k\u00fcld\u00e9se\" href=\"mailto:visz@nvi.hu\" target=\"_blank\" rel=\"noopener noreferrer\">visz@nvi.hu<\/a>\u00a0e-mail-c\u00edmen.(MTI)<\/p>\n<p>&nbsp;<\/p><div id=\"gazda-864939684\" class=\"gazda-tartalomban gazda-entity-placement\"><script async src=\"https:\/\/pagead2.googlesyndication.com\/pagead\/js\/adsbygoogle.js\"><\/script>\r\n<ins class=\"adsbygoogle\"\r\n     style=\"display:block\"\r\n     data-ad-format=\"fluid\"\r\n     data-ad-layout-key=\"-6t+ed+2i-1n-4w\"\r\n     data-ad-client=\"ca-pub-1959107119989764\"\r\n     data-ad-slot=\"4008251320\"><\/ins>\r\n<script>\r\n     (adsbygoogle = window.adsbygoogle || []).push({});\r\n<\/script><\/div>\n","protected":false},"excerpt":{"rendered":"<p>Az Eur\u00f3pai Parlament (EP) magyar tagjainak v\u00e1laszt\u00e1sa idej\u00e9n is h\u00edvhat\u00f3 a V\u00e1laszt\u00e1si Inform\u00e1ci\u00f3s Szolg\u00e1lat (VISZ) t\u00e1j\u00e9koztat\u00f3 vonala, a v\u00e1laszt\u00f3k a vas\u00e1rnapi voksol\u00e1ssal kapcsolatos k\u00e9rd\u00e9seikre kaphatnak v\u00e1laszt.<\/p>\n","protected":false},"author":1001003,"featured_media":0,"comment_status":"closed","ping_status":"open","sticky":false,"template":"","format":"standard","meta":[],"categories":[4,12],"tags":[],"_links":{"self":[{"href":"https:\/\/gazdasagportal.hu\/index.php\/wp-json\/wp\/v2\/posts\/116296"}],"collection":[{"href":"https:\/\/gazdasagportal.hu\/index.php\/wp-json\/wp\/v2\/posts"}],"about":[{"href":"https:\/\/gazdasagportal.hu\/index.php\/wp-json\/wp\/v2\/types\/post"}],"author":[{"embeddable":true,"href":"https:\/\/gazdasagportal.hu\/index.php\/wp-json\/wp\/v2\/users\/1001003"}],"replies":[{"embeddable":true,"href":"https:\/\/gazdasagportal.hu\/index.php\/wp-json\/wp\/v2\/comments?post=116296"}],"version-history":[{"count":1,"href":"https:\/\/gazdasagportal.hu\/index.php\/wp-json\/wp\/v2\/posts\/116296\/revisions"}],"predecessor-version":[{"id":116297,"href":"https:\/\/gazdasagportal.hu\/index.php\/wp-json\/wp\/v2\/posts\/116296\/revisions\/116297"}],"wp:attachment":[{"href":"https:\/\/gazdasagportal.hu\/index.php\/wp-json\/wp\/v2\/media?parent=116296"}],"wp:term":[{"taxonomy":"category","embeddable":true,"href":"https:\/\/gazdasagportal.hu\/index.php\/wp-json\/wp\/v2\/categories?post=116296"},{"taxonomy":"post_tag","embeddable":true,"href":"https:\/\/gazdasagportal.hu\/index.php\/wp-json\/wp\/v2\/tags?post=116296"}],"curies":[{"name":"wp","href":"https:\/\/api.w.org\/{rel}","templated":true}]}}