{"id":116294,"date":"2019-05-25T10:16:51","date_gmt":"2019-05-25T08:16:51","guid":{"rendered":"http:\/\/gazdasagportal.hu\/?p=116294"},"modified":"2019-05-25T10:16:51","modified_gmt":"2019-05-25T08:16:51","slug":"ep-valasztas-rendkivuli-nyitvatartas-a-kormanyablakokban-es-okmanyirodakban-a-hetvegen","status":"publish","type":"post","link":"https:\/\/gazdasagportal.hu\/index.php\/ep-valasztas-rendkivuli-nyitvatartas-a-kormanyablakokban-es-okmanyirodakban-a-hetvegen\/","title":{"rendered":"EP-v\u00e1laszt\u00e1s &#8211; Rendk\u00edv\u00fcli nyitvatart\u00e1s a korm\u00e1nyablakokban \u00e9s okm\u00e1nyirod\u00e1kban a h\u00e9tv\u00e9g\u00e9n"},"content":{"rendered":"<p><strong>Tekintettel az eur\u00f3pai parlamenti (EP-) v\u00e1laszt\u00e1sra, rendk\u00edv\u00fcli nyitvatart\u00e1s van a h\u00e9tv\u00e9g\u00e9n a korm\u00e1nyablakokban, okm\u00e1nyirod\u00e1kban, hogy a lej\u00e1rt szem\u00e9lyi okm\u00e1nyok helyett \u00fajakat ig\u00e9nyelhessenek a v\u00e1laszt\u00f3polg\u00e1rok.<\/strong><!--more--><\/p>\n<div class=\"ads-in-post1\"><div id=\"gazdasagportal.hu_fullbanner_wideboard\"><\/div>\r\n<\/div>\n<p>A v\u00e1laszt\u00e1si t\u00f6rv\u00e9ny szerint csak azok vehetnek r\u00e9szt a szavaz\u00e1son, akik \u00e9rv\u00e9nyes okm\u00e1nyokkal igazolni tudj\u00e1k magukat, \u00e9s lakc\u00edmk\u00e1rty\u00e1jukat is magukkal viszik. Nem voksolhatnak, akik nem viszik magukkal a szavaz\u00f3k\u00f6r\u00f6kbe a sz\u00fcks\u00e9ges okm\u00e1nyokat, vagy az okm\u00e1nyok lej\u00e1rtak.<br \/>\nA Minisztereln\u00f6ks\u00e9g kor\u00e1bban k\u00f6z\u00f6lte: annak \u00e9rdek\u00e9ben, hogy minden v\u00e1laszt\u00e1sra jogosult szavazhasson az EP tagjainak v\u00e1laszt\u00e1s\u00e1n, a v\u00e1laszt\u00e1s h\u00e9tv\u00e9g\u00e9j\u00e9n rendk\u00edv\u00fcli nyitvatart\u00e1si rend lesz \u00e9rv\u00e9nyben a korm\u00e1nyablakkal, okm\u00e1nyirod\u00e1val rendelkez\u0151 telep\u00fcl\u00e9seken.<br \/>\n<div class=\"ads-in-post2\"><script async src=\"https:\/\/pagead2.googlesyndication.com\/pagead\/js\/adsbygoogle.js\"><\/script>\r\n<ins class=\"adsbygoogle\"\r\n     style=\"display:block\"\r\n     data-ad-format=\"fluid\"\r\n     data-ad-layout-key=\"-6t+ed+2i-1n-4w\"\r\n     data-ad-client=\"ca-pub-1959107119989764\"\r\n     data-ad-slot=\"4008251320\"><\/ins>\r\n<script>\r\n     (adsbygoogle = window.adsbygoogle || []).push({});\r\n<\/script><\/div>\nA nyitva tart\u00f3 korm\u00e1nyablakok \u00e9s okm\u00e1nyirod\u00e1k list\u00e1ja a\u00a0<strong><a title=\"Hely megnyit\u00e1sa\" href=\"https:\/\/kormanyablak.hu\/hu\/rendkivuli-nyitvatartas\" target=\"_blank\" rel=\"noopener noreferrer\">https:\/\/kormanyablak.hu\/hu\/rendkivuli-nyitvatartas<\/a><\/strong>\u00a0c\u00edmen \u00e9rhet\u0151 el. Az \u00e9rintett korm\u00e1nyablakok \u00e9s okm\u00e1nyirod\u00e1k szombaton 8-14 \u00f3ra k\u00f6z\u00f6tt, vas\u00e1rnap 6-19 \u00f3ra k\u00f6z\u00f6tt lesznek nyitva a szem\u00e9lyazonos\u00edt\u00f3 okm\u00e1nyok cser\u00e9j\u00e9hez, illetve ki\u00e1ll\u00edt\u00e1s\u00e1hoz.(MTI)<\/p>\n<p>&nbsp;<\/p><div id=\"gazda-1725244239\" class=\"gazda-tartalomban gazda-entity-placement\"><script async src=\"https:\/\/pagead2.googlesyndication.com\/pagead\/js\/adsbygoogle.js\"><\/script>\r\n<ins class=\"adsbygoogle\"\r\n     style=\"display:block\"\r\n     data-ad-format=\"fluid\"\r\n     data-ad-layout-key=\"-6t+ed+2i-1n-4w\"\r\n     data-ad-client=\"ca-pub-1959107119989764\"\r\n     data-ad-slot=\"4008251320\"><\/ins>\r\n<script>\r\n     (adsbygoogle = window.adsbygoogle || []).push({});\r\n<\/script><\/div>\n","protected":false},"excerpt":{"rendered":"<p>Tekintettel az eur\u00f3pai parlamenti (EP-) v\u00e1laszt\u00e1sra, rendk\u00edv\u00fcli nyitvatart\u00e1s van a h\u00e9tv\u00e9g\u00e9n a korm\u00e1nyablakokban, okm\u00e1nyirod\u00e1kban, hogy a lej\u00e1rt szem\u00e9lyi okm\u00e1nyok helyett \u00fajakat ig\u00e9nyelhessenek a v\u00e1laszt\u00f3polg\u00e1rok.<\/p>\n","protected":false},"author":1001003,"featured_media":0,"comment_status":"closed","ping_status":"open","sticky":false,"template":"","format":"standard","meta":[],"categories":[4,12],"tags":[],"_links":{"self":[{"href":"https:\/\/gazdasagportal.hu\/index.php\/wp-json\/wp\/v2\/posts\/116294"}],"collection":[{"href":"https:\/\/gazdasagportal.hu\/index.php\/wp-json\/wp\/v2\/posts"}],"about":[{"href":"https:\/\/gazdasagportal.hu\/index.php\/wp-json\/wp\/v2\/types\/post"}],"author":[{"embeddable":true,"href":"https:\/\/gazdasagportal.hu\/index.php\/wp-json\/wp\/v2\/users\/1001003"}],"replies":[{"embeddable":true,"href":"https:\/\/gazdasagportal.hu\/index.php\/wp-json\/wp\/v2\/comments?post=116294"}],"version-history":[{"count":1,"href":"https:\/\/gazdasagportal.hu\/index.php\/wp-json\/wp\/v2\/posts\/116294\/revisions"}],"predecessor-version":[{"id":116295,"href":"https:\/\/gazdasagportal.hu\/index.php\/wp-json\/wp\/v2\/posts\/116294\/revisions\/116295"}],"wp:attachment":[{"href":"https:\/\/gazdasagportal.hu\/index.php\/wp-json\/wp\/v2\/media?parent=116294"}],"wp:term":[{"taxonomy":"category","embeddable":true,"href":"https:\/\/gazdasagportal.hu\/index.php\/wp-json\/wp\/v2\/categories?post=116294"},{"taxonomy":"post_tag","embeddable":true,"href":"https:\/\/gazdasagportal.hu\/index.php\/wp-json\/wp\/v2\/tags?post=116294"}],"curies":[{"name":"wp","href":"https:\/\/api.w.org\/{rel}","templated":true}]}}