{"id":116292,"date":"2019-05-24T21:48:36","date_gmt":"2019-05-24T19:48:36","guid":{"rendered":"http:\/\/gazdasagportal.hu\/?p=116292"},"modified":"2019-05-24T20:49:41","modified_gmt":"2019-05-24T18:49:41","slug":"a-kika-eladta-magyarorszagi-es-meg-harom-kelet-kozep-europai-orszagban-mukodo-uzlethalozatat","status":"publish","type":"post","link":"https:\/\/gazdasagportal.hu\/index.php\/a-kika-eladta-magyarorszagi-es-meg-harom-kelet-kozep-europai-orszagban-mukodo-uzlethalozatat\/","title":{"rendered":"A Kika eladta magyarorsz\u00e1gi \u00e9s m\u00e9g h\u00e1rom kelet-k\u00f6z\u00e9p-eur\u00f3pai orsz\u00e1gban m\u0171k\u00f6d\u0151 \u00fczleth\u00e1l\u00f3zat\u00e1t"},"content":{"rendered":"<p><strong>A Kika lakberendez\u00e9si \u00e1ruh\u00e1zl\u00e1nc tulajdonosa, az osztr\u00e1k Signa Csoport eladta magyarorsz\u00e1gi, csehorsz\u00e1gi, szlov\u00e1kiai \u00e9s rom\u00e1niai \u00fczleteit az XXXLutz osztr\u00e1k c\u00e9gnek &#8211; jelentette a Die Presse c\u00edm\u0171 osztr\u00e1k napilap p\u00e9nteken.<\/strong><!--more--><\/p>\n<div class=\"ads-in-post1\"><div id=\"gazdasagportal.hu_fullbanner_wideboard\"><\/div>\r\n<\/div>\n<p>Az \u00faj tulajdonos Magyarorsz\u00e1gon a M\u00f6max h\u00e1l\u00f3zatot is birtokolja.<br \/>\nA Signa k\u00f6zl\u00e9se szerint a vonatkoz\u00f3 szerz\u0151d\u00e9st m\u00e1r \u00e1prilis 26-\u00e1n al\u00e1\u00edrt\u00e1k. A Kika ezent\u00fal teljes m\u00e9rt\u00e9kben az ausztriai \u00fczleth\u00e1l\u00f3zat\u00e1ra akar \u00f6sszpontos\u00edtani. \u00a0\u00a0\u00a0\u00a0A szerz\u0151d\u00e9s \u00e9rtelm\u00e9ben 22 ingatlan \u00e9s 1500 dolgoz\u00f3 cser\u00e9l gazd\u00e1t. A v\u00e9tel\u00e1rat az ausztriai \u00fczletekbe fektetik azzal a c\u00e9llal, hogy a kika\/Leiner moderniz\u00e1l\u00e1s\u00e1val tov\u00e1bb dinamiz\u00e1lj\u00e1k a hazai h\u00e1l\u00f3zatot, amelybe m\u00e1r eddig is t\u00f6bb sz\u00e1zmilli\u00f3 eur\u00f3t inveszt\u00e1ltak &#8211; mondta el a lapnak Christoph Stadlhuber, az osztr\u00e1k c\u00e9g \u00fcgyvezet\u0151je.<br \/>\n<div class=\"ads-in-post2\"><script async src=\"https:\/\/pagead2.googlesyndication.com\/pagead\/js\/adsbygoogle.js\"><\/script>\r\n<ins class=\"adsbygoogle\"\r\n     style=\"display:block\"\r\n     data-ad-format=\"fluid\"\r\n     data-ad-layout-key=\"-6t+ed+2i-1n-4w\"\r\n     data-ad-client=\"ca-pub-1959107119989764\"\r\n     data-ad-slot=\"4008251320\"><\/ins>\r\n<script>\r\n     (adsbygoogle = window.adsbygoogle || []).push({});\r\n<\/script><\/div>\u00a0\u00a0\u00a0\u00a0Thomas Saliger, a XXXLutz sz\u00f3viv\u0151je a Press\u00e9nek nyilatkozva elmondta: c\u00e9ljuk az, hogy minden egyes orsz\u00e1gban, ahol jelen vannak, \u0151k legyenek a piacvezet\u0151k. A XXXLutz az \u00fcgylet nyom\u00e1n m\u00e1r 304 egys\u00e9ggel \u00e9s t\u00f6bb mint 23 ezer dolgoz\u00f3val rendelkezik 12 orsz\u00e1gban. \u00a0\u00a0\u00a0\u00a0A v\u00e9tel\u00e1rat a felek titokban tartj\u00e1k. A tulajdoncsere a versenyhat\u00f3s\u00e1g j\u00f3v\u00e1hagy\u00e1sa ut\u00e1n l\u00e9p \u00e9letbe.(MTI)<\/p>\n<p>&nbsp;<\/p><div id=\"gazda-2957452291\" class=\"gazda-tartalomban gazda-entity-placement\"><script async src=\"https:\/\/pagead2.googlesyndication.com\/pagead\/js\/adsbygoogle.js\"><\/script>\r\n<ins class=\"adsbygoogle\"\r\n     style=\"display:block\"\r\n     data-ad-format=\"fluid\"\r\n     data-ad-layout-key=\"-6t+ed+2i-1n-4w\"\r\n     data-ad-client=\"ca-pub-1959107119989764\"\r\n     data-ad-slot=\"4008251320\"><\/ins>\r\n<script>\r\n     (adsbygoogle = window.adsbygoogle || []).push({});\r\n<\/script><\/div>\n","protected":false},"excerpt":{"rendered":"<p>A Kika lakberendez\u00e9si \u00e1ruh\u00e1zl\u00e1nc tulajdonosa, az osztr\u00e1k Signa Csoport eladta magyarorsz\u00e1gi, csehorsz\u00e1gi, szlov\u00e1kiai \u00e9s rom\u00e1niai \u00fczleteit az XXXLutz osztr\u00e1k c\u00e9gnek &#8211; jelentette a Die Presse c\u00edm\u0171 osztr\u00e1k napilap p\u00e9nteken.<\/p>\n","protected":false},"author":1001003,"featured_media":0,"comment_status":"closed","ping_status":"open","sticky":false,"template":"","format":"standard","meta":[],"categories":[4,19],"tags":[],"_links":{"self":[{"href":"https:\/\/gazdasagportal.hu\/index.php\/wp-json\/wp\/v2\/posts\/116292"}],"collection":[{"href":"https:\/\/gazdasagportal.hu\/index.php\/wp-json\/wp\/v2\/posts"}],"about":[{"href":"https:\/\/gazdasagportal.hu\/index.php\/wp-json\/wp\/v2\/types\/post"}],"author":[{"embeddable":true,"href":"https:\/\/gazdasagportal.hu\/index.php\/wp-json\/wp\/v2\/users\/1001003"}],"replies":[{"embeddable":true,"href":"https:\/\/gazdasagportal.hu\/index.php\/wp-json\/wp\/v2\/comments?post=116292"}],"version-history":[{"count":1,"href":"https:\/\/gazdasagportal.hu\/index.php\/wp-json\/wp\/v2\/posts\/116292\/revisions"}],"predecessor-version":[{"id":116293,"href":"https:\/\/gazdasagportal.hu\/index.php\/wp-json\/wp\/v2\/posts\/116292\/revisions\/116293"}],"wp:attachment":[{"href":"https:\/\/gazdasagportal.hu\/index.php\/wp-json\/wp\/v2\/media?parent=116292"}],"wp:term":[{"taxonomy":"category","embeddable":true,"href":"https:\/\/gazdasagportal.hu\/index.php\/wp-json\/wp\/v2\/categories?post=116292"},{"taxonomy":"post_tag","embeddable":true,"href":"https:\/\/gazdasagportal.hu\/index.php\/wp-json\/wp\/v2\/tags?post=116292"}],"curies":[{"name":"wp","href":"https:\/\/api.w.org\/{rel}","templated":true}]}}