{"id":116280,"date":"2019-05-24T13:57:26","date_gmt":"2019-05-24T11:57:26","guid":{"rendered":"http:\/\/gazdasagportal.hu\/?p=116280"},"modified":"2019-05-24T13:57:26","modified_gmt":"2019-05-24T11:57:26","slug":"brexit-eu-bizottsag-theresa-may-lemondasa-nem-valtoztat-az-eu-allaspontjan","status":"publish","type":"post","link":"https:\/\/gazdasagportal.hu\/index.php\/brexit-eu-bizottsag-theresa-may-lemondasa-nem-valtoztat-az-eu-allaspontjan\/","title":{"rendered":"Brexit &#8211; EU-bizotts\u00e1g: Theresa May lemond\u00e1sa nem v\u00e1ltoztat az EU \u00e1ll\u00e1spontj\u00e1n"},"content":{"rendered":"<p><strong>Theresa May brit minisztereln\u00f6k lemond\u00e1sa nem v\u00e1ltoztat az Eur\u00f3pai Uni\u00f3 \u00e9s tagorsz\u00e1gai \u00e1ltal elfogadott, Nagy-Britannia uni\u00f3s tags\u00e1g\u00e1nak megsz\u0171n\u00e9s\u00e9r\u0151l (Brexit) kialak\u00edtott \u00e1ll\u00e1spontj\u00e1n, a kil\u00e9p\u00e9si meg\u00e1llapod\u00e1st az uni\u00f3 \u00e9rv\u00e9nyesnek tartja, b\u00e1rki is legyen a szigetorsz\u00e1g \u00faj minisztereln\u00f6ke &#8211; jelentette ki Mina Andreeva, az Eur\u00f3pai Bizotts\u00e1g egyik sz\u00f3viv\u0151je a test\u00fclet szok\u00e1sos d\u00e9li sajt\u00f3t\u00e1j\u00e9koztat\u00f3j\u00e1n p\u00e9nteken.<\/strong><!--more--><\/p>\n<div class=\"ads-in-post1\"><div id=\"gazdasagportal.hu_fullbanner_wideboard\"><\/div>\r\n<\/div>\n<p>    \u00dajs\u00e1g\u00edr\u00f3i k\u00e9rd\u00e9sre v\u00e1laszolva elmondta: Jean-Claude Juncker, az Eur\u00f3pai Bizotts\u00e1g eln\u00f6ke a brit korm\u00e1nyf\u0151 lemond\u00e1s\u00e1t nem fogadta \u00f6r\u00f6mmel, ugyanakkor d\u00f6nt\u00e9s\u00e9\u00e9rt elismer\u00e9s\u00e9t fejezte ki, \u00e9s &#8222;b\u00e1tor n\u0151nek&#8221; nevezte.<br \/>\n    Juncker szavait tolm\u00e1csolva a sz\u00f3viv\u0151 kiemelte, hogy az eln\u00f6k kedvelte \u00e9s nagyra \u00e9rt\u00e9kelte a brit korm\u00e1nyf\u0151vel folytatott k\u00f6z\u00f6s munk\u00e1t. Hozz\u00e1tette, Juncker k\u00e9szen \u00e1ll, hogy j\u00f3 munkakapcsolatot alak\u00edtson ki a j\u00f6v\u0151beni, \u00faj brit minisztereln\u00f6kkel is &#8211; k\u00f6z\u00f6lte.<br \/>\n    Theresa May p\u00e9nteken bejelentette lemond\u00e1s\u00e1t, k\u00f6z\u00f6lve, hogy j\u00fanius 7-\u00e9n t\u00e1vozik a korm\u00e1nyz\u00f3 Konzervat\u00edv P\u00e1rt \u00e9l\u00e9r\u0151l. Ez minisztereln\u00f6ki megb\u00edzat\u00e1s\u00e1nak v\u00e9g\u00e9t is jelenti, de \u00fcgyvezet\u0151 min\u0151s\u00e9gben ut\u00f3da megv\u00e1laszt\u00e1s\u00e1ig ell\u00e1tja a korm\u00e1nyf\u0151i feladatokat.<br \/>\n<div class=\"ads-in-post2\"><script async src=\"https:\/\/pagead2.googlesyndication.com\/pagead\/js\/adsbygoogle.js\"><\/script>\r\n<ins class=\"adsbygoogle\"\r\n     style=\"display:block\"\r\n     data-ad-format=\"fluid\"\r\n     data-ad-layout-key=\"-6t+ed+2i-1n-4w\"\r\n     data-ad-client=\"ca-pub-1959107119989764\"\r\n     data-ad-slot=\"4008251320\"><\/ins>\r\n<script>\r\n     (adsbygoogle = window.adsbygoogle || []).push({});\r\n<\/script><\/div>\n    A Downing Street-i hivatala el\u0151tt felolvasott, k\u00f6nnyek k\u00f6z\u00f6tt befejezett hatperces nyilatkozat\u00e1ban May felid\u00e9zte, hogy h\u00e1romszor is megpr\u00f3b\u00e1lta elfogadtatni a parlamenttel a brit EU-tags\u00e1g megsz\u0171n\u00e9s\u00e9nek (Brexit) felt\u00e9telrendszer\u00e9t r\u00f6gz\u00edt\u0151 meg\u00e1llapod\u00e1st, de k\u00eds\u00e9rletei nem j\u00e1rtak sikerrel.<br \/>\n    Kijelentette: most is \u00fagy hiszi, hogy hely\u00e9nval\u00f3 volt a kitart\u00f3 pr\u00f3b\u00e1lkoz\u00e1s m\u00e9g akkor is, ha az es\u00e9lyek nem a sikernek kedveztek. M\u00e1ra azonban egy\u00e9rtelm\u0171v\u00e9 v\u00e1lt sz\u00e1m\u00e1ra, hogy az orsz\u00e1g \u00e9rdekeit az szolg\u00e1lja a legjobban, ha ezt az er\u0151fesz\u00edt\u00e9st egy \u00faj minisztereln\u00f6k folytatja &#8211; tette hozz\u00e1.(MTI)<\/p>\n","protected":false},"excerpt":{"rendered":"<p>Theresa May brit minisztereln\u00f6k lemond\u00e1sa nem v\u00e1ltoztat az Eur\u00f3pai Uni\u00f3 \u00e9s tagorsz\u00e1gai \u00e1ltal elfogadott, Nagy-Britannia uni\u00f3s tags\u00e1g\u00e1nak megsz\u0171n\u00e9s\u00e9r\u0151l (Brexit) kialak\u00edtott \u00e1ll\u00e1spontj\u00e1n, a kil\u00e9p\u00e9si meg\u00e1llapod\u00e1st az uni\u00f3 \u00e9rv\u00e9nyesnek tartja, b\u00e1rki is legyen a szigetorsz\u00e1g \u00faj minisztereln\u00f6ke &#8211; jelentette ki Mina Andreeva, az Eur\u00f3pai Bizotts\u00e1g egyik sz\u00f3viv\u0151je a test\u00fclet szok\u00e1sos d\u00e9li sajt\u00f3t\u00e1j\u00e9koztat\u00f3j\u00e1n p\u00e9nteken.<\/p>\n","protected":false},"author":1,"featured_media":0,"comment_status":"closed","ping_status":"open","sticky":false,"template":"","format":"standard","meta":[],"categories":[12],"tags":[],"_links":{"self":[{"href":"https:\/\/gazdasagportal.hu\/index.php\/wp-json\/wp\/v2\/posts\/116280"}],"collection":[{"href":"https:\/\/gazdasagportal.hu\/index.php\/wp-json\/wp\/v2\/posts"}],"about":[{"href":"https:\/\/gazdasagportal.hu\/index.php\/wp-json\/wp\/v2\/types\/post"}],"author":[{"embeddable":true,"href":"https:\/\/gazdasagportal.hu\/index.php\/wp-json\/wp\/v2\/users\/1"}],"replies":[{"embeddable":true,"href":"https:\/\/gazdasagportal.hu\/index.php\/wp-json\/wp\/v2\/comments?post=116280"}],"version-history":[{"count":1,"href":"https:\/\/gazdasagportal.hu\/index.php\/wp-json\/wp\/v2\/posts\/116280\/revisions"}],"predecessor-version":[{"id":116281,"href":"https:\/\/gazdasagportal.hu\/index.php\/wp-json\/wp\/v2\/posts\/116280\/revisions\/116281"}],"wp:attachment":[{"href":"https:\/\/gazdasagportal.hu\/index.php\/wp-json\/wp\/v2\/media?parent=116280"}],"wp:term":[{"taxonomy":"category","embeddable":true,"href":"https:\/\/gazdasagportal.hu\/index.php\/wp-json\/wp\/v2\/categories?post=116280"},{"taxonomy":"post_tag","embeddable":true,"href":"https:\/\/gazdasagportal.hu\/index.php\/wp-json\/wp\/v2\/tags?post=116280"}],"curies":[{"name":"wp","href":"https:\/\/api.w.org\/{rel}","templated":true}]}}