{"id":116278,"date":"2019-05-24T12:56:17","date_gmt":"2019-05-24T10:56:17","guid":{"rendered":"http:\/\/gazdasagportal.hu\/?p=116278"},"modified":"2019-05-24T12:56:17","modified_gmt":"2019-05-24T10:56:17","slug":"a-natura-co-es-az-avon-egyesulnek-es-letrehozzak-a-direkt-ertekesites-szepsegipari-oriasat","status":"publish","type":"post","link":"https:\/\/gazdasagportal.hu\/index.php\/a-natura-co-es-az-avon-egyesulnek-es-letrehozzak-a-direkt-ertekesites-szepsegipari-oriasat\/","title":{"rendered":"A Natura &#038;Co \u00e9s az AVON egyes\u00fclnek \u00e9s l\u00e9trehozz\u00e1k a direkt \u00e9rt\u00e9kes\u00edt\u00e9s sz\u00e9ps\u00e9gipari \u00f3ri\u00e1s\u00e1t"},"content":{"rendered":"<p><strong>2019 m\u00e1jus 22-\u00e9n a Natura &amp;Co bejelentette, hogy felv\u00e1s\u00e1rolja az Avon Products R\u00e9szv\u00e9nyt\u00e1rsas\u00e1got, ezzel l\u00e9trehozva vil\u00e1gszinten a negyedik legnagyobb, teljes m\u00e9rt\u00e9kben sz\u00e9ps\u00e9giparral foglalkoz\u00f3 v\u00e1llalatcsoportot.<\/strong><!--more--><\/p>\n<div class=\"ads-in-post1\"><div id=\"gazdasagportal.hu_fullbanner_wideboard\"><\/div>\r\n<\/div>\nA k\u00e9t v\u00e1llalat \u00f6sszeolvad\u00e1s\u00e1val &#8211; a kateg\u00f3ri\u00e1j\u00e1ban vezet\u0151, sz\u00e1mos m\u00e1rk\u00e1t mag\u00e1ba foglal\u00f3 \u00e9s t\u00f6bb \u00e9rt\u00e9kes\u00edt\u00e9si csatorn\u00e1val rendelkez\u0151 &#8211; k\u00f6zvetlen, napi szint\u0171 fogyaszt\u00f3i kapcsolatokkal rendelkez\u0151 sz\u00e9ps\u00e9gipari csoport j\u00f6n l\u00e9tre. A c\u00e9gcsoport vezet\u0151 poz\u00edci\u00f3t t\u00f6lthet be a direkt \u00e9rt\u00e9kes\u00edt\u00e9s ter\u00fclet\u00e9n, hiszen az AVON \u00e9s a Natura t\u00f6bb mint 6,3 milli\u00f3 Tan\u00e1csad\u00f3val, vil\u00e1gszerte 3200 \u00fczlettel, illetve kiterjedt digit\u00e1lis jelenl\u00e9ttel b\u00edr. Az egyes\u00edtett csoport v\u00e1rhat\u00f3 \u00e9ves brutt\u00f3 \u00e1rbev\u00e9tele meghaladja a 10 mill\u00e1rd USD-t, \u00e9s 40.000 alkalmazottj\u00e1val a vil\u00e1g t\u00f6bb mint 100 orsz\u00e1g\u00e1ban lesz jelen.<\/p>\n<p>A kib\u0151v\u00fclt csoport vil\u00e1gszerte t\u00f6bb mint 200 milli\u00f3 v\u00e1s\u00e1rl\u00f3 sz\u00e1m\u00e1ra k\u00edn\u00e1l sz\u00e9ps\u00e9g\u00e1pol\u00e1si term\u00e9keket, mindezt a vil\u00e1gszinten is ismert m\u00e1rk\u00e1kra, a kapcsolat\u00e9p\u00edt\u00e9s ir\u00e1nti elk\u00f6telezetts\u00e9gre \u00e9s az omnichannel lehet\u0151s\u00e9geire \u00e9p\u00edtve. Az AVON egy olyan sz\u00e9lesk\u00f6r\u0171 m\u00e1rkaportf\u00f3li\u00f3 r\u00e9sze lesz, amelynek a Natura, a The Body Shop, illetve az Aesop is tagja, \u00edgy teljesk\u00f6r\u0171bben tudja majd kiszolg\u00e1lni a k\u00fcl\u00f6nb\u00f6z\u0151 fogyaszt\u00f3i szegmenseket, emellett kiterjesztheti nemcsak \u00e9rt\u00e9kes\u00edt\u00e9si csatorn\u00e1inak, de nemzetk\u00f6zi jelenl\u00e9t\u00e9nek hat\u00e1rait is.<\/p>\n<p>Az AVON-t \u00e9s a Natura-t egyar\u00e1nt elhivatott szem\u00e9lyek alap\u00edtott\u00e1k, akik f\u00fcggetlen, els\u0151sorban n\u0151i v\u00e1llalkoz\u00f3k seg\u00edts\u00e9g\u00e9vel \u00e9rik el a v\u00e1s\u00e1rl\u00f3ikat. \u0150k nemcsak m\u00e1rkanagyk\u00f6vetek, hanem sz\u00e9ps\u00e9g tan\u00e1csad\u00f3k is egyben.<\/p><div id=\"gazda-1317696541\" class=\"gazda-tartalomban gazda-entity-placement\"><script async src=\"https:\/\/pagead2.googlesyndication.com\/pagead\/js\/adsbygoogle.js\"><\/script>\r\n<ins class=\"adsbygoogle\"\r\n     style=\"display:block\"\r\n     data-ad-format=\"fluid\"\r\n     data-ad-layout-key=\"-6t+ed+2i-1n-4w\"\r\n     data-ad-client=\"ca-pub-1959107119989764\"\r\n     data-ad-slot=\"4008251320\"><\/ins>\r\n<script>\r\n     (adsbygoogle = window.adsbygoogle || []).push({});\r\n<\/script><\/div>\n<p>Az AVON egy t\u00f6bb mint 130 \u00e9ves m\u00faltra visszatekint\u0151, ikonikus m\u00e1rka \u00e9s egyben a vil\u00e1g vezet\u0151 direkt\u00e9rt\u00e9kes\u00edt\u0151 sz\u00e9ps\u00e9gipari v\u00e1llalata. Versenyk\u00e9pes m\u00e1rk\u00e1i a legfontosabb sz\u00e9ps\u00e9g\u00e1pol\u00e1si kateg\u00f3ri\u00e1kban sz\u00e1mtalan piacon jelent\u0151s n\u00f6veked\u00e9si potenci\u00e1lt biztos\u00edtanak a j\u00f6v\u0151re n\u00e9zve.<\/p>\n<p>A Natura &amp;Co a t\u00e1rsul\u00e1sb\u00f3l fakad\u00f3 megtakar\u00edt\u00e1si lehet\u0151s\u00e9geket \u00e9ves szinten 150 \u00e9s 250 milli\u00f3 USD k\u00f6z\u00e9 becs\u00fcli, melynek egy r\u00e9sze a digit\u00e1lis \u00e9s k\u00f6z\u00f6ss\u00e9gi \u00e9rt\u00e9kes\u00edt\u00e9s, a kutat\u00e1s \u00e9s fejleszt\u00e9s \u00e9s egy\u00e9b m\u00e1rka aktiv\u00e1ci\u00f3k, valamint a csoport f\u00f6ldrajzi terjeszked\u00e9s\u00e9re lesz visszaforgatva.<\/p>\n<div class=\"ads-in-post2\"><script async src=\"https:\/\/pagead2.googlesyndication.com\/pagead\/js\/adsbygoogle.js\"><\/script>\r\n<ins class=\"adsbygoogle\"\r\n     style=\"display:block\"\r\n     data-ad-format=\"fluid\"\r\n     data-ad-layout-key=\"-6t+ed+2i-1n-4w\"\r\n     data-ad-client=\"ca-pub-1959107119989764\"\r\n     data-ad-slot=\"4008251320\"><\/ins>\r\n<script>\r\n     (adsbygoogle = window.adsbygoogle || []).push({});\r\n<\/script><\/div>\n\u201eMindig is tisztelettel \u00e9s csod\u00e1lattal n\u00e9zt\u00fcnk az AVON-ra. A Natura megalap\u00edt\u00e1sa a sz\u00e9ps\u00e9g\u00e1pol\u00e1s \u00e9s az emberi kapcsolatok ir\u00e1nti szenved\u00e9lyen nyugszik, a jelenlegi tranzakci\u00f3 pedig egy meghat\u00e1roz\u00f3 szerepl\u0151t hoz l\u00e9tre direkt \u00e9rt\u00e9kes\u00edt\u00e9s ter\u00fclet\u00e9n. A k\u00f6zvetlen \u00e9rt\u00e9kes\u00edt\u00e9s mindig is egy m\u0171k\u00f6d\u0151 t\u00e1rsadalmi modell volt, m\u00e1r j\u00f3val azel\u0151tt, hogy egy\u00e1ltal\u00e1n a kifejez\u00e9s l\u00e9tezett volna; a technol\u00f3gia \u00e9s a globaliz\u00e1ci\u00f3 megjelen\u00e9se pedig csak m\u00e9g tov\u00e1bb n\u00f6velte a fogyaszt\u00f3kkal val\u00f3 kapcsolatteremt\u00e9s m\u00f3dj\u00e1nak lehet\u0151s\u00e9geit. A peer-to-peer elad\u00e1si modell a k\u00f6z\u00f6ss\u00e9gi \u00e9rt\u00e9kes\u00edt\u00e9s ir\u00e1ny\u00e1ba halad, a digitaliz\u00e1ci\u00f3 ereje pedig lehet\u0151v\u00e9 teszi a csoport sz\u00e1m\u00e1ra, hogy t\u00fall\u00e9pjen a v\u00e1llalat kereskedelmi tev\u00e9kenys\u00e9g\u00e9n, \u00e9s a p\u00e9nz\u00fcgyi f\u00fcggetlens\u00e9g biztos\u00edt\u00e1sa r\u00e9v\u00e9n er\u0151s\u00edtse a n\u0151ket \u00e9s n\u00f6velje \u00f6nbizalmukat. Hisz\u00fcnk abban, hogy ez az \u00fczleti er\u0151 j\u00f3 c\u00e9lt szolg\u00e1l, \u00e9s az AVON-nal k\u00f6z\u00f6sen egyes\u00edteni tudjuk er\u0151inket, hogy egy folyamatosan b\u0151v\u00fcl\u0151 h\u00e1l\u00f3zaton kereszt\u00fcl t\u00e1rsadalmi, k\u00f6rnyezeti \u00e9s gazdas\u00e1gi \u00e9rt\u00e9ket teremts\u00fcnk\u201d \u2013 nyilatkozta Luiz Seabra, a Natura t\u00e1rs-alap\u00edt\u00f3ja<\/p>\n<p>Roberto Marques, a Natura &amp;Co \u00fcgyvezet\u0151 igazgat\u00f3ja kijelentette: \u201eAz Aesop 2013-as \u00e9s a The Body Shop 2017-es felv\u00e1s\u00e1rl\u00e1s\u00e1t k\u00f6vet\u0151en, a Natura &amp;Co egy \u00fajabb izgalmas \u00e9s meghat\u00e1roz\u00f3 l\u00e9p\u00e9st tesz annak \u00e9rdek\u00e9ben, hogy egy glob\u00e1lis, t\u00f6bbm\u00e1rk\u00e1s, t\u00f6bb \u00e9rt\u00e9kes\u00edt\u00e9si csatorn\u00e1s, c\u00e9lorient\u00e1lt csoportot hozzon l\u00e9tre. Az Avon leny\u0171g\u00f6z\u0151 v\u00e1llalat, egy ikonikus m\u00e1rka, amely szenved\u00e9llyel teli munkav\u00e1llal\u00f3kkal \u00e9s t\u00f6bb mint \u00f6tmilli\u00f3 lelkes Tan\u00e1csad\u00f3val rendelkezik, akik mind hisznek a t\u00e1rsadalmi kapcsolatok erej\u00e9ben. Egy\u00fctt tov\u00e1bb tudjuk er\u0151s\u00edteni digit\u00e1lis lehet\u0151s\u00e9geinket, a tan\u00e1csad\u00f3i \u00e9s k\u00e9pvisel\u0151i h\u00e1l\u00f3zatunkat. A glob\u00e1lis bolth\u00e1l\u00f3zat \u00e9s a k\u00fcl\u00f6nb\u00f6z\u0151 m\u00e1rk\u00e1k r\u00e9v\u00e9n elt\u00e9r\u0151 ig\u00e9ny\u0171 fogyaszt\u00f3k milli\u00f3it \u00e9rj\u00fck el, \u00a0egyedi k\u00f6z\u00f6ss\u00e9get hozunk l\u00e9tre, amely a tov\u00e1bbi n\u00f6veked\u00e9s nagyszer\u0171 t\u00e1ptalaja.\u201d<\/p>\n<p>Jan Zijderveld, az Avon vez\u00e9rigazgat\u00f3ja a k\u00f6vetkez\u0151k\u00e9ppen fogalmazott: \u201eEz az egyes\u00edt\u00e9s egy izgalmas, \u00faj fejezet kezdete az Avon 130 \u00e9ves t\u00f6rt\u00e9net\u00e9ben. Elismer\u00e9se az AVON eddigi er\u0151fesz\u00edt\u00e9seinek, hogy k\u00f6zelebb ker\u00fclj\u00f6n a fogyaszt\u00f3khoz \u00e9s lehet\u0151v\u00e9 teszi sz\u00e1munkra, hogy jelent\u0151sen felgyors\u00edtsuk strat\u00e9gi\u00e1nk v\u00e9grehajt\u00e1s\u00e1t \u00e9s tov\u00e1bb b\u0151v\u00edts\u00fck az online jelenl\u00e9t\u00fcnket. Az elm\u00falt \u00e9vben m\u00e1r megtett\u00fck az els\u0151 l\u00e9p\u00e9seket, melyek az AVON versenyk\u00e9pess\u00e9g\u00e9nek fokoz\u00e1s\u00e1t szolg\u00e1lj\u00e1k; a k\u00f6z\u00e9ppontba helyezve Tan\u00e1csad\u00f3inkat, egyszer\u0171s\u00edtve m\u0171k\u00f6d\u00e9s\u00fcnket \u00e9s moderniz\u00e1lva, illetve digitaliz\u00e1lva a m\u00e1rk\u00e1nkat. A Natura-val egy\u00fctt n\u00f6vekednek az innov\u00e1ci\u00f3s lehet\u0151s\u00e9geink, sz\u00e9lesedik term\u00e9kportf\u00f3li\u00f3nk, tov\u00e1bb\u00e1 er\u0151s\u00f6d\u00fcnk az e-kereskedelem \u00e9s a digit\u00e1lis eszk\u00f6z\u00f6k tekintet\u00e9ben is. Az\u00e1ltal hogy a Tan\u00e1csad\u00f3inknak pontosabb adatokat \u00e9s fejlettebb digit\u00e1lis eszk\u00f6z\u00f6ket tudunk biztos\u00edtani, a v\u00e1llalat \u00e9rt\u00e9k\u00e9t is n\u00f6velni tudjuk r\u00e9szv\u00e9nyeseink ir\u00e1ny\u00e1ba. A Natura t\u00e1mogat\u00e1s\u00e1val a legmodernebb technol\u00f3gi\u00e1kba fektet\u00fcnk, hogy kihaszn\u00e1ljuk a digitaliz\u00e1ci\u00f3ban rejl\u0151 el\u0151ny\u00f6ket \u00e9s fokozzuk Tan\u00e1csad\u00f3ink produktivit\u00e1s\u00e1t. Az AVON \u00e9s a Natura egyar\u00e1nt c\u00e9lorient\u00e1lt szervezetek, az egyes\u00edt\u00e9s pedig lehet\u0151v\u00e9 teszi sz\u00e1munkra, hogy Tan\u00e1csad\u00f3k milli\u00f3i sz\u00e1m\u00e1ra m\u00e9g magasabb szint\u0171 szolg\u00e1ltat\u00e1st ny\u00fajtsunk. Tessz\u00fck mindezt az AVON nemzetk\u00f6zi jelenl\u00e9t\u00e9re \u00e9s azon er\u0151s c\u00e9lunkra t\u00e1maszkodva, hogy Tan\u00e1csad\u00f3inknak a legjobb \u00e9lm\u00e9nyt biztos\u00edtsuk \u00e9s k\u00f6zben kereseti lehet\u0151s\u00e9get ny\u00fajtsunk sz\u00e1mukra.\u201d<\/p>\n<p>\u201eA legnagyobb priorit\u00e1s sz\u00e1munkra a tan\u00e1csad\u00f3i \u00e9lm\u00e9ny fokoz\u00e1sa, a nemzetk\u00f6zi terjeszked\u00e9s felgyors\u00edt\u00e1sa, a k\u00f6lts\u00e9gszerkezet\u00fcnk jav\u00edt\u00e1sa, a p\u00e9nz\u00fcgyi rugalmass\u00e1g n\u00f6vel\u00e9se, \u00e9s v\u00e9gs\u0151 soron a v\u00e1llalat hossz\u00fa t\u00e1v\u00fa n\u00f6veked\u00e9s\u00e9nek \u00e9s siker\u00e9nek biztos\u00edt\u00e1sa. Az Igazgat\u00f3tan\u00e1cs elk\u00f6telezett az annak \u00e9rdek\u00e9ben, hogy r\u00e9szv\u00e9nyeseink sz\u00e1m\u00e1ra \u00e9rt\u00e9ket teremts\u00fcnk; a Natur\u00e1val val\u00f3 t\u00e1rsul\u00e1s a j\u00f6v\u0151beni n\u00f6veked\u00e9s \u00faj korszak\u00e1t k\u00e9pviseli az AVON \u00e9let\u00e9ben. Az Avon Igazgat\u00f3tan\u00e1csa b\u00edzik abban, hogy a Natura az AVON m\u00e1rka er\u0151s partnere lesz, sz\u00e9lesk\u00f6r\u0171 \u00fczleti lehet\u0151s\u00e9geket, m\u0171k\u00f6d\u00e9si h\u00e1tteret biztos\u00edtva a munkav\u00e1llal\u00f3knak \u00e9s a Tan\u00e1csad\u00f3knak, valamint hatalmas \u00e9rt\u00e9kn\u00f6veked\u00e9si lehet\u0151s\u00e9get k\u00edn\u00e1lva mindk\u00e9t f\u00e9l r\u00e9szv\u00e9nyeseinek. \u00d6r\u00f6mmel t\u00e1mogatjuk ezt az \u00e1talakul\u00e1ssal j\u00e1r\u00f3 egyes\u00fcl\u00e9st\u201d \u2013 mondta Chan Galbato, az Avon Igazgat\u00f3tan\u00e1cs\u00e1nak eln\u00f6ke.<\/p>\n<p>A tranzakci\u00f3 r\u00e9szek\u00e9nt l\u00e9trej\u00f6tt egy \u00faj braz\u00edliai bejegyz\u00e9s\u0171 holding-t\u00e1rsas\u00e1g, a Natura Holding S.A. A Natura&amp;Co \u00e9s az Avon t\u00f6rzsr\u00e9szv\u00e9nyei k\u00f6z\u00f6tt r\u00f6gzitett, fix 0.300-as v\u00e1lt\u00f3sz\u00e1m\u00fa \u00e1tv\u00e1lt\u00e1si ar\u00e1ny alapj\u00e1n a Natura&amp;Co r\u00e9szv\u00e9nyesei az egyes\u00edtett v\u00e1llalat k\u00f6r\u00fclbel\u00fcl 76%-\u00e1t birtokolj\u00e1k, m\u00edg az Avon r\u00e9szv\u00e9nyesei k\u00f6r\u00fclbel\u00fcl a 24%-\u00e1t. A Natura 2019. m\u00e1rcius 21-i z\u00e1r\u00f3\u00e1r\u00e1nak megfelel\u0151en, egy nappal azel\u0151tt, hogy a Natura kiadta az Avon \u00e9s a Natura k\u00f6z\u00f6tti t\u00e1rgyal\u00e1sokat meger\u0151s\u00edt\u0151 k\u00f6zlem\u00e9ny\u00e9t, a tranzakci\u00f3 28%-os pr\u00e9miumot jelent az Avon r\u00e9szv\u00e9nytulajdonosok sz\u00e1m\u00e1ra. Ez a 2018-as EBIDTA \u00e9rt\u00e9k\u00e9nek 9,5-szeres\u00e9t vagy felt\u00e9telezve az egyes\u00fcl\u00e9s teljes hat\u00e1s\u00e1t, 5,6-szoros\u00e1t jelenti. A 2019. m\u00e1jus 21-i z\u00e1r\u00f3\u00e1rak alapj\u00e1n a tranzakci\u00f3 az Avon v\u00e1llalati \u00e9rt\u00e9k\u00e9t 3,7 milli\u00e1rd doll\u00e1rra becs\u00fcli, az egyes\u00edtett csoportnak pedig hozz\u00e1vet\u0151legesen 11 milli\u00e1rd doll\u00e1r a v\u00e1llalati \u00e9rt\u00e9ke. A tranzakci\u00f3 lez\u00e1rulta ut\u00e1n a Natura Holding S.A.-t a braz\u00edliai t\u0151zsd\u00e9n jegyzik majd, 55%-os k\u00f6zk\u00e9zh\u00e1nyaddal, emellett pedig a New York-i t\u0151zsd\u00e9n is jegyz\u00e9sre ker\u00fcl. Az AVON r\u00e9szv\u00e9nytulajdonsoknak szint\u00e9n lehet\u0151s\u00e9g\u00fck lesz NYSE vagy B3 r\u00e9szv\u00e9nyeket venni. Tov\u00e1bbi inform\u00e1ci\u00f3 el\u00e9rhet\u0151 a k\u00f6zlem\u00e9nyben, az al\u00e1bbi linken: <a href=\"https:\/\/natu.infoinvest.com.br\/ptb\/7085\/19550_691987.pdf\" target=\"_blank\" rel=\"noopener\">https:\/\/natu.infoinvest.com.br\/ptb\/7085\/19550_691987.pdf<\/a><\/p>\n<p>A folyamat befejez\u00e9se ut\u00e1n az egyes\u00edtett v\u00e1llalat igazgat\u00f3tan\u00e1csa 13 tag\u00fa lesz, melyb\u0151l h\u00e1rom f\u0151t \u00a0az AVON deleg\u00e1l. A tranzakci\u00f3 a szok\u00e1sos lez\u00e1r\u00e1si felt\u00e9telek mellett megy v\u00e9gbe, bele\u00e9rtve a Natura &amp;Co \u00e9s az Avon r\u00e9szv\u00e9nyeseinek, valamint a brazil versenyfel\u00fcgyeleti hat\u00f3s\u00e1gok \u00e9s m\u00e1s joghat\u00f3s\u00e1gok j\u00f3v\u00e1hagy\u00e1s\u00e1t. A tranzakci\u00f3 v\u00e1rhat\u00f3an 2020 elej\u00e9n z\u00e1rul. A Natura &amp;Co p\u00e9nz\u00fcgyi tan\u00e1csad\u00f3jak\u00e9nt a UBS Befektet\u00e9si Bank \u00e9s a Morgan Stanley tev\u00e9kenykedett. A p\u00e9nz\u00fcgyi tan\u00e1csad\u00f3i szereppel az Avon a Goldman Sachs-t b\u00edzta meg, m\u00edg a PJT Partners az Avon Igazgat\u00f3tan\u00e1cs\u00e1nak tagjait seg\u00edtette ezen a ter\u00fcleten.<\/p>\n<p>&nbsp;<\/p>\n<p>&nbsp;<\/p>\n<p><strong>A NATURA &amp; CO-r\u00f3l<\/strong><\/p>\n<p>A Natura, az Aesop \u00e9s a The Body Shop egyes\u00edt\u00e9s\u00e9b\u0151l ad\u00f3d\u00f3an &#8211; a Natura &amp;Co v\u00e1llalat \u00e1ltal -egy glob\u00e1lis, t\u00f6bb \u00e9rt\u00e9kes\u00edt\u00e9si csatorn\u00e1s \u00e9s t\u00f6bb m\u00e1rk\u00e1b\u00f3l \u00e1ll\u00f3 kozmetikai csoport j\u00f6n l\u00e9tre. A csoportot alkot\u00f3 h\u00e1rom v\u00e1llalat elk\u00f6telezett a pozit\u00edv gazdas\u00e1gi, t\u00e1rsadalmi \u00e9s k\u00f6rnyezeti hat\u00e1sok kialak\u00edt\u00e1s\u00e1\u00e9rt. Az 1969-ben alap\u00edtott Natura kozmetikai \u00e9s test\u00e1pol\u00e1si szegmensben tev\u00e9kenyked\u0151 brazil multinacion\u00e1lis v\u00e1llalat, amely vezet\u0151 poz\u00edci\u00f3t t\u00f6lt be a k\u00f6zvetlen \u00e9rt\u00e9kes\u00edt\u00e9s ter\u00e9n. Az 1976-ban, Anita Roddick \u00e1ltal, Brightonban alap\u00edtott The Body Shop egy glob\u00e1lis sz\u00e9ps\u00e9g\u00e1pol\u00e1si m\u00e1rka, amelynek k\u00fcldet\u00e9se, hogy pozit\u00edv v\u00e1ltoz\u00e1st \u00e9rjen el a vil\u00e1gon.\u00a0 Az ausztr\u00e1l Aesop sz\u00e9ps\u00e9g\u00e1pol\u00e1si m\u00e1rk\u00e1t 1987-ben alap\u00edtott\u00e1k abb\u00f3l a c\u00e9lb\u00f3l, hogy kiv\u00e1l\u00f3 min\u0151s\u00e9g\u0171 b\u0151r-, haj- \u00e9s test\u00e1pol\u00e1si term\u00e9keket hozzon l\u00e9tre.<\/p>\n<p>&nbsp;<\/p>\n<p><strong>Az AVON-r\u00f3l <\/strong><\/p>\n<p>Az AVON m\u00e1r t\u00f6bb mint 130 \u00e9ve ki\u00e1ll a sz\u00e9ps\u00e9g, az innov\u00e1ci\u00f3 a pozit\u00edv gondolkod\u00e1s, \u00e9s mindenekel\u0151tt a n\u0151k mellett. Az AVON portf\u00f3li\u00f3j\u00e1ba tartoznak az olyan j\u00f3l ismert \u00e9s k\u00f6zkedvelt m\u00e1rk\u00e1k, mint az ANEW, Avon Color, Avon Care, Skin-So-Soft \u00e9s az Advance Techniques. Az Avon term\u00e9keket a v\u00e1llalat k\u00f6zel 6 milli\u00f3 akt\u00edv, f\u00fcggetlen tan\u00e1csad\u00f3n kereszt\u00fcl \u00e9rt\u00e9kes\u00edti. Tudj meg t\u00f6bbet az Avon-r\u00f3l \u00e9s a term\u00e9keir\u0151l a <a href=\"http:\/\/www.avon.hu\" target=\"_blank\" rel=\"noopener\">www.avon.hu<\/a> oldalon.<\/p>\n<p>&nbsp;<\/p>\n","protected":false},"excerpt":{"rendered":"<p>2019 m\u00e1jus 22-\u00e9n a Natura &amp;Co bejelentette, hogy felv\u00e1s\u00e1rolja az Avon Products R\u00e9szv\u00e9nyt\u00e1rsas\u00e1got, ezzel l\u00e9trehozva vil\u00e1gszinten a negyedik legnagyobb, teljes m\u00e9rt\u00e9kben sz\u00e9ps\u00e9giparral foglalkoz\u00f3 v\u00e1llalatcsoportot.<\/p>\n","protected":false},"author":1,"featured_media":0,"comment_status":"closed","ping_status":"open","sticky":false,"template":"","format":"standard","meta":[],"categories":[246],"tags":[],"_links":{"self":[{"href":"https:\/\/gazdasagportal.hu\/index.php\/wp-json\/wp\/v2\/posts\/116278"}],"collection":[{"href":"https:\/\/gazdasagportal.hu\/index.php\/wp-json\/wp\/v2\/posts"}],"about":[{"href":"https:\/\/gazdasagportal.hu\/index.php\/wp-json\/wp\/v2\/types\/post"}],"author":[{"embeddable":true,"href":"https:\/\/gazdasagportal.hu\/index.php\/wp-json\/wp\/v2\/users\/1"}],"replies":[{"embeddable":true,"href":"https:\/\/gazdasagportal.hu\/index.php\/wp-json\/wp\/v2\/comments?post=116278"}],"version-history":[{"count":1,"href":"https:\/\/gazdasagportal.hu\/index.php\/wp-json\/wp\/v2\/posts\/116278\/revisions"}],"predecessor-version":[{"id":116279,"href":"https:\/\/gazdasagportal.hu\/index.php\/wp-json\/wp\/v2\/posts\/116278\/revisions\/116279"}],"wp:attachment":[{"href":"https:\/\/gazdasagportal.hu\/index.php\/wp-json\/wp\/v2\/media?parent=116278"}],"wp:term":[{"taxonomy":"category","embeddable":true,"href":"https:\/\/gazdasagportal.hu\/index.php\/wp-json\/wp\/v2\/categories?post=116278"},{"taxonomy":"post_tag","embeddable":true,"href":"https:\/\/gazdasagportal.hu\/index.php\/wp-json\/wp\/v2\/tags?post=116278"}],"curies":[{"name":"wp","href":"https:\/\/api.w.org\/{rel}","templated":true}]}}