{"id":116272,"date":"2019-05-24T10:32:36","date_gmt":"2019-05-24T08:32:36","guid":{"rendered":"http:\/\/gazdasagportal.hu\/?p=116272"},"modified":"2019-05-24T10:32:36","modified_gmt":"2019-05-24T08:32:36","slug":"keszulnek-szentgotthardon-az-uj-12-literes-turbo-benzines-motorok-gyartasara","status":"publish","type":"post","link":"https:\/\/gazdasagportal.hu\/index.php\/keszulnek-szentgotthardon-az-uj-12-literes-turbo-benzines-motorok-gyartasara\/","title":{"rendered":"K\u00e9sz\u00fclnek Szentgotth\u00e1rdon az \u00faj, 1,2 literes turb\u00f3 benzines motorok gy\u00e1rt\u00e1s\u00e1ra"},"content":{"rendered":"<p><strong>Jelenleg is nagy \u00fctemben zajlanak Szentgotth\u00e1rdon az el\u0151k\u00e9sz\u00fcletek a gy\u00e1rt\u00f3- \u00e9s szerel\u0151sorokon az \u00faj h\u00e1romhengeres 1,2 literes turb\u00f3 benzines motor gy\u00e1rt\u00e1s\u00e1ra, amely az \u00e9v v\u00e9g\u00e9n kezd\u0151dik &#8211; k\u00f6z\u00f6lte az MTI \u00e9rdekl\u0151d\u00e9s\u00e9re Kasz\u00e1s Zolt\u00e1n, az Opel Szentgotth\u00e1rd Kft. sz\u00f3viv\u0151je.<\/strong><!--more--><\/p>\n<div class=\"ads-in-post1\"><div id=\"gazdasagportal.hu_fullbanner_wideboard\"><\/div>\r\n<\/div>\n<p>    Ezt a motort a megl\u00e9v\u0151 gy\u00e1rt\u00e1sba fogj\u00e1k &#8222;integr\u00e1lni&#8221;, a jelenlegi motorokkal p\u00e1rhuzamosan gy\u00e1rtj\u00e1k majd.<br \/>\n    A sz\u00f3viv\u0151 kiemelte, hogy az \u00e1t\u00e9p\u00edt\u00e9si munk\u00e1latokat f\u0151k\u00e9nt saj\u00e1t szakembereik, m\u00e9rn\u00f6keik, karbantart\u00f3ik v\u00e9gzik, akiknek tud\u00e1s\u00e1ra \u00e9s motorgy\u00e1rt\u00e1si tapasztalataira \u00e9p\u00edtenek \u00e9s munk\u00e1jukra hossz\u00fa t\u00e1von is ig\u00e9nyt tartanak.<br \/>\n    Az Opel szentgotth\u00e1rdi motorgy\u00e1r\u00e1ban az elm\u00falt \u00e9vekben a termel\u00e9s volumene \u00e9s ehhez kapcsol\u00f3dva a p\u00e9nz\u00fcgyi mutat\u00f3k is cs\u00f6kkentek &#8211; mondta Kasz\u00e1s Zolt\u00e1n.<br \/>\n<div class=\"ads-in-post2\"><script async src=\"https:\/\/pagead2.googlesyndication.com\/pagead\/js\/adsbygoogle.js\"><\/script>\r\n<ins class=\"adsbygoogle\"\r\n     style=\"display:block\"\r\n     data-ad-format=\"fluid\"\r\n     data-ad-layout-key=\"-6t+ed+2i-1n-4w\"\r\n     data-ad-client=\"ca-pub-1959107119989764\"\r\n     data-ad-slot=\"4008251320\"><\/ins>\r\n<script>\r\n     (adsbygoogle = window.adsbygoogle || []).push({});\r\n<\/script><\/div>\n    Szavai szerint ennek egyik oka az \u00e1ltaluk gy\u00e1rtott motort\u00edpusok ir\u00e1nti piaci ig\u00e9ny cs\u00f6kken\u00e9se, a d\u00edzelmotorok ir\u00e1nti kereslet visszaes\u00e9se.<br \/>\n    Az aut\u00f3piac \u00e1lland\u00f3an \u00e1talakul, a hagyom\u00e1nyos aut\u00f3t\u00edpusok helyett a piac ink\u00e1bb a szabadid\u0151-aut\u00f3k, \u00fagynevezett &#8222;SUV&#8221;-ok fel\u00e9 tol\u00f3dott, ez kihat\u00e1ssal volt a szentgotth\u00e1rdi termel\u00e9sre is &#8211; mondta.<br \/>\n    Hozz\u00e1tette: sz\u00e1mukra a j\u00f6v\u0151t egy\u00e9rtelm\u0171en az \u00faj turb\u00f3 motor gy\u00e1rt\u00e1sa jelenti, amely a PSA csoport legfontosabb benzines motorja, aminek k\u00f6sz\u00f6nhet\u0151en az \u00faj tulajdonosok biztos alapokra helyezt\u00e9k a szentgotth\u00e1rdi gy\u00e1r j\u00f6v\u0151j\u00e9t.<br \/>\n    A jelenleg mintegy ezer embert foglalkoztat\u00f3 Opel Szentgotth\u00e1rd Kft. 2016-ban m\u00e9g 629 ezer motort gy\u00e1rtott, 2017-ben 486 ezret, 2018-ban pedig 313 ezret, a c\u00e9g nett\u00f3 \u00e1rbev\u00e9tele 2016-ban 171 milli\u00f3 eur\u00f3, 2017-ben 150 milli\u00f3 eur\u00f3, 2019-ben pedig 119 milli\u00f3 eur\u00f3 volt.(MTI)<\/p>\n","protected":false},"excerpt":{"rendered":"<p>Jelenleg is nagy \u00fctemben zajlanak Szentgotth\u00e1rdon az el\u0151k\u00e9sz\u00fcletek a gy\u00e1rt\u00f3- \u00e9s szerel\u0151sorokon az \u00faj h\u00e1romhengeres 1,2 literes turb\u00f3 benzines motor gy\u00e1rt\u00e1s\u00e1ra, amely az \u00e9v v\u00e9g\u00e9n kezd\u0151dik &#8211; k\u00f6z\u00f6lte az MTI \u00e9rdekl\u0151d\u00e9s\u00e9re Kasz\u00e1s Zolt\u00e1n, az Opel Szentgotth\u00e1rd Kft. sz\u00f3viv\u0151je.<\/p>\n","protected":false},"author":1,"featured_media":0,"comment_status":"closed","ping_status":"open","sticky":false,"template":"","format":"standard","meta":[],"categories":[4,19],"tags":[],"_links":{"self":[{"href":"https:\/\/gazdasagportal.hu\/index.php\/wp-json\/wp\/v2\/posts\/116272"}],"collection":[{"href":"https:\/\/gazdasagportal.hu\/index.php\/wp-json\/wp\/v2\/posts"}],"about":[{"href":"https:\/\/gazdasagportal.hu\/index.php\/wp-json\/wp\/v2\/types\/post"}],"author":[{"embeddable":true,"href":"https:\/\/gazdasagportal.hu\/index.php\/wp-json\/wp\/v2\/users\/1"}],"replies":[{"embeddable":true,"href":"https:\/\/gazdasagportal.hu\/index.php\/wp-json\/wp\/v2\/comments?post=116272"}],"version-history":[{"count":1,"href":"https:\/\/gazdasagportal.hu\/index.php\/wp-json\/wp\/v2\/posts\/116272\/revisions"}],"predecessor-version":[{"id":116273,"href":"https:\/\/gazdasagportal.hu\/index.php\/wp-json\/wp\/v2\/posts\/116272\/revisions\/116273"}],"wp:attachment":[{"href":"https:\/\/gazdasagportal.hu\/index.php\/wp-json\/wp\/v2\/media?parent=116272"}],"wp:term":[{"taxonomy":"category","embeddable":true,"href":"https:\/\/gazdasagportal.hu\/index.php\/wp-json\/wp\/v2\/categories?post=116272"},{"taxonomy":"post_tag","embeddable":true,"href":"https:\/\/gazdasagportal.hu\/index.php\/wp-json\/wp\/v2\/tags?post=116272"}],"curies":[{"name":"wp","href":"https:\/\/api.w.org\/{rel}","templated":true}]}}