{"id":116167,"date":"2019-05-21T10:34:24","date_gmt":"2019-05-21T08:34:24","guid":{"rendered":"http:\/\/gazdasagportal.hu\/?p=116167"},"modified":"2019-05-21T10:28:03","modified_gmt":"2019-05-21T08:28:03","slug":"a-magyarok-tobb-mint-60-szazaleka-tervez-nyaralast-az-iden","status":"publish","type":"post","link":"https:\/\/gazdasagportal.hu\/index.php\/a-magyarok-tobb-mint-60-szazaleka-tervez-nyaralast-az-iden\/","title":{"rendered":"A magyarok t\u00f6bb mint 60 sz\u00e1zal\u00e9ka tervez nyaral\u00e1st az id\u00e9n"},"content":{"rendered":"<p><strong>Az id\u00e9n a magyarok 62 sz\u00e1zal\u00e9ka tervez nyaral\u00e1st, a legt\u00f6bben (35 sz\u00e1zal\u00e9k) j\u00falius m\u00e1sodik, valamint augusztus els\u0151 fel\u00e9ben (22 sz\u00e1zal\u00e9k), mik\u00f6zben 11 sz\u00e1zal\u00e9k azok ar\u00e1nya, akik sosem utaznak el kikapcsol\u00f3dni egy kutat\u00e1s szerint.<\/strong><!--more--><\/p>\n<div class=\"ads-in-post1\"><div id=\"gazdasagportal.hu_fullbanner_wideboard\"><\/div>\r\n<\/div>\n<p>    A h\u00e9v\u00edzi NaturMed Hotel Carbona megb\u00edz\u00e1s\u00e1b\u00f3l a 18-59 \u00e9ves koroszt\u00e1ly k\u00f6r\u00e9ben v\u00e9gzett orsz\u00e1gos reprezentat\u00edv kutat\u00e1s, az MTI-vel kedden k\u00f6z\u00f6lt eredm\u00e9nyei alapj\u00e1n: a legt\u00f6bben (39 sz\u00e1zal\u00e9k) \u00e9vente egyszer mennek pihenni, de csaknem ugyanennyien (38 sz\u00e1zal\u00e9k) \u00e9vente t\u00f6bbsz\u00f6r is. A v\u00e1laszad\u00f3k k\u00f6zel 6 sz\u00e1zal\u00e9ka n\u00e9gy-\u00f6t \u00e9vente vagy enn\u00e9l ritk\u00e1bban \u00fcd\u00fcl.<br \/>\n    Az idei tervezett \u00fcd\u00fcl\u00e9s helysz\u00edn\u00e9re vonatkoz\u00f3 k\u00e9rd\u00e9sre 32 sz\u00e1zal\u00e9k kiz\u00e1r\u00f3lag belf\u00f6ldi c\u00e9lpontot, 26 sz\u00e1zal\u00e9k pedig csak k\u00fclf\u00f6ldi \u00fati c\u00e9lt jel\u00f6lt meg, 4 sz\u00e1zal\u00e9k mindkett\u0151t.<br \/>\n    Magyarorsz\u00e1gon a legkedveltebb r\u00e9gi\u00f3 a Balaton k\u00f6rny\u00e9ke 21 sz\u00e1zal\u00e9kkal, ezt k\u00f6veti K\u00f6z\u00e9p-Dun\u00e1nt\u00fal, \u00c9szak-Magyarorsz\u00e1g \u00e9s D\u00e9l-Dun\u00e1nt\u00fal.<br \/>\n<div class=\"ads-in-post2\"><script async src=\"https:\/\/pagead2.googlesyndication.com\/pagead\/js\/adsbygoogle.js\"><\/script>\r\n<ins class=\"adsbygoogle\"\r\n     style=\"display:block\"\r\n     data-ad-format=\"fluid\"\r\n     data-ad-layout-key=\"-6t+ed+2i-1n-4w\"\r\n     data-ad-client=\"ca-pub-1959107119989764\"\r\n     data-ad-slot=\"4008251320\"><\/ins>\r\n<script>\r\n     (adsbygoogle = window.adsbygoogle || []).push({});\r\n<\/script><\/div>\n    A felm\u00e9r\u00e9s kit\u00e9rt a belf\u00f6ldi sz\u00e1llodav\u00e1laszt\u00e1s fontos szempontjaira is. Ezek k\u00f6z\u00fcl a v\u00e1laszad\u00f3k 51 sz\u00e1zal\u00e9ka a kir\u00e1ndul\u00e1si lehet\u0151s\u00e9geket jel\u00f6lte meg. A bar\u00e1ts\u00e1gos kiszolg\u00e1l\u00e1st a v\u00e1laszad\u00f3k 50 sz\u00e1zal\u00e9ka, a b\u0151s\u00e9ges \u00e9s eg\u00e9szs\u00e9ges \u00e9telk\u00edn\u00e1latot 41 sz\u00e1zal\u00e9ka sorolta ide, m\u00edg a t\u00f6bbgener\u00e1ci\u00f3s programlehet\u0151s\u00e9get 36,4 sz\u00e1zal\u00e9k, a min\u0151s\u00e9gi wellness szolg\u00e1ltat\u00e1st 30,6 sz\u00e1zal\u00e9k \u00e9s a szabadt\u00e9ri \u00e9lm\u00e9nyf\u00fcrd\u0151t 26,8 sz\u00e1zal\u00e9k eml\u00edtette.(MTI)<\/p>\n","protected":false},"excerpt":{"rendered":"<p>Az id\u00e9n a magyarok 62 sz\u00e1zal\u00e9ka tervez nyaral\u00e1st, a legt\u00f6bben (35 sz\u00e1zal\u00e9k) j\u00falius m\u00e1sodik, valamint augusztus els\u0151 fel\u00e9ben (22 sz\u00e1zal\u00e9k), mik\u00f6zben 11 sz\u00e1zal\u00e9k azok ar\u00e1nya, akik sosem utaznak el kikapcsol\u00f3dni egy kutat\u00e1s szerint.<\/p>\n","protected":false},"author":1,"featured_media":0,"comment_status":"closed","ping_status":"open","sticky":false,"template":"","format":"standard","meta":[],"categories":[4,19],"tags":[],"_links":{"self":[{"href":"https:\/\/gazdasagportal.hu\/index.php\/wp-json\/wp\/v2\/posts\/116167"}],"collection":[{"href":"https:\/\/gazdasagportal.hu\/index.php\/wp-json\/wp\/v2\/posts"}],"about":[{"href":"https:\/\/gazdasagportal.hu\/index.php\/wp-json\/wp\/v2\/types\/post"}],"author":[{"embeddable":true,"href":"https:\/\/gazdasagportal.hu\/index.php\/wp-json\/wp\/v2\/users\/1"}],"replies":[{"embeddable":true,"href":"https:\/\/gazdasagportal.hu\/index.php\/wp-json\/wp\/v2\/comments?post=116167"}],"version-history":[{"count":1,"href":"https:\/\/gazdasagportal.hu\/index.php\/wp-json\/wp\/v2\/posts\/116167\/revisions"}],"predecessor-version":[{"id":116168,"href":"https:\/\/gazdasagportal.hu\/index.php\/wp-json\/wp\/v2\/posts\/116167\/revisions\/116168"}],"wp:attachment":[{"href":"https:\/\/gazdasagportal.hu\/index.php\/wp-json\/wp\/v2\/media?parent=116167"}],"wp:term":[{"taxonomy":"category","embeddable":true,"href":"https:\/\/gazdasagportal.hu\/index.php\/wp-json\/wp\/v2\/categories?post=116167"},{"taxonomy":"post_tag","embeddable":true,"href":"https:\/\/gazdasagportal.hu\/index.php\/wp-json\/wp\/v2\/tags?post=116167"}],"curies":[{"name":"wp","href":"https:\/\/api.w.org\/{rel}","templated":true}]}}