{"id":116155,"date":"2019-05-20T17:12:57","date_gmt":"2019-05-20T15:12:57","guid":{"rendered":"http:\/\/gazdasagportal.hu\/?p=116155"},"modified":"2019-05-20T15:16:50","modified_gmt":"2019-05-20T13:16:50","slug":"fokozodo-kihivasokkal-neznek-szembe-az-europai-cegek-kinaban","status":"publish","type":"post","link":"https:\/\/gazdasagportal.hu\/index.php\/fokozodo-kihivasokkal-neznek-szembe-az-europai-cegek-kinaban\/","title":{"rendered":"Fokoz\u00f3d\u00f3 kih\u00edv\u00e1sokkal n\u00e9znek szembe az eur\u00f3pai c\u00e9gek K\u00edn\u00e1ban"},"content":{"rendered":"<p><strong>Egyre komolyabb kih\u00edv\u00e1sokkal n\u00e9znek szembe az eur\u00f3pai c\u00e9gek K\u00edn\u00e1ban a t\u00e1vol-keleti orsz\u00e1g gazdas\u00e1gi n\u00f6veked\u00e9s\u00e9nek lassul\u00e1sa, az amerikai-k\u00ednai kereskedelmi h\u00e1bor\u00fa, valamint az emelked\u0151 b\u00e9rek miatt az EU-K\u00edna kereskedelmi kamara felm\u00e9r\u00e9s\u00e9nek h\u00e9tf\u0151n k\u00f6zz\u00e9tett eredm\u00e9nyei szerint.<\/strong><!--more--><\/p>\n<div class=\"ads-in-post1\"><div id=\"gazdasagportal.hu_fullbanner_wideboard\"><\/div>\r\n<\/div>\n<p>    Az 585 v\u00e1llalat bevon\u00e1s\u00e1val k\u00e9sz\u00fclt felm\u00e9r\u00e9st az idei \u00e9v els\u0151 k\u00e9t h\u00f3napj\u00e1ban v\u00e9gezt\u00e9k. Az\u00f3ta az Egyes\u00fclt \u00c1llamok \u00e9s K\u00edna viszonya m\u00e9g ink\u00e1bb ki\u00e9lez\u0151d\u00f6tt, de m\u00e1r akkor is a megk\u00e9rdezettek t\u00f6bb mint harmada \u00e1ll\u00edtotta, hogy a k\u00e9t nagyhatalom egym\u00e1s \u00e1rucikkeire kivetett p\u00f3tv\u00e1mjai negat\u00edv hat\u00e1ssal voltak r\u00e1juk.<br \/>\n    A felm\u00e9r\u00e9s eredm\u00e9nyei ellentmondanak azoknak a rem\u00e9nyeknek, miszerint az eur\u00f3pai c\u00e9gek el\u0151nyt kov\u00e1csolhatnak a p\u00f3tv\u00e1mokb\u00f3l.<br \/>\n    A v\u00e1laszad\u00f3k 45 sz\u00e1zal\u00e9ka maradt csup\u00e1n der\u0171l\u00e1t\u00f3 a k\u00f6vetkez\u0151 k\u00e9t \u00e9vben v\u00e1rhat\u00f3 gazdas\u00e1gi n\u00f6veked\u00e9ssel kapcsolatban, m\u00edg 2018-ban m\u00e9g a megk\u00e9rdezettek 62 sz\u00e1zal\u00e9ka volt optimista.<br \/>\n    Arr\u00f3l, hogy a k\u00f6vetkez\u0151 \u00f6t \u00e9vben hogyan alakulnak majd a szab\u00e1lyoz\u00e1sb\u00f3l ered\u0151 akad\u00e1lyok, 47 sz\u00e1zal\u00e9k v\u00e9lekedett \u00fagy, hogy ezeknek a sz\u00e1ma n\u0151ni fog, m\u00edg 25 sz\u00e1zal\u00e9k szerint nem v\u00e1rhat\u00f3 v\u00e1ltoz\u00e1s.<br \/>\n    A v\u00e1laszad\u00f3k 20 sz\u00e1zal\u00e9ka sz\u00e1molt be arr\u00f3l, hogy adott \u00e1t technol\u00f3gi\u00e1t k\u00ednai partnereknek a piacra val\u00f3 bejut\u00e1s \u00e9rdek\u00e9ben. K\u00e9t \u00e9ve m\u00e9g csak 10 sz\u00e1zal\u00e9kra r\u00fagott ez az ar\u00e1ny.<br \/>\n<div class=\"ads-in-post2\"><script async src=\"https:\/\/pagead2.googlesyndication.com\/pagead\/js\/adsbygoogle.js\"><\/script>\r\n<ins class=\"adsbygoogle\"\r\n     style=\"display:block\"\r\n     data-ad-format=\"fluid\"\r\n     data-ad-layout-key=\"-6t+ed+2i-1n-4w\"\r\n     data-ad-client=\"ca-pub-1959107119989764\"\r\n     data-ad-slot=\"4008251320\"><\/ins>\r\n<script>\r\n     (adsbygoogle = window.adsbygoogle || []).push({});\r\n<\/script><\/div>\n    A megk\u00e9rdezettek t\u00f6bb mint fele v\u00e9lekedett \u00fagy, hogy K\u00edn\u00e1ban nem megfelel\u0151en m\u0171k\u00f6dik a szellemi tulajdon v\u00e9delme, m\u00edg 45 sz\u00e1zal\u00e9k \u00e9rezte \u00fagy, hogy egyenl\u0151tlen b\u00e1n\u00e1sm\u00f3dban r\u00e9szes\u00fcl a k\u00ednai c\u00e9gekhez k\u00e9pest.<br \/>\n    A felm\u00e9r\u00e9s k\u00e9sz\u00edt\u0151i hangs\u00falyozt\u00e1k: fontos lenne elt\u00f6r\u00f6lni a piaci akad\u00e1lyokat \u00e9s a szab\u00e1lyoz\u00e1sb\u00f3l ad\u00f3d\u00f3 neh\u00e9zs\u00e9geket, valamint a tervgazd\u00e1lkod\u00e1s maradv\u00e1nyait.<br \/>\n    Az eur\u00f3pai v\u00e1llalatok azt szeretn\u00e9k, ha K\u00edna nyitott \u00e9s m\u00e9lt\u00e1nyos piaci k\u00f6r\u00fclm\u00e9nyeket teremtene, amennyiben pedig ez megval\u00f3sulna, azzal Peking egy\u00fattal kik\u00fcsz\u00f6b\u00f6lhetn\u00e9 az Egyes\u00fclt \u00c1llamokkal folytatott kereskedelmi h\u00e1bor\u00fa l\u00e9tjogosults\u00e1g\u00e1t &#8211; mutattak r\u00e1 a felm\u00e9r\u00e9s k\u00e9sz\u00edt\u0151i, hozz\u00e1t\u00e9ve, hogy az eur\u00f3pai c\u00e9gek ugyan egyet\u00e9rtenek egyes amerikai aggodalmakkal, de teljes m\u00e9rt\u00e9kben ellenzik a b\u00fcntet\u0151v\u00e1mok meggondolatlan kivet\u00e9s\u00e9t.<br \/>\n    A probl\u00e9m\u00e1k dac\u00e1ra a megk\u00e9rdezett v\u00e1llalatok 62 sz\u00e1zal\u00e9ka mondta azt, hogy K\u00edna tov\u00e1bbra is j\u00f6v\u0151beni glob\u00e1lis beruh\u00e1z\u00e1saik h\u00e1rom f\u0151 c\u00e9lpontja k\u00f6z\u00f6tt marad, \u00e9s 56 sz\u00e1zal\u00e9k tervezi \u00fczleti tev\u00e9kenys\u00e9g\u00e9nek b\u0151v\u00edt\u00e9s\u00e9t K\u00edn\u00e1ban.(MTI)<\/p>\n","protected":false},"excerpt":{"rendered":"<p>Egyre komolyabb kih\u00edv\u00e1sokkal n\u00e9znek szembe az eur\u00f3pai c\u00e9gek K\u00edn\u00e1ban a t\u00e1vol-keleti orsz\u00e1g gazdas\u00e1gi n\u00f6veked\u00e9s\u00e9nek lassul\u00e1sa, az amerikai-k\u00ednai kereskedelmi h\u00e1bor\u00fa, valamint az emelked\u0151 b\u00e9rek miatt az EU-K\u00edna kereskedelmi kamara felm\u00e9r\u00e9s\u00e9nek h\u00e9tf\u0151n k\u00f6zz\u00e9tett eredm\u00e9nyei szerint.<\/p>\n","protected":false},"author":1,"featured_media":0,"comment_status":"closed","ping_status":"open","sticky":false,"template":"","format":"standard","meta":[],"categories":[246],"tags":[],"_links":{"self":[{"href":"https:\/\/gazdasagportal.hu\/index.php\/wp-json\/wp\/v2\/posts\/116155"}],"collection":[{"href":"https:\/\/gazdasagportal.hu\/index.php\/wp-json\/wp\/v2\/posts"}],"about":[{"href":"https:\/\/gazdasagportal.hu\/index.php\/wp-json\/wp\/v2\/types\/post"}],"author":[{"embeddable":true,"href":"https:\/\/gazdasagportal.hu\/index.php\/wp-json\/wp\/v2\/users\/1"}],"replies":[{"embeddable":true,"href":"https:\/\/gazdasagportal.hu\/index.php\/wp-json\/wp\/v2\/comments?post=116155"}],"version-history":[{"count":1,"href":"https:\/\/gazdasagportal.hu\/index.php\/wp-json\/wp\/v2\/posts\/116155\/revisions"}],"predecessor-version":[{"id":116156,"href":"https:\/\/gazdasagportal.hu\/index.php\/wp-json\/wp\/v2\/posts\/116155\/revisions\/116156"}],"wp:attachment":[{"href":"https:\/\/gazdasagportal.hu\/index.php\/wp-json\/wp\/v2\/media?parent=116155"}],"wp:term":[{"taxonomy":"category","embeddable":true,"href":"https:\/\/gazdasagportal.hu\/index.php\/wp-json\/wp\/v2\/categories?post=116155"},{"taxonomy":"post_tag","embeddable":true,"href":"https:\/\/gazdasagportal.hu\/index.php\/wp-json\/wp\/v2\/tags?post=116155"}],"curies":[{"name":"wp","href":"https:\/\/api.w.org\/{rel}","templated":true}]}}