{"id":116153,"date":"2019-05-20T16:10:54","date_gmt":"2019-05-20T14:10:54","guid":{"rendered":"http:\/\/gazdasagportal.hu\/?p=116153"},"modified":"2019-05-20T15:12:29","modified_gmt":"2019-05-20T13:12:29","slug":"budapest-varoskartyat-ertekesitenek-kinaban","status":"publish","type":"post","link":"https:\/\/gazdasagportal.hu\/index.php\/budapest-varoskartyat-ertekesitenek-kinaban\/","title":{"rendered":"Budapest v\u00e1rosk\u00e1rty\u00e1t \u00e9rt\u00e9kes\u00edtenek K\u00edn\u00e1ban"},"content":{"rendered":"<p><strong>A Budapesti Fesztiv\u00e1l- \u00e9s Turisztikai K\u00f6zpont (BFTK) \u00e9s az Artificial Intelligence Worldwide Travel Chain (AIWTC) glob\u00e1lis k\u00ednai utaztat\u00f3 c\u00e9g meg\u00e1llapod\u00e1sa alapj\u00e1n a vil\u00e1gm\u00e9ret\u0171 utaz\u00e1si platformot \u00fczemeltet\u0151 k\u00ednai nagyv\u00e1llalat mintegy 40 ezer Budapest Card \u00e9rt\u00e9kes\u00edt\u00e9s\u00e9t v\u00e1llalja \u00e9vente a k\u00ednai piacon.<\/strong><!--more--><\/p>\n<div class=\"ads-in-post1\"><div id=\"gazdasagportal.hu_fullbanner_wideboard\"><\/div>\r\n<\/div>\n<p>    A BFTK h\u00e9tf\u0151i k\u00f6zlem\u00e9nye szerint k\u00fcld\u00f6tts\u00e9g\u00fck m\u00e1jus 16-18. k\u00f6z\u00f6tt r\u00e9szt vett Nyugat-K\u00edna legnagyobb befektet\u00e9si \u00e9s kereskedelmi ki\u00e1ll\u00edt\u00e1s\u00e1n Csungkingban. A l\u00e1togat\u00e1s sor\u00e1n \u00edrt\u00e1k al\u00e1 a Budapest Card \u00e9rt\u00e9kes\u00edt\u00e9si meg\u00e1llapod\u00e1st.<br \/>\n    A magyar-k\u00ednai diplom\u00e1ciai kapcsolatok felv\u00e9tel\u00e9nek 70. \u00e9vfordul\u00f3ja alkalm\u00e1b\u00f3l Magyarorsz\u00e1g volt a d\u00edszvend\u00e9g a 30 milli\u00f3s nagyv\u00e1rosban rendezett ki\u00e1ll\u00edt\u00e1son. Magyarorsz\u00e1g k\u00fcl\u00f6n 200 n\u00e9gyzetm\u00e9teres pavilonban, 50 ki\u00e1ll\u00edt\u00f3val vett r\u00e9szt az exp\u00f3n.<br \/>\n<div class=\"ads-in-post2\"><script async src=\"https:\/\/pagead2.googlesyndication.com\/pagead\/js\/adsbygoogle.js\"><\/script>\r\n<ins class=\"adsbygoogle\"\r\n     style=\"display:block\"\r\n     data-ad-format=\"fluid\"\r\n     data-ad-layout-key=\"-6t+ed+2i-1n-4w\"\r\n     data-ad-client=\"ca-pub-1959107119989764\"\r\n     data-ad-slot=\"4008251320\"><\/ins>\r\n<script>\r\n     (adsbygoogle = window.adsbygoogle || []).push({});\r\n<\/script><\/div>\n    A magyar turisztikai prom\u00f3ci\u00f3s rendezv\u00e9ny az okos turizmus \u00e9s a l\u00e9gij\u00e1rat-fejleszt\u00e9s tematik\u00e1ja k\u00f6r\u00e9 \u00e9p\u00fclt. A BFTK-t k\u00e9pvisel\u0151 szakember itt bemutatta Budapestet, a turizmus-mobilit\u00e1s ter\u00e9n tervezett, illetve megval\u00f3sult &#8222;okos megold\u00e1sokat&#8221;, \u00e9s felh\u00edvta a figyelmet a Budapest Card hasznoss\u00e1g\u00e1ra.<br \/>\n    A magyar-k\u00ednai term\u00e1lipari f\u00f3rumon a BFTK-t k\u00e9pvisel\u0151 szakember bemutatta Budapest meg\u00fajul\u00f3 turisztikai \u00e9rt\u00e9keit, kiemelve a f\u0151v\u00e1ros term\u00e1lturizmusra \u00e9p\u00fcl\u0151 \u00fczleti lehet\u0151s\u00e9geit.<br \/>\n    A k\u00f6zlem\u00e9ny szerint a v\u00e1s\u00e1ron bemutatkoztak a magyar ki\u00e1ll\u00edt\u00f3k, szerveztek turisztikai panelbesz\u00e9lget\u00e9seket, bork\u00f3stol\u00f3t, n\u00e9pt\u00e1nc- \u00e9s n\u00e9pzenei bemutat\u00f3t, sport- \u00e9s kultur\u00e1lis bemutat\u00f3kat, valamint sor ker\u00fclt a New York k\u00e1v\u00e9h\u00e1z bemutat\u00f3j\u00e1ra.(MTI)<\/p>\n","protected":false},"excerpt":{"rendered":"<p>A Budapesti Fesztiv\u00e1l- \u00e9s Turisztikai K\u00f6zpont (BFTK) \u00e9s az Artificial Intelligence Worldwide Travel Chain (AIWTC) glob\u00e1lis k\u00ednai utaztat\u00f3 c\u00e9g meg\u00e1llapod\u00e1sa alapj\u00e1n a vil\u00e1gm\u00e9ret\u0171 utaz\u00e1si platformot \u00fczemeltet\u0151 k\u00ednai nagyv\u00e1llalat mintegy 40 ezer Budapest Card \u00e9rt\u00e9kes\u00edt\u00e9s\u00e9t v\u00e1llalja \u00e9vente a k\u00ednai piacon.<\/p>\n","protected":false},"author":1,"featured_media":0,"comment_status":"closed","ping_status":"open","sticky":false,"template":"","format":"standard","meta":[],"categories":[19,246],"tags":[],"_links":{"self":[{"href":"https:\/\/gazdasagportal.hu\/index.php\/wp-json\/wp\/v2\/posts\/116153"}],"collection":[{"href":"https:\/\/gazdasagportal.hu\/index.php\/wp-json\/wp\/v2\/posts"}],"about":[{"href":"https:\/\/gazdasagportal.hu\/index.php\/wp-json\/wp\/v2\/types\/post"}],"author":[{"embeddable":true,"href":"https:\/\/gazdasagportal.hu\/index.php\/wp-json\/wp\/v2\/users\/1"}],"replies":[{"embeddable":true,"href":"https:\/\/gazdasagportal.hu\/index.php\/wp-json\/wp\/v2\/comments?post=116153"}],"version-history":[{"count":1,"href":"https:\/\/gazdasagportal.hu\/index.php\/wp-json\/wp\/v2\/posts\/116153\/revisions"}],"predecessor-version":[{"id":116154,"href":"https:\/\/gazdasagportal.hu\/index.php\/wp-json\/wp\/v2\/posts\/116153\/revisions\/116154"}],"wp:attachment":[{"href":"https:\/\/gazdasagportal.hu\/index.php\/wp-json\/wp\/v2\/media?parent=116153"}],"wp:term":[{"taxonomy":"category","embeddable":true,"href":"https:\/\/gazdasagportal.hu\/index.php\/wp-json\/wp\/v2\/categories?post=116153"},{"taxonomy":"post_tag","embeddable":true,"href":"https:\/\/gazdasagportal.hu\/index.php\/wp-json\/wp\/v2\/tags?post=116153"}],"curies":[{"name":"wp","href":"https:\/\/api.w.org\/{rel}","templated":true}]}}