{"id":116105,"date":"2019-05-17T14:05:37","date_gmt":"2019-05-17T12:05:37","guid":{"rendered":"http:\/\/gazdasagportal.hu\/?p=116105"},"modified":"2019-05-17T14:05:37","modified_gmt":"2019-05-17T12:05:37","slug":"a-hideghaboru-vege-ota-a-legnagyobb-mertekben-emelkedik-a-nemet-vedelmi-koltsegvetes","status":"publish","type":"post","link":"https:\/\/gazdasagportal.hu\/index.php\/a-hideghaboru-vege-ota-a-legnagyobb-mertekben-emelkedik-a-nemet-vedelmi-koltsegvetes\/","title":{"rendered":"A hidegh\u00e1bor\u00fa v\u00e9ge \u00f3ta a legnagyobb m\u00e9rt\u00e9kben emelkedik a n\u00e9met v\u00e9delmi k\u00f6lts\u00e9gvet\u00e9s"},"content":{"rendered":"<p><strong>A hidegh\u00e1bor\u00fa v\u00e9ge \u00f3ta a legnagyobb m\u00e9rt\u00e9kben emelik id\u00e9n N\u00e9metorsz\u00e1gban a v\u00e9delemre ford\u00edtott kiad\u00e1sokat &#8211; jelentett\u00e9k p\u00e9nteken n\u00e9met h\u00edrport\u00e1lok egy korm\u00e1nyzati kimutat\u00e1s alapj\u00e1n.<\/strong><!--more--><\/p>\n<div class=\"ads-in-post1\"><div id=\"gazdasagportal.hu_fullbanner_wideboard\"><\/div>\r\n<\/div>\n<p>    Az \u00e9rtes\u00fcl\u00e9sek szerint a sz\u00f6vets\u00e9gi korm\u00e1ny a NATO-nak megk\u00fcld\u00f6tt besz\u00e1mol\u00f3j\u00e1ban azt \u00edrta, hogy 47,32 milli\u00e1rd eur\u00f3s kiad\u00e1ssal sz\u00e1mol az idei v\u00e9delmi k\u00f6lts\u00e9gvet\u00e9sben, ami t\u00f6bb mint \u00f6tmilli\u00e1rd eur\u00f3val haladja meg az egy \u00e9vvel kor\u00e1bbit, \u00e9s harminc \u00e9ve a legnagyobb n\u00f6veked\u00e9s.<br \/>\n    A NATO-tagorsz\u00e1gok vezet\u0151i 2014-es walesi tan\u00e1cskoz\u00e1sukon v\u00e1llalt\u00e1k, hogy 2024-ig a hazai \u00f6sszterm\u00e9k GDP 2 sz\u00e1zal\u00e9k\u00e1nak megfelel\u0151 \u00f6sszegig k\u00f6zel\u00edtik v\u00e9delmi kiad\u00e1saikat.<br \/>\n    A n\u00e9met korm\u00e1ny az\u00f3ta minden \u00e9vben n\u00f6velte a v\u00e9delemre sz\u00e1nt forr\u00e1sokat a sz\u00f6vets\u00e9gi k\u00f6lts\u00e9gvet\u00e9sben, \u00e9s ez j\u00f6v\u0151re is folytat\u00f3dik, de a tervezett 49,67 milli\u00e1rd eur\u00f3 a hazai \u00f6sszterm\u00e9k (GDP) csup\u00e1n 1,38 sz\u00e1zal\u00e9k\u00e1nak felel meg.<br \/>\n<div class=\"ads-in-post2\"><script async src=\"https:\/\/pagead2.googlesyndication.com\/pagead\/js\/adsbygoogle.js\"><\/script>\r\n<ins class=\"adsbygoogle\"\r\n     style=\"display:block\"\r\n     data-ad-format=\"fluid\"\r\n     data-ad-layout-key=\"-6t+ed+2i-1n-4w\"\r\n     data-ad-client=\"ca-pub-1959107119989764\"\r\n     data-ad-slot=\"4008251320\"><\/ins>\r\n<script>\r\n     (adsbygoogle = window.adsbygoogle || []).push({});\r\n<\/script><\/div>\n    A 2 sz\u00e1zal\u00e9kos c\u00e9l \u00e9s a t\u00e9nyleges kiad\u00e1sok k\u00f6z\u00f6tti k\u00fcl\u00f6nbs\u00e9g miatt az Egyes\u00fclt \u00c1llamok korm\u00e1nya &#8211; els\u0151sorban Donald Trump eln\u00f6k \u00e9s Mike Pence aleln\u00f6k &#8211; sz\u00e1mos alkalommal \u00e9lesen b\u00edr\u00e1lta a n\u00e9met vezet\u00e9st.<br \/>\n    Berlin szerint a k\u00f6lts\u00e9gvet\u00e9s teherb\u00edr\u00f3, \u00e9s a Bundeswehr &#8211; a n\u00e9met hadsereg &#8211; fejleszt\u00e9si, forr\u00e1sfelsz\u00edv\u00f3 k\u00e9pess\u00e9g\u00e9hez m\u00e9rten mindent megtesznek a NATO-elv\u00e1r\u00e1s teljes\u00edt\u00e9s\u00e9\u00e9rt. Rendszerint hozz\u00e1teszik, hogy a GDP-ar\u00e1ny\u00e1ban sz\u00e1molt kiad\u00e1sok viszonylag lass\u00fa n\u00f6veked\u00e9se annak is tulajdon\u00edthat\u00f3, hogy a gazdas\u00e1gi fellend\u00fcl\u00e9s r\u00e9v\u00e9n maga a GDP is jelent\u0151sen n\u00f6vekedett az ut\u00f3bbi \u00e9vekben.(MTI)<\/p>\n","protected":false},"excerpt":{"rendered":"<p>A hidegh\u00e1bor\u00fa v\u00e9ge \u00f3ta a legnagyobb m\u00e9rt\u00e9kben emelik id\u00e9n N\u00e9metorsz\u00e1gban a v\u00e9delemre ford\u00edtott kiad\u00e1sokat &#8211; jelentett\u00e9k p\u00e9nteken n\u00e9met h\u00edrport\u00e1lok egy korm\u00e1nyzati kimutat\u00e1s alapj\u00e1n.<\/p>\n","protected":false},"author":1,"featured_media":0,"comment_status":"closed","ping_status":"open","sticky":false,"template":"","format":"standard","meta":[],"categories":[12,246],"tags":[],"_links":{"self":[{"href":"https:\/\/gazdasagportal.hu\/index.php\/wp-json\/wp\/v2\/posts\/116105"}],"collection":[{"href":"https:\/\/gazdasagportal.hu\/index.php\/wp-json\/wp\/v2\/posts"}],"about":[{"href":"https:\/\/gazdasagportal.hu\/index.php\/wp-json\/wp\/v2\/types\/post"}],"author":[{"embeddable":true,"href":"https:\/\/gazdasagportal.hu\/index.php\/wp-json\/wp\/v2\/users\/1"}],"replies":[{"embeddable":true,"href":"https:\/\/gazdasagportal.hu\/index.php\/wp-json\/wp\/v2\/comments?post=116105"}],"version-history":[{"count":1,"href":"https:\/\/gazdasagportal.hu\/index.php\/wp-json\/wp\/v2\/posts\/116105\/revisions"}],"predecessor-version":[{"id":116106,"href":"https:\/\/gazdasagportal.hu\/index.php\/wp-json\/wp\/v2\/posts\/116105\/revisions\/116106"}],"wp:attachment":[{"href":"https:\/\/gazdasagportal.hu\/index.php\/wp-json\/wp\/v2\/media?parent=116105"}],"wp:term":[{"taxonomy":"category","embeddable":true,"href":"https:\/\/gazdasagportal.hu\/index.php\/wp-json\/wp\/v2\/categories?post=116105"},{"taxonomy":"post_tag","embeddable":true,"href":"https:\/\/gazdasagportal.hu\/index.php\/wp-json\/wp\/v2\/tags?post=116105"}],"curies":[{"name":"wp","href":"https:\/\/api.w.org\/{rel}","templated":true}]}}