{"id":116040,"date":"2019-05-15T13:26:34","date_gmt":"2019-05-15T11:26:34","guid":{"rendered":"http:\/\/gazdasagportal.hu\/?p=116040"},"modified":"2019-05-15T13:26:34","modified_gmt":"2019-05-15T11:26:34","slug":"elemzok-ismet-meghaladta-a-varakozasokat-a-gdp-novekedese","status":"publish","type":"post","link":"https:\/\/gazdasagportal.hu\/index.php\/elemzok-ismet-meghaladta-a-varakozasokat-a-gdp-novekedese\/","title":{"rendered":"Elemz\u0151k: ism\u00e9t meghaladta a v\u00e1rakoz\u00e1sokat a GDP n\u00f6veked\u00e9se"},"content":{"rendered":"<p><strong>Fel\u00fclm\u00falta a piaci v\u00e1rakoz\u00e1sokat a brutt\u00f3 hazai term\u00e9k (GDP) els\u0151 negyed\u00e9vi 5,3 sz\u00e1zal\u00e9kos n\u00f6veked\u00e9se az MTI-nek nyilatkoz\u00f3 elemz\u0151k szerint, akik ugyanakkor a k\u00f6vetkez\u0151 negyed\u00e9vekben fokozatos lassul\u00e1sra sz\u00e1m\u00edtanak.<\/strong><!--more--><\/p>\n<div class=\"ads-in-post1\"><div id=\"gazdasagportal.hu_fullbanner_wideboard\"><\/div>\r\n<\/div>\n<p>    A K\u00f6zponti Statisztika Hivatal (KSH) szerd\u00e1n k\u00f6zz\u00e9tett els\u0151 becsl\u00e9se szerint a brutt\u00f3 hazai term\u00e9k (GDP) 5,3 sz\u00e1zal\u00e9kkal, szezon\u00e1lisan \u00e9s napt\u00e1rhat\u00e1ssal kiigaz\u00edtva \u00e9s kiegyens\u00falyozva 5,2 sz\u00e1zal\u00e9kkal n\u0151tt az idei els\u0151 negyed\u00e9vben az el\u0151z\u0151 \u00e9v azonos id\u0151szak\u00e1hoz k\u00e9pest. Az el\u0151z\u0151 negyed\u00e9vhez m\u00e9rten 1,5 sz\u00e1zal\u00e9kos volt a gazdas\u00e1gi n\u00f6veked\u00e9s szezon\u00e1lisan, napt\u00e1rhat\u00e1ssal kiigaz\u00edtva \u00e9s kiegyens\u00falyozva.<br \/>\n    Suppan Gergely, a Takar\u00e9kbank elemz\u0151je jelezte: jelent\u0151sen gyorsult az ipar \u00e9s k\u00fcl\u00f6n\u00f6sen az \u00e9p\u00edt\u0151ipar kibocs\u00e1t\u00e1sa, a kiskereskedelmi forgalom gyorsul\u00e1sa tov\u00e1bbra is \u00e9l\u00e9nk fogyaszt\u00e1sra utal, a k\u00fclkereskedelmi egyenleg cs\u00f6kken\u00e9se pedig az ipari termel\u00e9s \u00e9l\u00e9nk\u00fcl\u00e9s\u00e9nek k\u00f6sz\u00f6nhet\u0151en kisebb m\u00e9rt\u00e9kben rontotta a GDP-t.<br \/>\n    Az elemz\u0151 a k\u00f6vetkez\u0151 negyed\u00e9vekben az egyre magasabb b\u00e1zis miatt fokozatos lassul\u00e1sra sz\u00e1m\u00edt, de \u00fagy l\u00e1tja, hogy a GDP n\u00f6veked\u00e9se \u00edgy is el\u00e9rheti id\u00e9n a 4,7 sz\u00e1zal\u00e9kot, m\u00edg j\u00f6v\u0151re 3,7 sz\u00e1zal\u00e9kos lehet.<br \/>\n    Komment\u00e1rj\u00e1ban kifejtette: a k\u00e9tsz\u00e1mjegy\u0171 b\u00e9remelked\u00e9s \u00e9s a csal\u00e1dv\u00e9delmi akci\u00f3terv hat\u00e1s\u00e1ra a fogyaszt\u00e1s tart\u00f3s oszlopa marad a n\u00f6veked\u00e9snek. A beruh\u00e1z\u00e1si boom folytat\u00f3dik az irodapiac, az ipar, a logisztika, a sz\u00e1ll\u00e1shely-szolg\u00e1ltat\u00e1s \u00e9s a kereskedelem ter\u00fclet\u00e9n. Id\u00e9n v\u00e1rhat\u00f3 a lak\u00e1s\u00e1tad\u00e1sok \u00e9rdemi felfut\u00e1sa, ami a k\u00f6vetkez\u0151 \u00e9vekben tet\u0151zhet, a kedvezm\u00e9nyes \u00fajlak\u00e1s \u00e1fa kivezet\u00e9s\u00e9t r\u00e9szben ellens\u00falyozhatja a csok kiterjeszt\u00e9se.<br \/>\n<div class=\"ads-in-post2\"><script async src=\"https:\/\/pagead2.googlesyndication.com\/pagead\/js\/adsbygoogle.js\"><\/script>\r\n<ins class=\"adsbygoogle\"\r\n     style=\"display:block\"\r\n     data-ad-format=\"fluid\"\r\n     data-ad-layout-key=\"-6t+ed+2i-1n-4w\"\r\n     data-ad-client=\"ca-pub-1959107119989764\"\r\n     data-ad-slot=\"4008251320\"><\/ins>\r\n<script>\r\n     (adsbygoogle = window.adsbygoogle || []).push({});\r\n<\/script><\/div>\n    Virov\u00e1cz P\u00e9ter, az ING Bank vezet\u0151 elemz\u0151je kiemelte, hogy a magyar gazdas\u00e1g tov\u00e1bbra is j\u00f3l teljes\u00edt, ezzel az adattal v\u00e1rhat\u00f3an ism\u00e9t az uni\u00f3s orsz\u00e1gok \u00e9lvonal\u00e1ba tartozhatott. Az er\u0151s teljes\u00edtm\u00e9ny ellen\u00e9re \u00fagy v\u00e9li, hogy a GDP-n\u00f6veked\u00e9s 2019 eg\u00e9sz\u00e9ben vesz\u00edthet tavalyi lend\u00fclet\u00e9b\u0151l.<br \/>\n    A szak\u00e9rt\u0151 komment\u00e1rja szerint a magyar GDP az ezredfordul\u00f3 \u00f3ta nem l\u00e1tott m\u00e9rt\u00e9kben n\u0151tt az els\u0151 negyed\u00e9vben az el\u0151z\u0151 \u00e9v azonos id\u0151szak\u00e1hoz k\u00e9pest, ez minden id\u0151k m\u00e1sodik legmagasabb magyar n\u00f6veked\u00e9si adata. A janu\u00e1r-m\u00e1rciusi ipari, kiskereskedelmi \u00e9s \u00e9p\u00edt\u0151ipari adatok alapj\u00e1n a gazdas\u00e1gi gyorsul\u00e1s v\u00e1rhat\u00f3 volt &#8211; \u00e1llap\u00edtotta meg az elemz\u0151, hozz\u00e1t\u00e9ve, hogy enn\u00e9l is magasabb n\u00f6veked\u00e9si \u00fctemre sz\u00e1m\u00edtott.<br \/>\n    A kapacit\u00e1skorl\u00e1tok, a k\u00fcls\u0151 kereslet visszafogott alakul\u00e1sa \u00e9s a tavalyi magas b\u00e1zis miatt az idei \u00e9v eg\u00e9sz\u00e9re Virov\u00e1cz P\u00e9ter 4,3 sz\u00e1zal\u00e9kos gazdas\u00e1gi n\u00f6veked\u00e9st prognosztiz\u00e1l, ami egyben azt is jelenti, hogy a k\u00f6vetkez\u0151 negyed\u00e9vekben v\u00e9lhet\u0151en m\u00e9rs\u00e9kl\u0151dik majd a n\u00f6veked\u00e9s \u00fcteme.<br \/>\n    Reg\u0151s G\u00e1bor, a Sz\u00e1zadv\u00e9g Gazdas\u00e1gkutat\u00f3 makrogazdas\u00e1gi \u00fczlet\u00e1gvezet\u0151je hangs\u00falyozta, hogy az elemz\u0151i v\u00e1rakoz\u00e1sokat meghalad\u00f3, kiugr\u00f3 magyar GDP-n\u00f6veked\u00e9s egy nem annyira kedvez\u0151 k\u00fcls\u0151 k\u00f6rnyezetben k\u00f6vetkezett be, Magyarorsz\u00e1g legfontosabb export c\u00e9lorsz\u00e1ga, N\u00e9metorsz\u00e1g n\u00f6veked\u00e9se nem \u00e9rte el az 1 sz\u00e1zal\u00e9kot.<br \/>\n    A szak\u00e9rt\u0151 az els\u0151 negyed\u00e9ves adatra alapozva arra sz\u00e1m\u00edt, hogy a gazdas\u00e1g n\u00f6veked\u00e9se az \u00e9v eg\u00e9sz\u00e9ben meghaladja a 4 sz\u00e1zal\u00e9kot. Az Eur\u00f3pai Uni\u00f3 \u00e9s a vil\u00e1ggazdas\u00e1g probl\u00e9m\u00e1i ugyanakkor kock\u00e1zatot jelenthetnek &#8211; tette hozz\u00e1.<br \/>\n    N\u00e9meth D\u00e1vid, a K&#038;H Bank vezet\u0151 makrogazdas\u00e1gi elemz\u0151je kifejtette, hogy az els\u0151 negyed\u00e9v ut\u00e1n a GDP-temp\u00f3 lassul\u00e1s\u00e1ra sz\u00e1m\u00edt.<br \/>\n    Komment\u00e1rja szerint az \u00e9p\u00edt\u0151iparban tov\u00e1bbra is er\u0151s lesz a n\u00f6veked\u00e9s, de az els\u0151 h\u00e1rom h\u00f3napban l\u00e1tott extr\u00e9m teljes\u00edtm\u00e9ny v\u00e1rhat\u00f3an lassul, emiatt az \u00e1gazat 0,6 sz\u00e1zal\u00e9kponttal alacsonyabb m\u00e9rt\u00e9kben j\u00e1rulhat hozz\u00e1 a GDP b\u0151v\u00fcl\u00e9s\u00e9hez. A mez\u0151gazdas\u00e1g sz\u00e1m\u00e1ra az \u00e9v eleje nem volt b\u00edztat\u00f3, ez\u00e9rt lefel\u00e9 mutat\u00f3 kock\u00e1zatot jelent az agr\u00e1rium hozz\u00e1j\u00e1rul\u00e1sa.<br \/>\n    Az iparban j\u00f3l indult az \u00e9v, de k\u00e9rd\u00e9s, hogyan alakul a helyzet a vil\u00e1ggazdas\u00e1gban, a tavalyi m\u00e1sodik f\u00e9l\u00e9vi lassul\u00e1s ut\u00e1n felp\u00f6r\u00f6g-e a glob\u00e1lis gazdas\u00e1g. Ez nagyban befoly\u00e1solhatja a magyar ipar \u00e9s az export teljes\u00edtm\u00e9ny\u00e9t, ezen kereszt\u00fcl pedig a GDP b\u0151v\u00fcl\u00e9s\u00e9t &#8211; fogalmazott a szak\u00e9rt\u0151.<br \/>\n    N\u00e9meth D\u00e1vid szerint a mostani kil\u00e1t\u00e1sok alapj\u00e1n a magyar gazdas\u00e1g \u00f6sszess\u00e9g\u00e9ben 4-4,5 sz\u00e1zal\u00e9kos n\u00f6veked\u00e9sre lehet k\u00e9pes ebben az \u00e9vben.<br \/>\n    Nyeste Orsolya, az Erste Bank szenior makrogazdas\u00e1gi elemz\u0151je az idei kil\u00e1t\u00e1sokr\u00f3l sz\u00f3lva hangs\u00falyozta: tov\u00e1bbra is \u00fagy l\u00e1tja, hogy a n\u00f6veked\u00e9s egyik legfontosabb hajt\u00f3erej\u00e9t a lakoss\u00e1gi fogyaszt\u00e1s jelenti majd. A feszes munkaer\u0151piac, a folytat\u00f3d\u00f3 b\u00e9rki\u00e1raml\u00e1s, illetve a magas szinten l\u00e9v\u0151 fogyaszt\u00f3i bizalom nem sugallja a fogyaszt\u00e1s lassul\u00e1s\u00e1t erre az \u00e9vre.<br \/>\n    A beruh\u00e1z\u00e1sok n\u00f6veked\u00e9se a tavalyi kiemelked\u0151 adat ut\u00e1n lassulhat ugyan, de \u00f6sszess\u00e9g\u00e9ben tov\u00e1bbra is magas marad, az eg\u00e9sz \u00e9ves n\u00f6veked\u00e9s 8-12 sz\u00e1zal\u00e9k k\u00f6r\u00fcl alakulhat. Tov\u00e1bbra is az exportkil\u00e1t\u00e1sok meg\u00edt\u00e9l\u00e9se a legbizonytalanabb a k\u00fcls\u0151 kock\u00e1zatok miatt, de ha a f\u0151bb magyar exportpiacokon val\u00f3ban elindul egy lass\u00fa kil\u00e1bal\u00e1s az \u00e9v m\u00e1sodik fel\u00e9ben, az v\u00e1rhat\u00f3an seg\u00edti a hazai export teljes\u00edtm\u00e9ny\u00e9t is &#8211; fejtette ki.<br \/>\n    A tavalyi 4,9 sz\u00e1zal\u00e9khoz k\u00e9pest lassulhat, de tov\u00e1bbra is er\u0151s marad a hazai GDP n\u00f6veked\u00e9se. A jelenlegi, 3,8 sz\u00e1zal\u00e9kos GDP n\u00f6veked\u00e9si el\u0151rejelz\u00e9s\u00e9t az els\u0151 negyed\u00e9ves teljes\u00edtm\u00e9ny r\u00e9szletes bont\u00e1s\u00e1nak ismerete ut\u00e1n val\u00f3sz\u00edn\u0171leg felfel\u00e9 korrig\u00e1lja az Erste, v\u00e1rhat\u00f3an kicsivel 4 sz\u00e1zal\u00e9k f\u00f6l\u00e9 &#8211; k\u00f6z\u00f6lte a szak\u00e9rt\u0151.(MTI)<\/p>\n","protected":false},"excerpt":{"rendered":"<p>Fel\u00fclm\u00falta a piaci v\u00e1rakoz\u00e1sokat a brutt\u00f3 hazai term\u00e9k (GDP) els\u0151 negyed\u00e9vi 5,3 sz\u00e1zal\u00e9kos n\u00f6veked\u00e9se az MTI-nek nyilatkoz\u00f3 elemz\u0151k szerint, akik ugyanakkor a k\u00f6vetkez\u0151 negyed\u00e9vekben fokozatos lassul\u00e1sra sz\u00e1m\u00edtanak.<\/p>\n","protected":false},"author":1,"featured_media":0,"comment_status":"closed","ping_status":"open","sticky":false,"template":"","format":"standard","meta":[],"categories":[19],"tags":[],"_links":{"self":[{"href":"https:\/\/gazdasagportal.hu\/index.php\/wp-json\/wp\/v2\/posts\/116040"}],"collection":[{"href":"https:\/\/gazdasagportal.hu\/index.php\/wp-json\/wp\/v2\/posts"}],"about":[{"href":"https:\/\/gazdasagportal.hu\/index.php\/wp-json\/wp\/v2\/types\/post"}],"author":[{"embeddable":true,"href":"https:\/\/gazdasagportal.hu\/index.php\/wp-json\/wp\/v2\/users\/1"}],"replies":[{"embeddable":true,"href":"https:\/\/gazdasagportal.hu\/index.php\/wp-json\/wp\/v2\/comments?post=116040"}],"version-history":[{"count":1,"href":"https:\/\/gazdasagportal.hu\/index.php\/wp-json\/wp\/v2\/posts\/116040\/revisions"}],"predecessor-version":[{"id":116041,"href":"https:\/\/gazdasagportal.hu\/index.php\/wp-json\/wp\/v2\/posts\/116040\/revisions\/116041"}],"wp:attachment":[{"href":"https:\/\/gazdasagportal.hu\/index.php\/wp-json\/wp\/v2\/media?parent=116040"}],"wp:term":[{"taxonomy":"category","embeddable":true,"href":"https:\/\/gazdasagportal.hu\/index.php\/wp-json\/wp\/v2\/categories?post=116040"},{"taxonomy":"post_tag","embeddable":true,"href":"https:\/\/gazdasagportal.hu\/index.php\/wp-json\/wp\/v2\/tags?post=116040"}],"curies":[{"name":"wp","href":"https:\/\/api.w.org\/{rel}","templated":true}]}}