{"id":116038,"date":"2019-05-15T12:25:37","date_gmt":"2019-05-15T10:25:37","guid":{"rendered":"http:\/\/gazdasagportal.hu\/?p=116038"},"modified":"2019-05-15T12:25:37","modified_gmt":"2019-05-15T10:25:37","slug":"gyorsult-a-gazdasagi-novekedes-az-euroovezetben-az-elso-negyedevben","status":"publish","type":"post","link":"https:\/\/gazdasagportal.hu\/index.php\/gyorsult-a-gazdasagi-novekedes-az-euroovezetben-az-elso-negyedevben\/","title":{"rendered":"Gyorsult a gazdas\u00e1gi n\u00f6veked\u00e9s az eur\u00f3\u00f6vezetben az els\u0151 negyed\u00e9vben"},"content":{"rendered":"<p><strong>Gyorsult a gazdas\u00e1gi n\u00f6veked\u00e9s az eur\u00f3\u00f6vezetben \u00e9s az Eur\u00f3pai Uni\u00f3ban janu\u00e1r-m\u00e1rciusban a tavalyi utols\u00f3 negyed\u00e9vhez k\u00e9pest. Az uni\u00f3s tag\u00e1llamok k\u00f6z\u00fcl Magyarorsz\u00e1g gazdas\u00e1ga n\u0151tt a leggyorsabb \u00fctemben negyed\u00e9ves \u00e9s \u00e9ves \u00f6sszevet\u00e9sben is &#8211; ez der\u00fclt ki az Eur\u00f3pai Uni\u00f3 statisztikai hivatala (Eurostat) \u00e1ltal szerd\u00e1n k\u00f6z\u00f6lt m\u00e1sodik becsl\u00e9sb\u0151l.  <\/strong><!--more--><\/p>\n<div class=\"ads-in-post1\"><div id=\"gazdasagportal.hu_fullbanner_wideboard\"><\/div>\r\n<\/div>\n<p>    Az els\u0151 negyed\u00e9vben az el\u0151z\u0151 negyed\u00e9vhez k\u00e9pest szezon\u00e1lis kiigaz\u00edt\u00e1ssal 0,4 sz\u00e1zal\u00e9kkal n\u0151tt a brutt\u00f3 hazai term\u00e9k (GDP) az eur\u00f3\u00f6vezet 19 tag\u00e1llam\u00e1ban \u00e9s 0,5 sz\u00e1zal\u00e9kkal az EU 28 tag\u00e1llam\u00e1ban. A 2018-as negyedik negyed\u00e9vben az eur\u00f3\u00f6vezetben 0,2 sz\u00e1zal\u00e9k, az EU-ban 0,3 sz\u00e1zal\u00e9k volt a negyed\u00e9ves GDP-n\u00f6veked\u00e9s.<br \/>\n    A felpattan\u00e1s annak k\u00f6sz\u00f6nhet\u0151, hogy a legnagyobb eur\u00f3\u00f6vezeti gazdas\u00e1g, a n\u00e9met mag\u00e1hoz t\u00e9rt \u00e9s stagn\u00e1l\u00e1sr\u00f3l 0,4 sz\u00e1zal\u00e9kos emelked\u00e9sre v\u00e1ltott. Olaszorsz\u00e1g gazdas\u00e1ga pedig kil\u00e9pett a technikai recesszi\u00f3b\u00f3l, szer\u00e9ny 0,2 sz\u00e1zal\u00e9kos n\u00f6veked\u00e9st elk\u00f6nyvelve.<br \/>\n    \u00c9ves b\u00e1zison szezon\u00e1lis kiigaz\u00edt\u00e1ssal az eur\u00f3\u00f6vezetben 1,2 sz\u00e1zal\u00e9kkal, az EU-ban 1,5 sz\u00e1zal\u00e9kkal n\u0151tt a GDP, mindk\u00e9t r\u00e9gi\u00f3ban az el\u0151z\u0151 negyed\u00e9vivel megegyez\u0151 \u00fctemben.<br \/>\n<div class=\"ads-in-post2\"><script async src=\"https:\/\/pagead2.googlesyndication.com\/pagead\/js\/adsbygoogle.js\"><\/script>\r\n<ins class=\"adsbygoogle\"\r\n     style=\"display:block\"\r\n     data-ad-format=\"fluid\"\r\n     data-ad-layout-key=\"-6t+ed+2i-1n-4w\"\r\n     data-ad-client=\"ca-pub-1959107119989764\"\r\n     data-ad-slot=\"4008251320\"><\/ins>\r\n<script>\r\n     (adsbygoogle = window.adsbygoogle || []).push({});\r\n<\/script><\/div>\n    A friss adatok megegyeznek az \u00e1prilis 30-\u00e1n k\u00f6z\u00f6lt els\u0151 becsl\u00e9sben szerepl\u0151kkel.<br \/>\n    Az Eurostat orsz\u00e1gokra bontott adatsora meglehet\u0151sen hi\u00e1nyos, nyolc orsz\u00e1g eset\u00e9ben (\u00c9sztorsz\u00e1g, \u00cdrorsz\u00e1g, G\u00f6r\u00f6gorsz\u00e1g, Horv\u00e1torsz\u00e1g, Luxembourg, M\u00e1lta, Szlov\u00e9nia, Sv\u00e9dorsz\u00e1g) m\u00e9g nem szerepelnek az els\u0151 negyed\u00e9ves sz\u00e1mok. A marad\u00e9k h\u00fasz orsz\u00e1g k\u00f6z\u00fcl Magyarorsz\u00e1g gazdas\u00e1ga n\u0151tt a legnagyobb m\u00e9rt\u00e9kben janu\u00e1r-m\u00e1rciusban, negyed\u00e9ves \u00f6sszevet\u00e9sben 1,5 sz\u00e1zal\u00e9kkal, \u00e9ves szinten pedig 5,2 sz\u00e1zal\u00e9kkal.<br \/>\n    Negyed\u00e9ves szinten Lengyelorsz\u00e1g a m\u00e1sodik 1,4 sz\u00e1zal\u00e9kos n\u00f6veked\u00e9ssel, majd Rom\u00e1nia (1,3 sz\u00e1zal\u00e9k) \u00e9s Bulg\u00e1ria (1,1 sz\u00e1zal\u00e9k) k\u00f6vetkezik. \u00c9ves \u00f6sszehasonl\u00edt\u00e1sban 5,1 sz\u00e1zal\u00e9kos GDP-n\u00f6veked\u00e9ssel Rom\u00e1nia a m\u00e1sodik, Lengyelorsz\u00e1g pedig a harmadik 4,6 sz\u00e1zal\u00e9kkal.<br \/>\n    Az Egyes\u00fclt \u00c1llamok gazdas\u00e1ga az idei els\u0151 h\u00e1rom h\u00f3napban negyed\u00e9ves szinten 0,8 sz\u00e1zal\u00e9kkal, \u00e9ves \u00f6sszevet\u00e9sben pedig 3,2 sz\u00e1zal\u00e9kkal n\u0151tt.<br \/>\n    Az Eurostat j\u00fanius 6-\u00e1n hozza nyilv\u00e1noss\u00e1gra a harmadik, v\u00e9gleges becsl\u00e9st az uni\u00f3 \u00e9s az eur\u00f3\u00f6vezet els\u0151 negyed\u00e9ves gazdas\u00e1gi teljes\u00edtm\u00e9ny\u00e9r\u0151l.(MTI)<\/p>\n","protected":false},"excerpt":{"rendered":"<p>Gyorsult a gazdas\u00e1gi n\u00f6veked\u00e9s az eur\u00f3\u00f6vezetben \u00e9s az Eur\u00f3pai Uni\u00f3ban janu\u00e1r-m\u00e1rciusban a tavalyi utols\u00f3 negyed\u00e9vhez k\u00e9pest. Az uni\u00f3s tag\u00e1llamok k\u00f6z\u00fcl Magyarorsz\u00e1g gazdas\u00e1ga n\u0151tt a leggyorsabb \u00fctemben negyed\u00e9ves \u00e9s \u00e9ves \u00f6sszevet\u00e9sben is &#8211; ez der\u00fclt ki az Eur\u00f3pai Uni\u00f3 statisztikai hivatala (Eurostat) \u00e1ltal szerd\u00e1n k\u00f6z\u00f6lt m\u00e1sodik becsl\u00e9sb\u0151l.<\/p>\n","protected":false},"author":1,"featured_media":0,"comment_status":"closed","ping_status":"open","sticky":false,"template":"","format":"standard","meta":[],"categories":[12,246],"tags":[],"_links":{"self":[{"href":"https:\/\/gazdasagportal.hu\/index.php\/wp-json\/wp\/v2\/posts\/116038"}],"collection":[{"href":"https:\/\/gazdasagportal.hu\/index.php\/wp-json\/wp\/v2\/posts"}],"about":[{"href":"https:\/\/gazdasagportal.hu\/index.php\/wp-json\/wp\/v2\/types\/post"}],"author":[{"embeddable":true,"href":"https:\/\/gazdasagportal.hu\/index.php\/wp-json\/wp\/v2\/users\/1"}],"replies":[{"embeddable":true,"href":"https:\/\/gazdasagportal.hu\/index.php\/wp-json\/wp\/v2\/comments?post=116038"}],"version-history":[{"count":1,"href":"https:\/\/gazdasagportal.hu\/index.php\/wp-json\/wp\/v2\/posts\/116038\/revisions"}],"predecessor-version":[{"id":116039,"href":"https:\/\/gazdasagportal.hu\/index.php\/wp-json\/wp\/v2\/posts\/116038\/revisions\/116039"}],"wp:attachment":[{"href":"https:\/\/gazdasagportal.hu\/index.php\/wp-json\/wp\/v2\/media?parent=116038"}],"wp:term":[{"taxonomy":"category","embeddable":true,"href":"https:\/\/gazdasagportal.hu\/index.php\/wp-json\/wp\/v2\/categories?post=116038"},{"taxonomy":"post_tag","embeddable":true,"href":"https:\/\/gazdasagportal.hu\/index.php\/wp-json\/wp\/v2\/tags?post=116038"}],"curies":[{"name":"wp","href":"https:\/\/api.w.org\/{rel}","templated":true}]}}