{"id":116034,"date":"2019-05-15T11:13:03","date_gmt":"2019-05-15T09:13:03","guid":{"rendered":"http:\/\/gazdasagportal.hu\/?p=116034"},"modified":"2019-05-15T11:13:03","modified_gmt":"2019-05-15T09:13:03","slug":"aszaly-utan-jegeso-szakmai-segitseget-is-kapnak-a-biztositotol-a-gabonatermelok","status":"publish","type":"post","link":"https:\/\/gazdasagportal.hu\/index.php\/aszaly-utan-jegeso-szakmai-segitseget-is-kapnak-a-biztositotol-a-gabonatermelok\/","title":{"rendered":"Asz\u00e1ly ut\u00e1n j\u00e9ges\u0151 \u2013 szakmai seg\u00edts\u00e9get is kapnak a biztos\u00edt\u00f3t\u00f3l a gabonatermel\u0151k"},"content":{"rendered":"<p><strong>Az elm\u00falt napok es\u0151z\u00e9sei enyh\u00edtettek az elm\u00falt \u00e9v \u0151sz\u00e9t\u0151l ez \u00e9v elej\u00e9ig tart\u00f3 csapad\u00e9kszeg\u00e9ny id\u0151szak probl\u00e9m\u00e1in, de az \u0151szi vet\u00e9s\u0171 kal\u00e1szos gabonaf\u00e9l\u00e9k, mint az \u0151szi b\u00faza, \u0151szi \u00e1rpa, valamint az ugyancsak \u0151szi vet\u00e9s\u0171 repce eset\u00e9ben \u00edgy is jelent\u0151s term\u00e9scs\u00f6kken\u00e9s v\u00e1rhat\u00f3 az asz\u00e1lyk\u00e1rok miatt. M\u00e1jusban ugyanakkor \u00fajabb neh\u00e9zs\u00e9get okoz a gazd\u00e1knak az id\u0151j\u00e1r\u00e1s: a Dun\u00e1nt\u00falon m\u00e1r t\u00f6bb helyen tarolt j\u00e9ges\u0151 viharok k\u00eds\u00e9ret\u00e9ben. A k\u00e1rok m\u00e9rs\u00e9kl\u00e9s\u00e9ben seg\u00edtheti a gazd\u00e1kat a megfelel\u0151 \u00e9s j\u00f3 id\u0151ben, ak\u00e1r m\u00e1r a novemberi-decemberi id\u0151szakban k\u00f6t\u00f6tt biztos\u00edt\u00e1s. A Gabonatermeszt\u0151k Orsz\u00e1gos Sz\u00f6vets\u00e9ge (GOSZ) \u00e9s a Groupama Biztos\u00edt\u00f3 k\u00f6z\u00f6tti strat\u00e9giai partners\u00e9g a gazd\u00e1k k\u00f6zvetlen, szakmailag hiteles inform\u00e1ci\u00f3ell\u00e1t\u00e1s\u00e1t seg\u00edti.<\/strong><!--more--><\/p>\n<div class=\"ads-in-post1\"><div id=\"gazdasagportal.hu_fullbanner_wideboard\"><\/div>\r\n<\/div>\n<p>Az \u0151szi vet\u00e9s\u0171 sz\u00e1nt\u00f3f\u00f6ldi n\u00f6v\u00e9nyek eset\u00e9ben jelent\u0151sen \u00e9rz\u00e9kelhet\u0151 a novembert\u0151l tart\u00f3 asz\u00e1lyos id\u0151j\u00e1r\u00e1s k\u00e1ros hat\u00e1sa, a piac meghat\u00e1roz\u00f3 biztos\u00edt\u00f3j\u00e1hoz az elm\u00falt \u00e9vekhez k\u00e9pest nagyobb sz\u00e1mban \u00e9rkezett erre vonatkoz\u00f3 k\u00e1rbejelent\u00e9s. Az Orsz\u00e1gos Meteorol\u00f3giai Szolg\u00e1lat adatai alapj\u00e1n megfigyelhet\u0151, hogy az orsz\u00e1g ter\u00fcleteit nem egyforma m\u00e9rt\u00e9kben s\u00fajtotta az id\u0151j\u00e1r\u00e1si anom\u00e1lia. <em>\u201eM\u00edg a nyugati \u00e9s d\u00e9l-nyugati t\u00e1jakon kev\u00e9sb\u00e9 okozott k\u00e1rt a csapad\u00e9k hi\u00e1nya, addig \u00e9szakon \u2013- ahol ak\u00e1r az \u00e1tlagt\u00f3l val\u00f3 \u2013 60 millim\u00e9teres elt\u00e9r\u00e9s is tapasztalhat\u00f3 \u2013 s\u00falyosabb a helyzet, ami megmutatkozik a k\u00e1rbejelent\u00e9sek eloszl\u00e1s\u00e1ban is. Ezeken a helyeken minimum 30-40 sz\u00e1zal\u00e9kos term\u00e9skies\u00e9s v\u00e1rhat\u00f3\u201d<\/em> \u2013 Baranyi Szabolcs, a Groupama Biztos\u00edt\u00f3 mez\u0151gazdas\u00e1gi \u00fczleti igazgat\u00f3ja szerint. Az asz\u00e1lyos id\u0151szak ut\u00e1n a j\u00e9g okozhat komolyabb k\u00e1rokat, a Dun\u00e1nt\u00fal t\u00f6bb ter\u00fclet\u00e9n m\u00e1r m\u00e1jus elej\u00e9n j\u00e9ges\u0151 esett vihar k\u00eds\u00e9ret\u00e9ben.<\/p>\n<div class=\"ads-in-post2\"><script async src=\"https:\/\/pagead2.googlesyndication.com\/pagead\/js\/adsbygoogle.js\"><\/script>\r\n<ins class=\"adsbygoogle\"\r\n     style=\"display:block\"\r\n     data-ad-format=\"fluid\"\r\n     data-ad-layout-key=\"-6t+ed+2i-1n-4w\"\r\n     data-ad-client=\"ca-pub-1959107119989764\"\r\n     data-ad-slot=\"4008251320\"><\/ins>\r\n<script>\r\n     (adsbygoogle = window.adsbygoogle || []).push({});\r\n<\/script><\/div>\nA k\u00e1rok enyh\u00edt\u00e9s\u00e9ben sokat seg\u00edthet egy megfelel\u0151 biztos\u00edt\u00e1s, amelynek kiv\u00e1laszt\u00e1s\u00e1hoz a gazd\u00e1knak minden sz\u00fcks\u00e9ges inform\u00e1ci\u00f3 birtok\u00e1ban kell lenni\u00fck. Ebben seg\u00edti a termel\u0151ket egy \u00faj kommunik\u00e1ci\u00f3s csatorna megnyit\u00e1s\u00e1val a Groupama Biztos\u00edt\u00f3 \u00e9s a Gabonatermeszt\u0151k Orsz\u00e1gos Sz\u00f6vets\u00e9ge (GOSZ). Strat\u00e9giai egy\u00fcttm\u0171k\u00f6d\u00e9s\u00fckkel b\u00e1tor\u00edtani szeretn\u00e9k a termel\u0151ket, hogy tudjanak \u00e9s merjenek k\u00e9rdezni a biztos\u00edt\u00f3 szakemberit\u0151l, \u00e9s \u00edgy \u00e1tl\u00e1that\u00f3v\u00e1 v\u00e1ljanak sz\u00e1mukra a biztos\u00edt\u00e1si folyamatok az aj\u00e1nlatad\u00e1st\u00f3l eg\u00e9szen a k\u00e1rrendez\u00e9sig. <em>\u201eA gazd\u00e1khoz sok esetben nem jut el a megfelel\u0151 inform\u00e1ci\u00f3 a biztos\u00edt\u00e1sok t\u00edpusair\u00f3l, felt\u00e9teleir\u0151l, el\u0151nyeir\u0151l, mert nincsenek k\u00f6zvetlen kapcsolatban a biztos\u00edt\u00f3val. A n\u00f6v\u00e9nybiztos\u00edt\u00e1sok megk\u00f6t\u00e9s\u00e9nek vagy meg\u00faj\u00edt\u00e1s\u00e1nak 70 sz\u00e1zal\u00e9ka m\u00e1jusra esik, mivel a d\u00edjt\u00e1mogatott n\u00f6v\u00e9nybiztos\u00edt\u00e1sokat 2019. m\u00e1jus 31. el\u0151tt lehet megk\u00f6tni. Az utols\u00f3 pillanatig v\u00e1rnak annak ellen\u00e9re, hogy a gazd\u00e1k ilyenkor m\u00e1r j\u00f3csk\u00e1n benne vannak a munk\u00e1ban. Ha janu\u00e1rban vagy febru\u00e1rban, vagy ak\u00e1r m\u00e9g el\u0151bb int\u00e9zn\u00e9k a biztos\u00edt\u00e1st, egy nyugodtabb id\u0151szakban, megfontoltabban tudn\u00e1nak d\u00f6nt\u00e9st hozni, r\u00e1ad\u00e1sul ut\u00f3lagos m\u00f3dos\u00edt\u00e1sokra is lenne lehet\u0151s\u00e9g, de err\u0151l is kevesen tudnak. A k\u00e9t szervezet k\u00f6z\u00f6tti strat\u00e9giai partners\u00e9g c\u00e9lja t\u00f6bbek k\u00f6z\u00f6tt, hogy er\u0151s\u00edtse <\/em>a <em>mez\u0151gazdas\u00e1gi biztos\u00edt\u00e1sok hiteless\u00e9g\u00e9t \u00e9s szakmais\u00e1g\u00e1t\u201d <\/em>\u2013 mondta el a szak\u00e9rt\u0151.<\/p>\n<p>&nbsp;<\/p><div id=\"gazda-2504495929\" class=\"gazda-tartalomban gazda-entity-placement\"><script async src=\"https:\/\/pagead2.googlesyndication.com\/pagead\/js\/adsbygoogle.js\"><\/script>\r\n<ins class=\"adsbygoogle\"\r\n     style=\"display:block\"\r\n     data-ad-format=\"fluid\"\r\n     data-ad-layout-key=\"-6t+ed+2i-1n-4w\"\r\n     data-ad-client=\"ca-pub-1959107119989764\"\r\n     data-ad-slot=\"4008251320\"><\/ins>\r\n<script>\r\n     (adsbygoogle = window.adsbygoogle || []).push({});\r\n<\/script><\/div>\n<p><strong>Groupama Biztos\u00edt\u00f3 Zrt.<\/strong><\/p>\n<p>A Groupama Biztos\u00edt\u00f3 k\u00f6zel 1,3 milli\u00f3 \u00fcgyfel\u00e9vel, teljes k\u00f6r\u0171 biztos\u00edt\u00e1si k\u00edn\u00e1lat\u00e1val a hazai biztos\u00edt\u00e1si piac egyik legjelent\u0151sebb szerepl\u0151je. 130 saj\u00e1t \u00fcgyf\u00e9lszolg\u00e1lati irod\u00e1j\u00e1n \u00e9s k\u00f6zel 1000 f\u0151s tan\u00e1csad\u00f3i h\u00e1l\u00f3zat\u00e1n k\u00edv\u00fcl online, a GroupamaDirekten, az OTP Bank 360 fi\u00f3kj\u00e1ban, valamint 400 alkuszpartner\u00e9n kereszt\u00fcl teszi el\u00e9rhet\u0151v\u00e9 szolg\u00e1ltat\u00e1sait.<\/p>\n","protected":false},"excerpt":{"rendered":"<p>Az elm\u00falt napok es\u0151z\u00e9sei enyh\u00edtettek az elm\u00falt \u00e9v \u0151sz\u00e9t\u0151l ez \u00e9v elej\u00e9ig tart\u00f3 csapad\u00e9kszeg\u00e9ny id\u0151szak probl\u00e9m\u00e1in, de az \u0151szi vet\u00e9s\u0171 kal\u00e1szos gabonaf\u00e9l\u00e9k, mint az \u0151szi b\u00faza, \u0151szi \u00e1rpa, valamint az ugyancsak \u0151szi vet\u00e9s\u0171 repce eset\u00e9ben \u00edgy is jelent\u0151s term\u00e9scs\u00f6kken\u00e9s v\u00e1rhat\u00f3 az asz\u00e1lyk\u00e1rok miatt. M\u00e1jusban ugyanakkor \u00fajabb neh\u00e9zs\u00e9get okoz a gazd\u00e1knak az id\u0151j\u00e1r\u00e1s: a Dun\u00e1nt\u00falon m\u00e1r &#8230;<\/p>\n","protected":false},"author":1,"featured_media":0,"comment_status":"closed","ping_status":"open","sticky":false,"template":"","format":"standard","meta":[],"categories":[19],"tags":[],"_links":{"self":[{"href":"https:\/\/gazdasagportal.hu\/index.php\/wp-json\/wp\/v2\/posts\/116034"}],"collection":[{"href":"https:\/\/gazdasagportal.hu\/index.php\/wp-json\/wp\/v2\/posts"}],"about":[{"href":"https:\/\/gazdasagportal.hu\/index.php\/wp-json\/wp\/v2\/types\/post"}],"author":[{"embeddable":true,"href":"https:\/\/gazdasagportal.hu\/index.php\/wp-json\/wp\/v2\/users\/1"}],"replies":[{"embeddable":true,"href":"https:\/\/gazdasagportal.hu\/index.php\/wp-json\/wp\/v2\/comments?post=116034"}],"version-history":[{"count":1,"href":"https:\/\/gazdasagportal.hu\/index.php\/wp-json\/wp\/v2\/posts\/116034\/revisions"}],"predecessor-version":[{"id":116035,"href":"https:\/\/gazdasagportal.hu\/index.php\/wp-json\/wp\/v2\/posts\/116034\/revisions\/116035"}],"wp:attachment":[{"href":"https:\/\/gazdasagportal.hu\/index.php\/wp-json\/wp\/v2\/media?parent=116034"}],"wp:term":[{"taxonomy":"category","embeddable":true,"href":"https:\/\/gazdasagportal.hu\/index.php\/wp-json\/wp\/v2\/categories?post=116034"},{"taxonomy":"post_tag","embeddable":true,"href":"https:\/\/gazdasagportal.hu\/index.php\/wp-json\/wp\/v2\/tags?post=116034"}],"curies":[{"name":"wp","href":"https:\/\/api.w.org\/{rel}","templated":true}]}}