{"id":116015,"date":"2019-05-14T15:49:57","date_gmt":"2019-05-14T13:49:57","guid":{"rendered":"http:\/\/gazdasagportal.hu\/?p=116015"},"modified":"2019-05-14T15:49:57","modified_gmt":"2019-05-14T13:49:57","slug":"az-mnb-visszavonta-az-access-alapkezelo-engedelyet-es-bunteto-feljelentest-tett","status":"publish","type":"post","link":"https:\/\/gazdasagportal.hu\/index.php\/az-mnb-visszavonta-az-access-alapkezelo-engedelyet-es-bunteto-feljelentest-tett\/","title":{"rendered":"Az MNB visszavonta az ACCESS alapkezel\u0151 enged\u00e9ly\u00e9t \u00e9s b\u00fcntet\u0151 feljelent\u00e9st tett"},"content":{"rendered":"<p><strong>A Magyar Nemzeti Bank (MNB) visszavonta az ACCESS Befektet\u00e9si Alapkezel\u0151 Zrt. befektet\u00e9si alapkezel\u00e9sre, portf\u00f3li\u00f3kezel\u00e9sre \u00e9s befektet\u00e9si tan\u00e1csad\u00e1sra vonatkoz\u00f3 tev\u00e9kenys\u00e9gi enged\u00e9ly\u00e9t, \u00e9s b\u00edrs\u00e1got szabott ki B. Attil\u00e1ra, az alapkezel\u0151 volt vez\u00e9rigazgat\u00f3j\u00e1ra, valamint b\u00fcntet\u0151 feljelent\u00e9st is tett &#8211; k\u00f6z\u00f6lte a jegybank kedden az MTI-vel. <\/strong><!--more--><\/p>\n<div class=\"ads-in-post1\"><div id=\"gazdasagportal.hu_fullbanner_wideboard\"><\/div>\r\n<\/div>\n<p>    A k\u00f6zlem\u00e9ny szerint a t\u00e1rsas\u00e1g befektet\u00e9si \u00e9s egy\u00e9b d\u00f6nt\u00e9sein\u00e9l t\u00f6bb esetben is jogs\u00e9rt\u0151en j\u00e1rt el, \u00e9s a jegybanki int\u00e9zked\u00e9sek ellen\u00e9re nem orvosolta t\u0151kehi\u00e1nyos helyzet\u00e9t. Az MNB e d\u00f6nt\u00e9s\u00e9t megel\u0151z\u0151en &#8211; a fokozatoss\u00e1g \u00e9s ar\u00e1nyoss\u00e1g elve szerint &#8211; t\u00f6bb, egyre s\u00falyosabb int\u00e9zked\u00e9st hozott az alapkezel\u0151vel szemben, \u00e1m a jogs\u00e9rt\u0151 helyzet tov\u00e1bbra is fenn\u00e1ll.<br \/>\n    Az MNB el\u0151sz\u00f6r 2017 m\u00e1jus\u00e1ban szabott ki 7 milli\u00f3 forintos b\u00edrs\u00e1got egyebek k\u00f6zt az\u00e9rt, mert az ACCESS alapkezel\u0151 szavatol\u00f3 t\u0151k\u00e9j\u00e9n bel\u00fcl a likvid vagy azonnal k\u00e9szp\u00e9nzre v\u00e1lthat\u00f3an rendelkez\u00e9sre \u00e1ll\u00f3 eszk\u00f6z\u00f6k elmaradtak a jogszab\u00e1lyban el\u0151\u00edrt minimumt\u00f3l. Az alapkezel\u0151 ezut\u00e1n t\u00f6bbsz\u00f6r t\u0151kep\u00f3tl\u00e1st hajtott v\u00e9gre, \u00e1m v\u00e9g\u00fcl ennek hossz\u00fa t\u00e1v\u00fa rendelkez\u00e9sre \u00e1ll\u00e1s\u00e1t nem igazolta.<br \/>\n<div class=\"ads-in-post2\"><script async src=\"https:\/\/pagead2.googlesyndication.com\/pagead\/js\/adsbygoogle.js\"><\/script>\r\n<ins class=\"adsbygoogle\"\r\n     style=\"display:block\"\r\n     data-ad-format=\"fluid\"\r\n     data-ad-layout-key=\"-6t+ed+2i-1n-4w\"\r\n     data-ad-client=\"ca-pub-1959107119989764\"\r\n     data-ad-slot=\"4008251320\"><\/ins>\r\n<script>\r\n     (adsbygoogle = window.adsbygoogle || []).push({});\r\n<\/script><\/div>\n    Az MNB az alapkezel\u0151 egy\u00e9b felt\u00e1rt jogs\u00e9rt\u00e9sei, a befektet\u0151k \u00e9rdekeivel ellent\u00e9tesen meghozott befektet\u00e9si, illetve egy\u00e9b d\u00f6nt\u00e9sei miatt 2018. augusztus 21-\u00e9n publik\u00e1lt hat\u00e1rozat\u00e1ban 24,5 milli\u00f3 forint b\u00edrs\u00e1got szabott ki a c\u00e9gre.<br \/>\n    A jegybank egy m\u00e1sik c\u00e9lvizsg\u00e1lata nyom\u00e1n, szint\u00e9n most publik\u00e1lt hat\u00e1rozat\u00e1ban emellett 20 milli\u00f3 forint b\u00edrs\u00e1got szabott ki B. Attil\u00e1ra, az ACCESS alapkezel\u0151 volt vez\u00e9rigazgat\u00f3j\u00e1ra is, \u00e9s az elk\u00f6vetett szab\u00e1lytalans\u00e1gok gyan\u00faja miatt feljelent\u00e9st tett az illet\u00e9kes nyomoz\u00f3 hat\u00f3s\u00e1gn\u00e1l.<br \/>\n    A kezelt befektet\u00e9si alapok megsz\u0171n\u00e9si elj\u00e1r\u00e1sait az ACCESS alapkezel\u0151 let\u00e9tkezel\u0151 bankjai folytatj\u00e1k le. Az alapkezel\u0151 kor\u00e1bbi legnagyobb \u00fcgyf\u00e9lsz\u00e1m\u00fa alapj\u00e1nak a megsz\u0171n\u00e9si elj\u00e1r\u00e1sa m\u00e1r 2017 m\u00e1rcius\u00e1t\u00f3l folyamatban van. E k\u00f6r mag\u00e1ban foglalja a felsz\u00e1mol\u00e1s alatt l\u00e9v\u0151 kor\u00e1bbi Buda-Cash Br\u00f3kerh\u00e1z Zrt. tev\u00e9kenys\u00e9ge nyom\u00e1n m\u00e1r kor\u00e1bban illikvidd\u00e9 v\u00e1lt sorozatot is. Az ACCESS alapkezel\u0151 tov\u00e1bbi, likvid alapjainak \u00f6sszesen k\u00f6zel 300 (j\u00f3r\u00e9szt int\u00e9zm\u00e9nyi) befektet\u0151je megtakar\u00edt\u00e1s\u00e1nak kifizet\u00e9s\u00e9r\u0151l a let\u00e9tkezel\u0151 gondoskodik az \u00e9rintettek sz\u00e1m\u00e1ra.<br \/>\n    Az ACCESS Alapkezel\u0151 alapjaiban kezelt vagyon a magyarorsz\u00e1gi befektet\u00e9si alapokban kezelt \u00f6sszvagyon 0,04 sz\u00e1zal\u00e9k\u00e1t teszi ki.(MTI)<\/p>\n","protected":false},"excerpt":{"rendered":"<p>A Magyar Nemzeti Bank (MNB) visszavonta az ACCESS Befektet\u00e9si Alapkezel\u0151 Zrt. befektet\u00e9si alapkezel\u00e9sre, portf\u00f3li\u00f3kezel\u00e9sre \u00e9s befektet\u00e9si tan\u00e1csad\u00e1sra vonatkoz\u00f3 tev\u00e9kenys\u00e9gi enged\u00e9ly\u00e9t, \u00e9s b\u00edrs\u00e1got szabott ki B. Attil\u00e1ra, az alapkezel\u0151 volt vez\u00e9rigazgat\u00f3j\u00e1ra, valamint b\u00fcntet\u0151 feljelent\u00e9st is tett &#8211; k\u00f6z\u00f6lte a jegybank kedden az MTI-vel.<\/p>\n","protected":false},"author":1,"featured_media":0,"comment_status":"closed","ping_status":"open","sticky":false,"template":"","format":"standard","meta":[],"categories":[19],"tags":[],"_links":{"self":[{"href":"https:\/\/gazdasagportal.hu\/index.php\/wp-json\/wp\/v2\/posts\/116015"}],"collection":[{"href":"https:\/\/gazdasagportal.hu\/index.php\/wp-json\/wp\/v2\/posts"}],"about":[{"href":"https:\/\/gazdasagportal.hu\/index.php\/wp-json\/wp\/v2\/types\/post"}],"author":[{"embeddable":true,"href":"https:\/\/gazdasagportal.hu\/index.php\/wp-json\/wp\/v2\/users\/1"}],"replies":[{"embeddable":true,"href":"https:\/\/gazdasagportal.hu\/index.php\/wp-json\/wp\/v2\/comments?post=116015"}],"version-history":[{"count":1,"href":"https:\/\/gazdasagportal.hu\/index.php\/wp-json\/wp\/v2\/posts\/116015\/revisions"}],"predecessor-version":[{"id":116016,"href":"https:\/\/gazdasagportal.hu\/index.php\/wp-json\/wp\/v2\/posts\/116015\/revisions\/116016"}],"wp:attachment":[{"href":"https:\/\/gazdasagportal.hu\/index.php\/wp-json\/wp\/v2\/media?parent=116015"}],"wp:term":[{"taxonomy":"category","embeddable":true,"href":"https:\/\/gazdasagportal.hu\/index.php\/wp-json\/wp\/v2\/categories?post=116015"},{"taxonomy":"post_tag","embeddable":true,"href":"https:\/\/gazdasagportal.hu\/index.php\/wp-json\/wp\/v2\/tags?post=116015"}],"curies":[{"name":"wp","href":"https:\/\/api.w.org\/{rel}","templated":true}]}}