{"id":116013,"date":"2019-05-14T15:16:15","date_gmt":"2019-05-14T13:16:15","guid":{"rendered":"http:\/\/gazdasagportal.hu\/?p=116013"},"modified":"2019-05-14T15:16:15","modified_gmt":"2019-05-14T13:16:15","slug":"brexit-maganvadas-eljaras-kezdodott-boris-johnson-ellen-az-eu-nepszavazasi-kampanyban-tett-kijelentesei-miatt","status":"publish","type":"post","link":"https:\/\/gazdasagportal.hu\/index.php\/brexit-maganvadas-eljaras-kezdodott-boris-johnson-ellen-az-eu-nepszavazasi-kampanyban-tett-kijelentesei-miatt\/","title":{"rendered":"Brexit &#8211; Mag\u00e1nv\u00e1das elj\u00e1r\u00e1s kezd\u0151d\u00f6tt Boris Johnson ellen az EU-n\u00e9pszavaz\u00e1si kamp\u00e1nyban tett kijelent\u00e9sei miatt"},"content":{"rendered":"<p><strong>Mag\u00e1nv\u00e1das elj\u00e1r\u00e1s kezd\u0151d\u00f6tt kedden Londonban Boris Johnson volt brit k\u00fcl\u00fcgyminiszter, a korm\u00e1nyz\u00f3 Konzervat\u00edv P\u00e1rt kem\u00e9nyvonalas Brexit-t\u00e1bor\u00e1nak z\u00e1szl\u00f3viv\u0151je ellen a brit EU-tags\u00e1gr\u00f3l rendezett n\u00e9pszavaz\u00e1s kamp\u00e1ny\u00e1ban tett kijelent\u00e9sei\u00e9rt.<\/strong><!--more--><\/p>\n<div class=\"ads-in-post1\"><div id=\"gazdasagportal.hu_fullbanner_wideboard\"><\/div>\r\n<\/div>\n<p>    Az elj\u00e1r\u00e1st Marcus Ball kezdem\u00e9nyezte mag\u00e1nv\u00e1dl\u00f3k\u00e9nt egy jogi iroda k\u00f6zrem\u0171k\u00f6d\u00e9s\u00e9vel Johnson ellen a londoni Westminster ker\u00fclet magisztr\u00e1tusi b\u00edr\u00f3s\u00e1ga el\u0151tt.<br \/>\n    A b\u00edr\u00f3i f\u00f3rumnak, amely keddre t\u0171zte ki az els\u0151 meghallgat\u00e1st az \u00fcgyben, azt kell eld\u00f6ntenie, hogy indokolt-e a hivatalos v\u00e1demel\u00e9s a kereset alapj\u00e1n.<br \/>\n    A mag\u00e1nv\u00e1dl\u00f3k\u00e9nt fell\u00e9p\u0151 29 \u00e9ves Ball az elm\u00falt h\u00e1rom h\u00f3napban 370 ezer fontot (csaknem 140 milli\u00f3 forintot) gy\u0171jt\u00f6tt mag\u00e1nadom\u00e1nyoz\u00f3kt\u00f3l az elj\u00e1r\u00e1s finansz\u00edroz\u00e1s\u00e1ra.<br \/>\n    A The Times c\u00edm\u0171 konzervat\u00edv brit napilap keddi besz\u00e1mol\u00f3ja szerint Marcus Ball k\u00f6z\u00f6ss\u00e9gi finansz\u00edroz\u00e1si kezdem\u00e9nyez\u00e9s\u00e9hez hatezren j\u00e1rultak hozz\u00e1 anyagilag.<br \/>\n    A kereset szerint Boris Johnson k\u00f6zhivatalt bet\u00f6lt\u0151 szem\u00e9ly \u00e1ltal elk\u00f6vetett vissza\u00e9l\u00e9ssel v\u00e1dolhat\u00f3, mindenekel\u0151tt londoni polg\u00e1rmesterk\u00e9nt \u00e9s parlamenti k\u00e9pvisel\u0151k\u00e9nt  tett kijelent\u00e9sei miatt.<br \/>\n    Johnson 2016 m\u00e1jus\u00e1ig volt London polg\u00e1rmestere \u00e9s 2015 \u00f3ta als\u00f3h\u00e1zi k\u00e9pvisel\u0151. Theresa May minisztereln\u00f6k korm\u00e1ny\u00e1ban egy ideig a k\u00fcl\u00fcgyminiszteri tiszts\u00e9get is bet\u00f6lt\u00f6tte, de az \u00e1ltala t\u00fal enyh\u00e9nek tartott korm\u00e1nyzati Brexit-strat\u00e9gia miatt tavaly lemondott.<br \/>\n<div class=\"ads-in-post2\"><script async src=\"https:\/\/pagead2.googlesyndication.com\/pagead\/js\/adsbygoogle.js\"><\/script>\r\n<ins class=\"adsbygoogle\"\r\n     style=\"display:block\"\r\n     data-ad-format=\"fluid\"\r\n     data-ad-layout-key=\"-6t+ed+2i-1n-4w\"\r\n     data-ad-client=\"ca-pub-1959107119989764\"\r\n     data-ad-slot=\"4008251320\"><\/ins>\r\n<script>\r\n     (adsbygoogle = window.adsbygoogle || []).push({});\r\n<\/script><\/div>\n    A kedden napirendre ker\u00fclt beterjeszt\u00e9s k\u00f6zponti elem\u00e9t k\u00e9pezi az a h\u00edrhedt\u00e9 v\u00e1lt kamp\u00e1nybusz, amellyel Johnson \u00e9s st\u00e1bja j\u00e1rta az orsz\u00e1got a brit EU-tags\u00e1gr\u00f3l 2016 j\u00fanius\u00e1ban tartott n\u00e9pszavaz\u00e1s kamp\u00e1nyid\u0151szak\u00e1ban, a kil\u00e9p\u00e9s mellett \u00e9rvelve.<br \/>\n    A referendumon a r\u00e9sztvev\u0151k sz\u0171k, 51,89 sz\u00e1zal\u00e9kos t\u00f6bbs\u00e9ge arra voksolt, hogy az Egyes\u00fclt Kir\u00e1lys\u00e1g l\u00e9pjen ki az Eur\u00f3pai Uni\u00f3b\u00f3l.<br \/>\n    A Johnson vezette kamp\u00e1ny k\u00f6zponti &#8211; \u00e9s legs\u00falyosabban b\u00edr\u00e1lt &#8211; \u00e1ll\u00edt\u00e1sa az volt, hogy Nagy-Britanni\u00e1nak az EU-tags\u00e1g heti 350 milli\u00f3 fontj\u00e1ba (t\u00f6bb mint 130 milli\u00e1rd forint) ker\u00fcl, \u00e9s ezt ink\u00e1bb a brit \u00e1llami eg\u00e9szs\u00e9g\u00fcgyi ell\u00e1t\u00f3rendszerre (NHS) kellene k\u00f6lteni.<br \/>\n    Ez szerepelt hatalmas bet\u0171kkel Johnson vil\u00e1gszerte ismertt\u00e9 v\u00e1lt kamp\u00e1nybusz\u00e1nak oldal\u00e1n is.<br \/>\n    Az \u00e1ll\u00edt\u00e1s azonban szinte azonnal heves t\u00e1mad\u00e1sok keresztt\u00fcz\u00e9be ker\u00fclt, \u00e9s m\u00e9g a Brexit-t\u00e1bor m\u00e1s prominens k\u00e9pvisel\u0151i k\u00f6z\u00fcl is t\u00f6bben elhat\u00e1rol\u00f3dtak t\u0151le.<br \/>\n    Annak idej\u00e9n a brit statisztikai hivatal f\u00fcggetlen fel\u00fcgyeleti hat\u00f3s\u00e1ga is panasszal \u00e9lt az \u00fcgyben. A hat\u00f3s\u00e1g szerint ugyanis Johnson \u00f6sszekeverte a nett\u00f3 \u00e9s a brutt\u00f3 befizet\u00e9seket, \u00e9s egy\u00e9rtelm\u0171en vissza\u00e9lt hivatalos statisztikai adatokkal.<br \/>\n    N\u00e9h\u00e1ny hete m\u00e1sf\u00e9l ezer brit jogi szak\u00e9rt\u0151 \u00edrt al\u00e1 \u00e9s tett k\u00f6zz\u00e9 egy k\u00f6z\u00f6s felh\u00edv\u00e1st, amely ugyanezekre az okokra hivatkozva megk\u00e9rd\u0151jelezte az EU-tags\u00e1gr\u00f3l tartott 2016-os n\u00e9pszavaz\u00e1s \u00e9rv\u00e9nyess\u00e9g\u00e9t.(MTI)<\/p>\n","protected":false},"excerpt":{"rendered":"<p>Mag\u00e1nv\u00e1das elj\u00e1r\u00e1s kezd\u0151d\u00f6tt kedden Londonban Boris Johnson volt brit k\u00fcl\u00fcgyminiszter, a korm\u00e1nyz\u00f3 Konzervat\u00edv P\u00e1rt kem\u00e9nyvonalas Brexit-t\u00e1bor\u00e1nak z\u00e1szl\u00f3viv\u0151je ellen a brit EU-tags\u00e1gr\u00f3l rendezett n\u00e9pszavaz\u00e1s kamp\u00e1ny\u00e1ban tett kijelent\u00e9sei\u00e9rt.<\/p>\n","protected":false},"author":1,"featured_media":0,"comment_status":"closed","ping_status":"open","sticky":false,"template":"","format":"standard","meta":[],"categories":[12,246],"tags":[],"_links":{"self":[{"href":"https:\/\/gazdasagportal.hu\/index.php\/wp-json\/wp\/v2\/posts\/116013"}],"collection":[{"href":"https:\/\/gazdasagportal.hu\/index.php\/wp-json\/wp\/v2\/posts"}],"about":[{"href":"https:\/\/gazdasagportal.hu\/index.php\/wp-json\/wp\/v2\/types\/post"}],"author":[{"embeddable":true,"href":"https:\/\/gazdasagportal.hu\/index.php\/wp-json\/wp\/v2\/users\/1"}],"replies":[{"embeddable":true,"href":"https:\/\/gazdasagportal.hu\/index.php\/wp-json\/wp\/v2\/comments?post=116013"}],"version-history":[{"count":1,"href":"https:\/\/gazdasagportal.hu\/index.php\/wp-json\/wp\/v2\/posts\/116013\/revisions"}],"predecessor-version":[{"id":116014,"href":"https:\/\/gazdasagportal.hu\/index.php\/wp-json\/wp\/v2\/posts\/116013\/revisions\/116014"}],"wp:attachment":[{"href":"https:\/\/gazdasagportal.hu\/index.php\/wp-json\/wp\/v2\/media?parent=116013"}],"wp:term":[{"taxonomy":"category","embeddable":true,"href":"https:\/\/gazdasagportal.hu\/index.php\/wp-json\/wp\/v2\/categories?post=116013"},{"taxonomy":"post_tag","embeddable":true,"href":"https:\/\/gazdasagportal.hu\/index.php\/wp-json\/wp\/v2\/tags?post=116013"}],"curies":[{"name":"wp","href":"https:\/\/api.w.org\/{rel}","templated":true}]}}