{"id":116011,"date":"2019-05-14T15:10:31","date_gmt":"2019-05-14T13:10:31","guid":{"rendered":"http:\/\/gazdasagportal.hu\/?p=116011"},"modified":"2019-05-14T15:10:31","modified_gmt":"2019-05-14T13:10:31","slug":"tobb-szaz-milliard-forintos-beruhazasokat-terveznek-japan-cegek-magyarorszagon","status":"publish","type":"post","link":"https:\/\/gazdasagportal.hu\/index.php\/tobb-szaz-milliard-forintos-beruhazasokat-terveznek-japan-cegek-magyarorszagon\/","title":{"rendered":"T\u00f6bb sz\u00e1z milli\u00e1rd forintos beruh\u00e1z\u00e1sokat terveznek jap\u00e1n c\u00e9gek Magyarorsz\u00e1gon"},"content":{"rendered":"<p><strong>Egy\u00fcttesen t\u00f6bb sz\u00e1z milli\u00e1rd forintos magyarorsz\u00e1gi nagyberuh\u00e1z\u00e1st tervez\u0151 jap\u00e1n c\u00e9gekkel t\u00e1rgyalt a K\u00fclgazdas\u00e1gi \u00e9s K\u00fcl\u00fcgyminiszt\u00e9rium (KKM) hivatalos l\u00e1togat\u00e1son Jap\u00e1nban tart\u00f3zkod\u00f3 parlamenti \u00e1llamtitk\u00e1ra.<\/strong><!--more--><\/p>\n<div class=\"ads-in-post1\"><div id=\"gazdasagportal.hu_fullbanner_wideboard\"><\/div>\r\n<\/div>\n<p>    T\u00f6bb v\u00e1llalatr\u00f3l van sz\u00f3, amelyek az aut\u00f3iparban \u00e9s a meg\u00fajul\u00f3energia-iparban m\u0171k\u00f6dnek, a t\u00e1rgyal\u00e1sokat hivatalosan is megind\u00edtott\u00e1k arr\u00f3l, hogy milyen c\u00e9llal \u00e9s felt\u00e9telekkel j\u00f6nn\u00e9nek Magyarorsz\u00e1gra &#8211; mondta el Magyar Levente az MTI-nek telefonon kedden.<br \/>\n    Az \u00e1llamtitk\u00e1r eml\u00e9keztetett arra, hogy a jap\u00e1n-magyar kapcsolatok egyre intenz\u00edvebbek, m\u00e1r t\u00f6bb mint 160 jap\u00e1n c\u00e9g van jelen Magyarorsz\u00e1gon, amelyek t\u00f6bb t\u00edzezer embernek adnak munk\u00e1t. A jap\u00e1n v\u00e1llalatok kiemelked\u0151 hozz\u00e1adott \u00e9rt\u00e9ket jelentenek a magyar gazdas\u00e1gnak, k\u00fcl\u00f6n\u00f6sen azokban az ipar\u00e1gakban, amelyeket a legink\u00e1bb \u00e9rinti a negyedik ipari forradalomnak nevezett \u00e1talakul\u00e1s. Jap\u00e1n a technol\u00f3giai fejleszt\u00e9sek haz\u00e1ja, \u00e9s ezeket a technol\u00f3gi\u00e1kat Magyarorsz\u00e1gon is meghonos\u00edtj\u00e1k az itt beruh\u00e1z\u00f3 c\u00e9gek &#8211; emelte ki.<br \/>\n    Fontos t\u00e9m\u00e1ja volt a Jap\u00e1nban folytatott megbesz\u00e9l\u00e9seknek a magyar \u00e9lelmiszerexport helyzete. Magyar Levente felid\u00e9zte, hogy az \u00e1gazat sok k\u00e1rt szenvedett az elm\u00falt \u00e9vekben f\u0151k\u00e9nt a sert\u00e9spestis \u00e9s a mad\u00e1rinfluenza miatt.<br \/>\n<div class=\"ads-in-post2\"><script async src=\"https:\/\/pagead2.googlesyndication.com\/pagead\/js\/adsbygoogle.js\"><\/script>\r\n<ins class=\"adsbygoogle\"\r\n     style=\"display:block\"\r\n     data-ad-format=\"fluid\"\r\n     data-ad-layout-key=\"-6t+ed+2i-1n-4w\"\r\n     data-ad-client=\"ca-pub-1959107119989764\"\r\n     data-ad-slot=\"4008251320\"><\/ins>\r\n<script>\r\n     (adsbygoogle = window.adsbygoogle || []).push({});\r\n<\/script><\/div>\n    Jap\u00e1n a magyar \u00e9lelmiszerterm\u00e9kek legnagyobb \u00e1zsiai felvev\u0151piaca. Magyarorsz\u00e1g ezen a ter\u00fcleten is szeretn\u00e9 jav\u00edtani a kapcsolatokat, \u00e9s kiterjeszteni az egy\u00fcttm\u0171k\u00f6d\u00e9seket, ez\u00e9rt nagy jap\u00e1n \u00e9lelmiszer-felhaszn\u00e1l\u00f3kkal, p\u00e9ld\u00e1ul \u00e9ttereml\u00e1ncokkal t\u00e1rgyalnak magyar alapanyagok besz\u00e1ll\u00edt\u00e1s\u00e1r\u00f3l, amelyek jelent\u0151s mennyis\u00e9get tudn\u00e1nak venni. Ez komoly seg\u00edts\u00e9g lenne a magyar termel\u0151knek \u00e9s a hazai feldolgoz\u00f3iparnak &#8211; tette hozz\u00e1 Magyar Levente.<br \/>\n    Az \u00e1llamtitk\u00e1r kit\u00e9rt arra is, hogy h\u00e9tf\u0151n megnyitott\u00e1k Toki\u00f3ban a HEPA Magyar Exportfejleszt\u00e9si \u00dcgyn\u00f6ks\u00e9g irod\u00e1j\u00e1t. Magyar Levente \u00fagy l\u00e1tja, a kirendelts\u00e9g fontos k\u00f6zpontja lehet a szerte\u00e1gaz\u00f3 k\u00fclkereskedelmi kapcsolatoknak, de f\u0151k\u00e9nt az \u00e9lelmiszeriparnak jelenthet nagy perspekt\u00edv\u00e1t Jap\u00e1nban, mert a kisebb c\u00e9geknek, p\u00e9ld\u00e1ul a hazai \u00e9lelmiszer-feldolgoz\u00f3knak sz\u00fcks\u00e9g\u00fck van a k\u00f6zvet\u00edt\u00e9sre.<br \/>\n    Felid\u00e9zte, a l\u00e1togat\u00e1s t\u00e1gabb keret\u00e9t az jelenti, hogy id\u00e9n 150 \u00e9vesek a jap\u00e1n-magyar diplom\u00e1ciai kapcsolatok. Ennek jegy\u00e9ben egyebek mellett nagy siker\u0171 kultur\u00e1lis esem\u00e9nyeket, koncerteket, ki\u00e1ll\u00edt\u00e1sokat, bemutat\u00f3kat szerveznek a k\u00e9t f\u0151v\u00e1rosban.(MTI)<\/p>\n","protected":false},"excerpt":{"rendered":"<p>Egy\u00fcttesen t\u00f6bb sz\u00e1z milli\u00e1rd forintos magyarorsz\u00e1gi nagyberuh\u00e1z\u00e1st tervez\u0151 jap\u00e1n c\u00e9gekkel t\u00e1rgyalt a K\u00fclgazdas\u00e1gi \u00e9s K\u00fcl\u00fcgyminiszt\u00e9rium (KKM) hivatalos l\u00e1togat\u00e1son Jap\u00e1nban tart\u00f3zkod\u00f3 parlamenti \u00e1llamtitk\u00e1ra.<\/p>\n","protected":false},"author":1,"featured_media":0,"comment_status":"closed","ping_status":"open","sticky":false,"template":"","format":"standard","meta":[],"categories":[19],"tags":[],"_links":{"self":[{"href":"https:\/\/gazdasagportal.hu\/index.php\/wp-json\/wp\/v2\/posts\/116011"}],"collection":[{"href":"https:\/\/gazdasagportal.hu\/index.php\/wp-json\/wp\/v2\/posts"}],"about":[{"href":"https:\/\/gazdasagportal.hu\/index.php\/wp-json\/wp\/v2\/types\/post"}],"author":[{"embeddable":true,"href":"https:\/\/gazdasagportal.hu\/index.php\/wp-json\/wp\/v2\/users\/1"}],"replies":[{"embeddable":true,"href":"https:\/\/gazdasagportal.hu\/index.php\/wp-json\/wp\/v2\/comments?post=116011"}],"version-history":[{"count":1,"href":"https:\/\/gazdasagportal.hu\/index.php\/wp-json\/wp\/v2\/posts\/116011\/revisions"}],"predecessor-version":[{"id":116012,"href":"https:\/\/gazdasagportal.hu\/index.php\/wp-json\/wp\/v2\/posts\/116011\/revisions\/116012"}],"wp:attachment":[{"href":"https:\/\/gazdasagportal.hu\/index.php\/wp-json\/wp\/v2\/media?parent=116011"}],"wp:term":[{"taxonomy":"category","embeddable":true,"href":"https:\/\/gazdasagportal.hu\/index.php\/wp-json\/wp\/v2\/categories?post=116011"},{"taxonomy":"post_tag","embeddable":true,"href":"https:\/\/gazdasagportal.hu\/index.php\/wp-json\/wp\/v2\/tags?post=116011"}],"curies":[{"name":"wp","href":"https:\/\/api.w.org\/{rel}","templated":true}]}}