{"id":116009,"date":"2019-05-14T13:23:31","date_gmt":"2019-05-14T11:23:31","guid":{"rendered":"http:\/\/gazdasagportal.hu\/?p=116009"},"modified":"2019-05-14T13:23:31","modified_gmt":"2019-05-14T11:23:31","slug":"majusban-romlott-a-nemet-es-euroovezeti-befektetoi-hangulat","status":"publish","type":"post","link":"https:\/\/gazdasagportal.hu\/index.php\/majusban-romlott-a-nemet-es-euroovezeti-befektetoi-hangulat\/","title":{"rendered":"M\u00e1jusban romlott a n\u00e9met \u00e9s eur\u00f3\u00f6vezeti befektet\u0151i hangulat"},"content":{"rendered":"<p><strong>A v\u00e1rt javul\u00e1s helyett romlott m\u00e1jusban a n\u00e9met \u00e9s az eur\u00f3\u00f6vezeti befektet\u0151i hangulatindex a ZEW gazdas\u00e1gi kutat\u00f3int\u00e9zet felm\u00e9r\u00e9s\u00e9ben.<\/strong><!--more--><\/p>\n<div class=\"ads-in-post1\"><div id=\"gazdasagportal.hu_fullbanner_wideboard\"><\/div>\r\n<\/div>\n<p>A mannheimi ZEW (Zentrum f\u00fcr Europ\u00e4ische Wirtschaftsforschung) gazdas\u00e1gi kutat\u00f3int\u00e9zet kedden k\u00f6zz\u00e9tett kimutat\u00e1sa szerint m\u00e1jusban a 13 havi cs\u00facspontnak sz\u00e1m\u00edt\u00f3 \u00e1prilisi 3,1 pontr\u00f3l 5,2 ponttal, m\u00ednusz 2,1 pontra cs\u00f6kkent a befektet\u0151i hangulatindex N\u00e9metorsz\u00e1gban.<br \/>\nElemz\u0151k javul\u00e1st, 5,0-5,1 pontos befektet\u0151i hangulatindexet v\u00e1rtak m\u00e1jusra.<br \/>\nA kutat\u00f3int\u00e9zet felm\u00e9r\u00e9s\u00e9be bevont p\u00e9nz\u00fcgyi \u00e9s befektet\u00e9si szakemberek az elk\u00f6vetkez\u0151 hat h\u00f3napra &#8222;visszafogott&#8221; m\u00e9rt\u00e9k\u0171 gazdas\u00e1gi n\u00f6veked\u00e9ssel sz\u00e1molnak N\u00e9metorsz\u00e1gban, els\u0151sorban a n\u00e9met exportkil\u00e1t\u00e1soknak az amerikai-k\u00ednai kereskedelmi ellent\u00e9tek eszkal\u00e1ci\u00f3j\u00e1val p\u00e1rhuzamos roml\u00e1sa miatt.<br \/>\nMindek\u00f6zben a n\u00e9met gazdas\u00e1gi k\u00f6rnyezet aktu\u00e1lis \u00e1llapot\u00e1nak meg\u00edt\u00e9l\u00e9s\u00e9t sz\u00e1mszer\u0171s\u00edt\u0151 hangulati mutat\u00f3 javult m\u00e1jusban, az el\u0151z\u0151 havihoz k\u00e9pest 2,7 ponttal 8,2 pontra emelkedett.<br \/>\n<div class=\"ads-in-post2\"><script async src=\"https:\/\/pagead2.googlesyndication.com\/pagead\/js\/adsbygoogle.js\"><\/script>\r\n<ins class=\"adsbygoogle\"\r\n     style=\"display:block\"\r\n     data-ad-format=\"fluid\"\r\n     data-ad-layout-key=\"-6t+ed+2i-1n-4w\"\r\n     data-ad-client=\"ca-pub-1959107119989764\"\r\n     data-ad-slot=\"4008251320\"><\/ins>\r\n<script>\r\n     (adsbygoogle = window.adsbygoogle || []).push({});\r\n<\/script><\/div>\nAz eur\u00f3\u00f6vezeti befektet\u0151i hangulat a ZEW felm\u00e9r\u00e9s\u00e9ben m\u00ednusz 1,6 pontra cs\u00f6kkent m\u00e1jusban az el\u0151z\u0151 havi 4,5 pontr\u00f3l az elemz\u0151k \u00e1ltal v\u00e1rt javul\u00e1s, 5,0 pont helyett. Az aktu\u00e1lis helyzet meg\u00edt\u00e9l\u00e9se az eur\u00f3\u00f6vezetben is javult, a mutat\u00f3 az el\u0151z\u0151 havihoz k\u00e9pest 6,2 ponttal emelkedett m\u00ednusz 7,0\u00a0<a title=\"Hely megnyit\u00e1sa\" href=\"http:\/\/mti.hu\/Pages\/pontra.%C2%A0%C2%A0%C2%A0%C2%A0https:\/\/www.zew.de\/en\/\" target=\"_blank\" rel=\"noopener noreferrer\">pontra.\u00a0\u00a0\u00a0\u00a0https:\/\/www.zew.de\/en\/<\/a><\/p>\n<p>&nbsp;<br \/>\n(MTI)<\/p><div id=\"gazda-1238319120\" class=\"gazda-tartalomban gazda-entity-placement\"><script async src=\"https:\/\/pagead2.googlesyndication.com\/pagead\/js\/adsbygoogle.js\"><\/script>\r\n<ins class=\"adsbygoogle\"\r\n     style=\"display:block\"\r\n     data-ad-format=\"fluid\"\r\n     data-ad-layout-key=\"-6t+ed+2i-1n-4w\"\r\n     data-ad-client=\"ca-pub-1959107119989764\"\r\n     data-ad-slot=\"4008251320\"><\/ins>\r\n<script>\r\n     (adsbygoogle = window.adsbygoogle || []).push({});\r\n<\/script><\/div>\n","protected":false},"excerpt":{"rendered":"<p>A v\u00e1rt javul\u00e1s helyett romlott m\u00e1jusban a n\u00e9met \u00e9s az eur\u00f3\u00f6vezeti befektet\u0151i hangulatindex a ZEW gazdas\u00e1gi kutat\u00f3int\u00e9zet felm\u00e9r\u00e9s\u00e9ben.<\/p>\n","protected":false},"author":1,"featured_media":0,"comment_status":"closed","ping_status":"open","sticky":false,"template":"","format":"standard","meta":[],"categories":[246],"tags":[],"_links":{"self":[{"href":"https:\/\/gazdasagportal.hu\/index.php\/wp-json\/wp\/v2\/posts\/116009"}],"collection":[{"href":"https:\/\/gazdasagportal.hu\/index.php\/wp-json\/wp\/v2\/posts"}],"about":[{"href":"https:\/\/gazdasagportal.hu\/index.php\/wp-json\/wp\/v2\/types\/post"}],"author":[{"embeddable":true,"href":"https:\/\/gazdasagportal.hu\/index.php\/wp-json\/wp\/v2\/users\/1"}],"replies":[{"embeddable":true,"href":"https:\/\/gazdasagportal.hu\/index.php\/wp-json\/wp\/v2\/comments?post=116009"}],"version-history":[{"count":1,"href":"https:\/\/gazdasagportal.hu\/index.php\/wp-json\/wp\/v2\/posts\/116009\/revisions"}],"predecessor-version":[{"id":116010,"href":"https:\/\/gazdasagportal.hu\/index.php\/wp-json\/wp\/v2\/posts\/116009\/revisions\/116010"}],"wp:attachment":[{"href":"https:\/\/gazdasagportal.hu\/index.php\/wp-json\/wp\/v2\/media?parent=116009"}],"wp:term":[{"taxonomy":"category","embeddable":true,"href":"https:\/\/gazdasagportal.hu\/index.php\/wp-json\/wp\/v2\/categories?post=116009"},{"taxonomy":"post_tag","embeddable":true,"href":"https:\/\/gazdasagportal.hu\/index.php\/wp-json\/wp\/v2\/tags?post=116009"}],"curies":[{"name":"wp","href":"https:\/\/api.w.org\/{rel}","templated":true}]}}