{"id":115990,"date":"2019-05-13T17:26:51","date_gmt":"2019-05-13T15:26:51","guid":{"rendered":"http:\/\/gazdasagportal.hu\/?p=115990"},"modified":"2019-05-13T17:26:51","modified_gmt":"2019-05-13T15:26:51","slug":"az-autowallis-fo-tulajdonosa-560-millio-forint-felvett-osztalekot-visszafizetett-a-tarsasagnak","status":"publish","type":"post","link":"https:\/\/gazdasagportal.hu\/index.php\/az-autowallis-fo-tulajdonosa-560-millio-forint-felvett-osztalekot-visszafizetett-a-tarsasagnak\/","title":{"rendered":"Az AutoWallis f\u0151 tulajdonosa 560 milli\u00f3 forint felvett osztal\u00e9kot visszafizetett a t\u00e1rsas\u00e1gnak"},"content":{"rendered":"<p><strong>Az AutoWallis Nyrt. osztal\u00e9kels\u0151bbs\u00e9gi r\u00e9szv\u00e9nyeinek tulajdonosa, a Veres Tibor tulajdon\u00e1ban l\u00e9v\u0151 Texber Kft. a sz\u00e1m\u00e1ra osztal\u00e9kk\u00e9nt kifizetett 575 milli\u00f3 forintb\u00f3l 560 milli\u00f3 forintot fizetett vissza a v\u00e1llalatnak, a c\u00e9g n\u00f6veked\u00e9si strat\u00e9gi\u00e1j\u00e1nak t\u00e1mogat\u00e1sa \u00e9rdek\u00e9ben &#8211; k\u00f6z\u00f6lte az AutoWallis h\u00e9tf\u0151n az MTI-vel. <\/strong><!--more--><\/p>\n<div class=\"ads-in-post1\"><div id=\"gazdasagportal.hu_fullbanner_wideboard\"><\/div>\r\n<\/div>\n<p>    Az 560 milli\u00f3 forint visszafizet\u00e9s\u00e9vel a Texber Kft. egy\u00fattal mag\u00e1ra v\u00e1llalta az AutoWallis egy kor\u00e1bbi r\u00e9szv\u00e9nyes\u00e9nek a t\u00e1rsas\u00e1ggal szembeni k\u00f6telezetts\u00e9g\u00e9t.<br \/>\n    A k\u00f6zlem\u00e9ny id\u00e9zte Ormosy G\u00e1bort, az AutoWallis vez\u00e9rigazgat\u00f3j\u00e1t, aki kifejtette: a befolyt \u00f6sszeget a tervek szerint a csoport tev\u00e9kenys\u00e9g\u00e9nek v\u00e1rhat\u00f3 b\u0151v\u00fcl\u00e9s\u00e9hez sz\u00fcks\u00e9ges v\u00e1llalatfejleszt\u00e9si, felv\u00e1s\u00e1rl\u00e1si, tov\u00e1bb\u00e1 ingatlan projektek finansz\u00edroz\u00e1s\u00e1ra ford\u00edtj\u00e1k. Hozz\u00e1tette, hogy a v\u00e1llalat tervei szerint \u00f6t \u00e9v alatt megdupl\u00e1zz\u00e1k a tavalyi \u00e1rbev\u00e9telt, az ehhez sz\u00fcks\u00e9ges strat\u00e9gi\u00e1t m\u00e1jus 22-\u00e9n mutatj\u00e1k be.<br \/>\n<div class=\"ads-in-post2\"><script async src=\"https:\/\/pagead2.googlesyndication.com\/pagead\/js\/adsbygoogle.js\"><\/script>\r\n<ins class=\"adsbygoogle\"\r\n     style=\"display:block\"\r\n     data-ad-format=\"fluid\"\r\n     data-ad-layout-key=\"-6t+ed+2i-1n-4w\"\r\n     data-ad-client=\"ca-pub-1959107119989764\"\r\n     data-ad-slot=\"4008251320\"><\/ins>\r\n<script>\r\n     (adsbygoogle = window.adsbygoogle || []).push({});\r\n<\/script><\/div>\n    Az AutoWallis Nyrt. vagyonkezel\u00e9ssel foglalkozik, portf\u00f3li\u00f3j\u00e1ba aut\u00f3ipari befektet\u00e9sek tartoznak. A csoport n\u00e9gy tagv\u00e1llalata Magyarorsz\u00e1gon, valamint a k\u00f6z\u00e9p \u00e9s d\u00e9lkelet-eur\u00f3pai r\u00e9gi\u00f3ban g\u00e9pj\u00e1rm\u0171- \u00e9s alkatr\u00e9sz kis- \u00e9s nagykereskedelemmel, szerviz szolg\u00e1ltat\u00e1sokkal, r\u00f6vid- \u00e9s hossz\u00fa t\u00e1v\u00fa g\u00e9pj\u00e1rm\u0171-k\u00f6lcs\u00f6nz\u00e9ssel foglalkozik. A csoport tagjai k\u00f6z\u00e9 tartozik a Wallis Automotive Europe, a Wallis Motor Pest, a Wallis Motor Duna valamint a Wallis Aut\u00f3k\u00f6lcs\u00f6nz\u0151. Az AutoWallis csoport nemzetk\u00f6zi p\u00e9nz\u00fcgyi besz\u00e1mol\u00e1si standardok (IFRS) alapj\u00e1n sz\u00e1m\u00edtott konszolid\u00e1lt \u00e1rbev\u00e9tele 2018-ban 65,5 milli\u00e1rd forint volt.<br \/>\n    Az AutoWallis Nyrt. r\u00e9szv\u00e9nyeivel a Budapesti \u00c9rt\u00e9kt\u0151zsde standard kateg\u00f3ri\u00e1j\u00e1ban kereskednek. H\u00e9tf\u0151n a pap\u00edrok \u00e1rfolyama 1,20 sz\u00e1zal\u00e9kkal, 126 forintra er\u0151s\u00f6d\u00f6tt, az elm\u00falt egy \u00e9vben a r\u00e9szv\u00e9nyek legmagasabb \u00e1rfolyama 266 forint, a legalacsonyabb 85 forint volt.(MTI)<\/p>\n","protected":false},"excerpt":{"rendered":"<p>Az AutoWallis Nyrt. osztal\u00e9kels\u0151bbs\u00e9gi r\u00e9szv\u00e9nyeinek tulajdonosa, a Veres Tibor tulajdon\u00e1ban l\u00e9v\u0151 Texber Kft. a sz\u00e1m\u00e1ra osztal\u00e9kk\u00e9nt kifizetett 575 milli\u00f3 forintb\u00f3l 560 milli\u00f3 forintot fizetett vissza a v\u00e1llalatnak, a c\u00e9g n\u00f6veked\u00e9si strat\u00e9gi\u00e1j\u00e1nak t\u00e1mogat\u00e1sa \u00e9rdek\u00e9ben &#8211; k\u00f6z\u00f6lte az AutoWallis h\u00e9tf\u0151n az MTI-vel.<\/p>\n","protected":false},"author":1,"featured_media":0,"comment_status":"closed","ping_status":"open","sticky":false,"template":"","format":"standard","meta":[],"categories":[7],"tags":[],"_links":{"self":[{"href":"https:\/\/gazdasagportal.hu\/index.php\/wp-json\/wp\/v2\/posts\/115990"}],"collection":[{"href":"https:\/\/gazdasagportal.hu\/index.php\/wp-json\/wp\/v2\/posts"}],"about":[{"href":"https:\/\/gazdasagportal.hu\/index.php\/wp-json\/wp\/v2\/types\/post"}],"author":[{"embeddable":true,"href":"https:\/\/gazdasagportal.hu\/index.php\/wp-json\/wp\/v2\/users\/1"}],"replies":[{"embeddable":true,"href":"https:\/\/gazdasagportal.hu\/index.php\/wp-json\/wp\/v2\/comments?post=115990"}],"version-history":[{"count":1,"href":"https:\/\/gazdasagportal.hu\/index.php\/wp-json\/wp\/v2\/posts\/115990\/revisions"}],"predecessor-version":[{"id":115991,"href":"https:\/\/gazdasagportal.hu\/index.php\/wp-json\/wp\/v2\/posts\/115990\/revisions\/115991"}],"wp:attachment":[{"href":"https:\/\/gazdasagportal.hu\/index.php\/wp-json\/wp\/v2\/media?parent=115990"}],"wp:term":[{"taxonomy":"category","embeddable":true,"href":"https:\/\/gazdasagportal.hu\/index.php\/wp-json\/wp\/v2\/categories?post=115990"},{"taxonomy":"post_tag","embeddable":true,"href":"https:\/\/gazdasagportal.hu\/index.php\/wp-json\/wp\/v2\/tags?post=115990"}],"curies":[{"name":"wp","href":"https:\/\/api.w.org\/{rel}","templated":true}]}}