{"id":115984,"date":"2019-05-13T15:35:24","date_gmt":"2019-05-13T13:35:24","guid":{"rendered":"http:\/\/gazdasagportal.hu\/?p=115984"},"modified":"2019-05-13T15:35:24","modified_gmt":"2019-05-13T13:35:24","slug":"londoni-elemzok-jol-viseli-a-magyar-gazdasag-az-euroovezeti-lassulast","status":"publish","type":"post","link":"https:\/\/gazdasagportal.hu\/index.php\/londoni-elemzok-jol-viseli-a-magyar-gazdasag-az-euroovezeti-lassulast\/","title":{"rendered":"Londoni elemz\u0151k: j\u00f3l viseli a magyar gazdas\u00e1g az eur\u00f3\u00f6vezeti lassul\u00e1st"},"content":{"rendered":"<p><strong>Londoni makrogazdas\u00e1gi elemz\u0151k szerint a magyar gazdas\u00e1g a kor\u00e1bban v\u00e1rtn\u00e1l ellen\u00e1ll\u00f3bbnak bizonyult az eur\u00f3\u00f6vezet n\u00f6veked\u00e9si lend\u00fclet\u00e9nek lassul\u00e1s\u00e1val szemben, \u00e9s ez a magyarorsz\u00e1gi n\u00f6veked\u00e9si el\u0151rejelz\u00e9sek jav\u00edt\u00e1s\u00e1t indokolja.<\/strong><!--more--><\/p>\n<div class=\"ads-in-post1\"><div id=\"gazdasagportal.hu_fullbanner_wideboard\"><\/div>\r\n<\/div>\n<p>    A Morgan Stanley glob\u00e1lis p\u00e9nz\u00fcgyi szolg\u00e1ltat\u00f3 csoport londoni befektet\u00e9si r\u00e9szleg\u00e9nek felt\u00f6rekv\u0151 piacokkal foglalkoz\u00f3 elemz\u0151st\u00e1bja az eur\u00f3pai felz\u00e1rk\u00f3z\u00f3 t\u00e9rs\u00e9gr\u0151l \u00f6ssze\u00e1ll\u00edtott, h\u00e9tf\u0151n bemutatott 56 oldalas \u00e9v k\u00f6zepi helyzet\u00e9rt\u00e9kel\u00e9s\u00e9ben felid\u00e9zi, hogy a c\u00e9g a komorabb\u00e1 v\u00e1l\u00f3 eur\u00f3\u00f6vezeti kil\u00e1t\u00e1sok miatt nemr\u00e9g m\u00e9g lejjebb vitte az idei magyar n\u00f6veked\u00e9sre adott el\u0151rejelz\u00e9s\u00e9t.<br \/>\n    A magyar gazdas\u00e1g azonban az idei els\u0151 negyed\u00e9vben &#8222;figyelemrem\u00e9lt\u00f3 m\u00e9rt\u00e9kben ellen\u00e1ll\u00f3nak&#8221; bizonyult a valutauni\u00f3s n\u00f6veked\u00e9si k\u00f6rnyezet roml\u00e1s\u00e1val szemben, \u00e9s a tavalyi utols\u00f3 negyed\u00e9vben is er\u0151teljes n\u00f6veked\u00e9si p\u00e1ly\u00e1n volt.<br \/>\n    A h\u00e1z ennek alapj\u00e1n az eddigi 3,3 sz\u00e1zal\u00e9kr\u00f3l 3,9 sz\u00e1zal\u00e9kra jav\u00edtotta a magyar hazai \u00f6sszterm\u00e9k (GDP) idei eg\u00e9sz \u00e9vi n\u00f6veked\u00e9s\u00e9re sz\u00f3l\u00f3 progn\u00f3zis\u00e1t, \u00e9s j\u00f6v\u0151re is m\u00e9g 3,2 sz\u00e1zal\u00e9kos n\u00f6veked\u00e9ssel sz\u00e1mol a magyar gazdas\u00e1gban.<br \/>\n<div class=\"ads-in-post2\"><script async src=\"https:\/\/pagead2.googlesyndication.com\/pagead\/js\/adsbygoogle.js\"><\/script>\r\n<ins class=\"adsbygoogle\"\r\n     style=\"display:block\"\r\n     data-ad-format=\"fluid\"\r\n     data-ad-layout-key=\"-6t+ed+2i-1n-4w\"\r\n     data-ad-client=\"ca-pub-1959107119989764\"\r\n     data-ad-slot=\"4008251320\"><\/ins>\r\n<script>\r\n     (adsbygoogle = window.adsbygoogle || []).push({});\r\n<\/script><\/div>\n    A c\u00e9g hangs\u00falyozta, hogy fel\u00fclvizsg\u00e1lt  magyarorsz\u00e1gi n\u00f6veked\u00e9si el\u0151rejelz\u00e9sei 0,4 sz\u00e1zal\u00e9kponttal haladj\u00e1k meg a sz\u00e9lesebb k\u00f6r\u0171 elemz\u0151i konszenzust.<br \/>\n    A Morgan Stanley londoni elemz\u0151i szerint a magyar gazdas\u00e1g hajt\u00f3ereje tov\u00e1bbra is az er\u0151teljes bels\u0151 kereslet, azt azonban k\u00e9ts\u00e9gesnek tartj\u00e1k, hogy a komponensek k\u00f6z\u00fcl az \u00e1ll\u00f3eszk\u00f6z-beruh\u00e1z\u00e1sok \u00e9rt\u00e9k\u00e9nek \u00e9s a h\u00e1ztart\u00e1si szektor fogyaszt\u00e1s\u00e1nak 16,4, illetve 5,4 sz\u00e1zal\u00e9kos \u00e9ves \u00f6sszevet\u00e9s\u0171 tavalyi n\u00f6veked\u00e9se ugyanilyen \u00fctemekben folytat\u00f3dik.<br \/>\n    A c\u00e9g szerint ugyanakkor m\u00e9g e t\u00e9nyez\u0151k lassul\u00e1sa is lehet\u0151v\u00e9 tenn\u00e9, hogy a magyar gazdas\u00e1g a hosszabb t\u00e1v\u00fa trend\u00e1tlagot meghalad\u00f3 \u00fctemben n\u00f6vekedjen.<br \/>\n    N\u00e9h\u00e1ny napon bel\u00fcl ez a m\u00e1sodik olyan londoni helyzet\u00e9rt\u00e9kel\u00e9s, amelyben a kor\u00e1bbin\u00e1l jobb el\u0151rejelz\u00e9s szerepel a magyar gazdas\u00e1g idei n\u00f6veked\u00e9s\u00e9re.<br \/>\n    Az Eur\u00f3pai \u00dajj\u00e1\u00e9p\u00edt\u00e9si \u00e9s Fejleszt\u00e9si Bank (EBRD) m\u00falt h\u00e9ten ismertetett \u00e1tfog\u00f3 tavaszi el\u0151rejelz\u00e9s\u00e9ben k\u00f6z\u00f6lte, hogy a magyar gazdas\u00e1gban az id\u00e9n 3,7 sz\u00e1zal\u00e9kos, 2020-ban 2,9 sz\u00e1zal\u00e9kos n\u00f6veked\u00e9ssel sz\u00e1mol.     Az EBRD 0,4, sz\u00e1zal\u00e9kponttal jav\u00edtotta a magyar hazai \u00f6sszterm\u00e9k idei eg\u00e9sz \u00e9vi n\u00f6veked\u00e9si \u00fctem\u00e9re adott becsl\u00e9s\u00e9t az el\u0151z\u0151, novemberben \u00f6ssze\u00e1ll\u00edtott t\u00e9rs\u00e9gi el\u0151rejelz\u00e9s\u00e9hez k\u00e9pest, az a progn\u00f3zis ugyanis 3,3 sz\u00e1zal\u00e9kos magyarorsz\u00e1gi n\u00f6veked\u00e9st val\u00f3sz\u00edn\u0171s\u00edtett 2019-re.<br \/>\n    Az EBRD-jelent\u00e9s is kiemelte, hogy a 4,9 sz\u00e1zal\u00e9kos tavalyi magyar GDP-n\u00f6veked\u00e9s f\u0151 hajt\u00f3ereje a hazai kereslet volt. A bank hangs\u00falyozta azt is, hogy a k\u00f6z\u00e9p-eur\u00f3pai \u00e9s a balti t\u00e9rs\u00e9gen bel\u00fcl a magyar gazdas\u00e1gban n\u0151tt a legnagyobb \u00fctemben az \u00e1llami \u00e9s a mag\u00e1nszektorbeli beruh\u00e1z\u00e1sok \u00e9rt\u00e9ke 2018-ban.<br \/>\n    Az EBRD szerint a f\u0151 k\u00fcls\u0151 kereskedelmi partnergazdas\u00e1gok kereslete az idei \u00e9vt\u0151l v\u00e1rhat\u00f3an gyeng\u00fcl, \u00e9s ez lesz a magyar gazdas\u00e1g val\u00f3sz\u00edn\u0171s\u00edthet\u0151 idei n\u00f6veked\u00e9si lassul\u00e1s\u00e1nak f\u0151 oka, ugyanakkor ezt a k\u00fcls\u0151 keresleti gyeng\u00fcl\u00e9st is r\u00e9szben ellens\u00falyozza az er\u0151teljes b\u00e9remelked\u00e9s \u00e9s a k\u00e9tsz\u00e1mjegy\u0171 \u00fctemben n\u00f6vekv\u0151 v\u00e1llalati hitelell\u00e1t\u00e1s hajtotta hazai kereslet.<br \/>\n    A Morgan Stanley h\u00e9tf\u0151n bemutatott \u00faj helyzet\u00e9rt\u00e9kel\u00e9se a magyar monet\u00e1ris politik\u00e1ban nem val\u00f3sz\u00edn\u0171s\u00edt jelent\u0151sebb szigor\u00edt\u00e1st a robusztus n\u00f6veked\u00e9s \u00e9s az ezt k\u00eds\u00e9r\u0151 infl\u00e1ci\u00f3s nyom\u00e1s ellen\u00e9re sem.<br \/>\n    A h\u00e1z szerint az elk\u00e9pzelhet\u0151, hogy a Magyar Nemzeti Bank (MNB) a negyed\u00e9vente megjelen\u0151 infl\u00e1ci\u00f3s jelent\u00e9sek kiad\u00e1s\u00e1val egy id\u0151ben bejelent valamelyes szigor\u00edt\u00e1si int\u00e9zked\u00e9seket, de &#8222;egy\u00e1ltal\u00e1n nem lehet biztosra venni m\u00e9g ezt sem&#8221;.<br \/>\n    Az elemz\u00e9s szerint a Morgan Stanley londoni szak\u00e9rt\u0151i nemr\u00e9giben Budapesten j\u00e1rtak, \u00e9s t\u00e1j\u00e9koz\u00f3d\u00f3 t\u00e1rgyal\u00e1saik csak meger\u0151s\u00edtett\u00e9k azt a v\u00e1rakoz\u00e1sukat, hogy az MNB nem fog sietni a monet\u00e1ris politika normaliz\u00e1l\u00e1s\u00e1val, k\u00fcl\u00f6n\u00f6sen akkor, ha az eur\u00f3\u00f6vezeti jegybank (EKB) nem kezd szigor\u00edt\u00e1si ciklusba a k\u00f6zelj\u00f6v\u0151ben.<br \/>\n    A c\u00e9g szerint ebben a k\u00f6rnyezetben \u00fagy t\u0171nik, hogy a BUBOR r\u00e1ta konvergenci\u00e1ja a 0,90 sz\u00e1zal\u00e9kos MNB-alapkamathoz legkor\u00e1bban 2020 m\u00e1sodik fel\u00e9ben val\u00f3sz\u00edn\u0171, &#8222;hacsak nem m\u00e9g enn\u00e9l is k\u00e9s\u0151bb&#8221;.<br \/>\n    A Morgan Stanley elemz\u0151i k\u00f6z\u00f6lt\u00e9k, hogy most m\u00e1r nem v\u00e1rj\u00e1k a 0,90 sz\u00e1zal\u00e9kos ir\u00e1nyad\u00f3 jegybanki kamat emel\u00e9s\u00e9t az id\u00e9n. A h\u00e1z kor\u00e1bbi v\u00e1rakoz\u00e1sa az volt, hogy az MNB 2020-ig 1,25 sz\u00e1zal\u00e9kra emeli alapkamat\u00e1t.(MTI)<\/p>\n","protected":false},"excerpt":{"rendered":"<p>Londoni makrogazdas\u00e1gi elemz\u0151k szerint a magyar gazdas\u00e1g a kor\u00e1bban v\u00e1rtn\u00e1l ellen\u00e1ll\u00f3bbnak bizonyult az eur\u00f3\u00f6vezet n\u00f6veked\u00e9si lend\u00fclet\u00e9nek lassul\u00e1s\u00e1val szemben, \u00e9s ez a magyarorsz\u00e1gi n\u00f6veked\u00e9si el\u0151rejelz\u00e9sek jav\u00edt\u00e1s\u00e1t indokolja.<\/p>\n","protected":false},"author":1,"featured_media":0,"comment_status":"closed","ping_status":"open","sticky":false,"template":"","format":"standard","meta":[],"categories":[19],"tags":[],"_links":{"self":[{"href":"https:\/\/gazdasagportal.hu\/index.php\/wp-json\/wp\/v2\/posts\/115984"}],"collection":[{"href":"https:\/\/gazdasagportal.hu\/index.php\/wp-json\/wp\/v2\/posts"}],"about":[{"href":"https:\/\/gazdasagportal.hu\/index.php\/wp-json\/wp\/v2\/types\/post"}],"author":[{"embeddable":true,"href":"https:\/\/gazdasagportal.hu\/index.php\/wp-json\/wp\/v2\/users\/1"}],"replies":[{"embeddable":true,"href":"https:\/\/gazdasagportal.hu\/index.php\/wp-json\/wp\/v2\/comments?post=115984"}],"version-history":[{"count":1,"href":"https:\/\/gazdasagportal.hu\/index.php\/wp-json\/wp\/v2\/posts\/115984\/revisions"}],"predecessor-version":[{"id":115985,"href":"https:\/\/gazdasagportal.hu\/index.php\/wp-json\/wp\/v2\/posts\/115984\/revisions\/115985"}],"wp:attachment":[{"href":"https:\/\/gazdasagportal.hu\/index.php\/wp-json\/wp\/v2\/media?parent=115984"}],"wp:term":[{"taxonomy":"category","embeddable":true,"href":"https:\/\/gazdasagportal.hu\/index.php\/wp-json\/wp\/v2\/categories?post=115984"},{"taxonomy":"post_tag","embeddable":true,"href":"https:\/\/gazdasagportal.hu\/index.php\/wp-json\/wp\/v2\/tags?post=115984"}],"curies":[{"name":"wp","href":"https:\/\/api.w.org\/{rel}","templated":true}]}}