{"id":115978,"date":"2019-05-13T12:55:14","date_gmt":"2019-05-13T10:55:14","guid":{"rendered":"http:\/\/gazdasagportal.hu\/?p=115978"},"modified":"2019-05-13T12:55:14","modified_gmt":"2019-05-13T10:55:14","slug":"csodeljaras-ala-kerult-a-horvat-uljanik-hajogyar","status":"publish","type":"post","link":"https:\/\/gazdasagportal.hu\/index.php\/csodeljaras-ala-kerult-a-horvat-uljanik-hajogyar\/","title":{"rendered":"Cs\u0151delj\u00e1r\u00e1s al\u00e1 ker\u00fclt a horv\u00e1t Uljanik haj\u00f3gy\u00e1r"},"content":{"rendered":"<p><strong>Az isztriai kereskedelmi b\u00edr\u00f3s\u00e1g h\u00e9tf\u0151n hivatalosan is felsz\u00e1mol\u00e1si elj\u00e1r\u00e1st kezdem\u00e9nyezett az Uljanik haj\u00f3\u00e9p\u00edt\u0151 v\u00e1llalattal szemben &#8211; k\u00f6z\u00f6lte a Poslovni Dnevnik c\u00edm\u0171 gazdas\u00e1gi napilap.<\/strong><!--more--><\/p>\n<div class=\"ads-in-post1\"><div id=\"gazdasagportal.hu_fullbanner_wideboard\"><\/div>\r\n<\/div>\n<p>A b\u00edr\u00f3 azzal indokolta d\u00f6nt\u00e9s\u00e9t, hogy a gazdas\u00e1gi miniszt\u00e9rium \u00e1ltal bejelentett k\u00ednai befektet\u00e9sr\u0151l nem \u00e9rkezett visszajelz\u00e9s, \u00e9s a v\u00e1llalat banksz\u00e1ml\u00e1ja tov\u00e1bbra is z\u00e1rolva van. Az ezt megel\u0151z\u0151 t\u00e1rgyal\u00e1son a test\u00fclet \u00e9ppen a lehets\u00e9ges k\u00ednai befektet\u0151k miatt halasztotta el a cs\u0151delj\u00e1r\u00e1s elind\u00edt\u00e1s\u00e1t.<br \/>\nA China Shipbuilding Industry Corporation (CSIC) haj\u00f3gy\u00e1rt\u00f3 konszern bevon\u00e1s\u00e1r\u00f3l a horv\u00e1t haj\u00f3gy\u00e1r megment\u00e9s\u00e9be \u00e1prilis elej\u00e9n sz\u00fcletett meg\u00e1llapod\u00e1s Li Ko-csiang k\u00ednai minisztereln\u00f6k horv\u00e1torsz\u00e1gi l\u00e1togat\u00e1sa idej\u00e9n. B\u00e1r a k\u00ednai v\u00e1llalat szakemberekb\u0151l, jog\u00e1szokb\u00f3l \u00e9s befektet\u00e9si bank\u00e1rokb\u00f3l \u00e1ll\u00f3 deleg\u00e1ci\u00f3ja \u00e1prilis v\u00e9g\u00e9n ell\u00e1togatott Horv\u00e1torsz\u00e1gba \u00e9s megtekintette az Uljanik k\u00e9t dokkj\u00e1t Pul\u00e1n \u00e9s Rijek\u00e1ban, az \u00fajra kit\u0171z\u00f6tt b\u00edr\u00f3s\u00e1gi t\u00e1rgyal\u00e1sig nem \u00e9rkezett visszajelz\u00e9s a befektet\u00e9sr\u0151l.<br \/>\nA felsz\u00e1mol\u00e1si elj\u00e1r\u00e1s val\u00f3sz\u00edn\u0171leg l\u00e1ncreakci\u00f3t ind\u00edt el, \u00e9s cs\u0151delj\u00e1r\u00e1s al\u00e1 ker\u00fcl a haj\u00f3gy\u00e1r azonos nev\u0171 anyav\u00e1llalata, a Uljanik Rt., valamint a csoport t\u00f6bbi v\u00e1llalata, t\u00f6bbek k\u00f6z\u00f6tt a rijekai 3. maj haj\u00f3gy\u00e1r is &#8211; \u00edrta a lap.<br \/>\n<div class=\"ads-in-post2\"><script async src=\"https:\/\/pagead2.googlesyndication.com\/pagead\/js\/adsbygoogle.js\"><\/script>\r\n<ins class=\"adsbygoogle\"\r\n     style=\"display:block\"\r\n     data-ad-format=\"fluid\"\r\n     data-ad-layout-key=\"-6t+ed+2i-1n-4w\"\r\n     data-ad-client=\"ca-pub-1959107119989764\"\r\n     data-ad-slot=\"4008251320\"><\/ins>\r\n<script>\r\n     (adsbygoogle = window.adsbygoogle || []).push({});\r\n<\/script><\/div>\nAz Uljanik haj\u00f3\u00e9p\u00edt\u0151 v\u00e1llalatnak 1118 alkalmazottja van Pul\u00e1n \u00e9s 60 Rijek\u00e1ban. A haj\u00f3gy\u00e1r dolgoz\u00f3i kisebb-nagyobb megszak\u00edt\u00e1sokkal tavaly ny\u00e1r \u00f3ta sztr\u00e1jkolnak. Az elm\u00falt id\u0151szakban 1800-an hagyt\u00e1k el az Uljanik-csoportot, akik maradtak, m\u00e1r kilencedik h\u00f3napja nem kaptak fizet\u00e9st.<br \/>\nSandi Bozac, a v\u00e1llalat igazgat\u00f3s\u00e1g\u00e1nak eln\u00f6ke a sajt\u00f3nak \u00fagy nyilatkozott, a cs\u0151delj\u00e1r\u00e1s nem z\u00e1rja ki, hogy a k\u00ednai CSIC-vel folytat\u00f3djanak a t\u00e1rgyal\u00e1sok.<br \/>\nA munk\u00e1sok \u00e9s a szakszervezetek elkeseredetts\u00e9g\u00fcknek adtak hangot. Mint mondt\u00e1k, Horv\u00e1torsz\u00e1gban ezzel megsz\u0171nt a haj\u00f3gy\u00e1rt\u00e1s, ami\u00e9rt a korm\u00e1nyt \u00e9s a parlamentet hib\u00e1ztatj\u00e1k. &#8222;\u0150k azok, akik felemelhett\u00e9k volna a hangjukat a haj\u00f3gy\u00e1rt\u00e1s mellett \u00e9s azonnal reag\u00e1lhattak volna, de ezt nem tett\u00e9k&#8221; &#8211; hangoztatt\u00e1k.<br \/>\nA horv\u00e1t korm\u00e1ny m\u00e1rciusban d\u00f6nt\u00f6tt \u00fagy, hogy nem tudja tov\u00e1bb t\u00e1mogatni a cs\u0151dk\u00f6zeli Uljanik-csoport szerkezet\u00e1talak\u00edt\u00e1s\u00e1t, mert az komoly p\u00e9nz\u00fcgyi kock\u00e1zatnak tenn\u00e9 ki az \u00e1llamot, ez\u00e9rt tov\u00e1bbi megold\u00e1sokat keres a p\u00e9nz\u00fcgyi probl\u00e9m\u00e1k megold\u00e1s\u00e1ra.<br \/>\nA haj\u00f3gy\u00e1rakat m\u00e9g 2012-ben privatiz\u00e1lta az \u00e1llam, az Uljanik-csoport r\u00e9szv\u00e9nyeinek 46 sz\u00e1zal\u00e9k\u00e1t a dolgoz\u00f3k birtokolj\u00e1k, az \u00e1llamnak valamivel t\u00f6bb mint 25 sz\u00e1zal\u00e9kos r\u00e9szesed\u00e9se maradt.<br \/>\nHorv\u00e1torsz\u00e1g 2012-ben \u00e1llapodott meg az Eur\u00f3pai Bizotts\u00e1ggal (EB) a haj\u00f3gy\u00e1rak szan\u00e1l\u00e1s\u00e1r\u00f3l. Br\u00fcsszel azt v\u00e1rta el Horv\u00e1torsz\u00e1gt\u00f3l, hogy hagyjon fel a haj\u00f3gy\u00e1rt\u00e1s versenytorz\u00edt\u00f3 hat\u00e1s\u00fa \u00e1llami t\u00e1mogat\u00e1s\u00e1val.<br \/>\nZ\u00e1gr\u00e1b a haj\u00f3gy\u00e1rak t\u00e1mogat\u00e1s\u00e1ra 33 milli\u00e1rd kun\u00e1t (1409 milli\u00e1rd forint) k\u00f6lt\u00f6tt eddig. A korm\u00e1ny tavaly janu\u00e1rban az EB beleegyez\u00e9s\u00e9vel \u00fajabb 96 milli\u00f3 eur\u00f3 (30 milli\u00e1rd forint) hitelre v\u00e1llalt garanci\u00e1t az Uljanik-csoport r\u00e9sz\u00e9re, \u00f6sszesen pedig 600 milli\u00f3 eur\u00f3 (193 milli\u00e1rd forint) \u00e9rt\u00e9kben v\u00e1llalt kezess\u00e9get a csoport k\u00fcl\u00f6nb\u00f6z\u0151 hiteleire. Csak tavaly \u00e9v v\u00e9g\u00e9n \u00e9s ebben az \u00e9vben Z\u00e1gr\u00e1b 3,1 milli\u00e1rd kuna (132 milli\u00e1rd forint) garanci\u00e1t fizetett vissza az ad\u00f3fizet\u0151k p\u00e9nz\u00e9b\u0151l.<br \/>\nA rijekai korrupci\u00f3ellenes hivatal \u00e9s az isztriai megyei \u00fcgy\u00e9szs\u00e9g a rend\u0151rs\u00e9ggel k\u00f6z\u00f6s akci\u00f3ban m\u00e1rciusban letartoztatta a csoport 12 volt vezet\u0151j\u00e9t. Azzal v\u00e1dolj\u00e1k \u0151ket, hogy az elm\u00falt t\u00edz \u00e9vben t\u00f6bb mint egy milli\u00e1rd kun\u00e1val (42,4 milli\u00e1rd forint) k\u00e1ros\u00edtott\u00e1k meg az \u00e1llamot \u00e9s a v\u00e1llalatot.(MTI)<\/p>\n<p>&nbsp;<\/p><div id=\"gazda-1016151130\" class=\"gazda-tartalomban gazda-entity-placement\"><script async src=\"https:\/\/pagead2.googlesyndication.com\/pagead\/js\/adsbygoogle.js\"><\/script>\r\n<ins class=\"adsbygoogle\"\r\n     style=\"display:block\"\r\n     data-ad-format=\"fluid\"\r\n     data-ad-layout-key=\"-6t+ed+2i-1n-4w\"\r\n     data-ad-client=\"ca-pub-1959107119989764\"\r\n     data-ad-slot=\"4008251320\"><\/ins>\r\n<script>\r\n     (adsbygoogle = window.adsbygoogle || []).push({});\r\n<\/script><\/div>\n","protected":false},"excerpt":{"rendered":"<p>Az isztriai kereskedelmi b\u00edr\u00f3s\u00e1g h\u00e9tf\u0151n hivatalosan is felsz\u00e1mol\u00e1si elj\u00e1r\u00e1st kezdem\u00e9nyezett az Uljanik haj\u00f3\u00e9p\u00edt\u0151 v\u00e1llalattal szemben &#8211; k\u00f6z\u00f6lte a Poslovni Dnevnik c\u00edm\u0171 gazdas\u00e1gi napilap.<\/p>\n","protected":false},"author":1,"featured_media":0,"comment_status":"closed","ping_status":"open","sticky":false,"template":"","format":"standard","meta":[],"categories":[12,246],"tags":[],"_links":{"self":[{"href":"https:\/\/gazdasagportal.hu\/index.php\/wp-json\/wp\/v2\/posts\/115978"}],"collection":[{"href":"https:\/\/gazdasagportal.hu\/index.php\/wp-json\/wp\/v2\/posts"}],"about":[{"href":"https:\/\/gazdasagportal.hu\/index.php\/wp-json\/wp\/v2\/types\/post"}],"author":[{"embeddable":true,"href":"https:\/\/gazdasagportal.hu\/index.php\/wp-json\/wp\/v2\/users\/1"}],"replies":[{"embeddable":true,"href":"https:\/\/gazdasagportal.hu\/index.php\/wp-json\/wp\/v2\/comments?post=115978"}],"version-history":[{"count":1,"href":"https:\/\/gazdasagportal.hu\/index.php\/wp-json\/wp\/v2\/posts\/115978\/revisions"}],"predecessor-version":[{"id":115979,"href":"https:\/\/gazdasagportal.hu\/index.php\/wp-json\/wp\/v2\/posts\/115978\/revisions\/115979"}],"wp:attachment":[{"href":"https:\/\/gazdasagportal.hu\/index.php\/wp-json\/wp\/v2\/media?parent=115978"}],"wp:term":[{"taxonomy":"category","embeddable":true,"href":"https:\/\/gazdasagportal.hu\/index.php\/wp-json\/wp\/v2\/categories?post=115978"},{"taxonomy":"post_tag","embeddable":true,"href":"https:\/\/gazdasagportal.hu\/index.php\/wp-json\/wp\/v2\/tags?post=115978"}],"curies":[{"name":"wp","href":"https:\/\/api.w.org\/{rel}","templated":true}]}}