{"id":115973,"date":"2019-05-13T11:35:29","date_gmt":"2019-05-13T09:35:29","guid":{"rendered":"http:\/\/gazdasagportal.hu\/?p=115973"},"modified":"2019-05-13T11:43:37","modified_gmt":"2019-05-13T09:43:37","slug":"julius-elsejen-lep-hatalyba-a-hetpontos-csaladvedelmi-akcioterv-negy-eleme","status":"publish","type":"post","link":"https:\/\/gazdasagportal.hu\/index.php\/julius-elsejen-lep-hatalyba-a-hetpontos-csaladvedelmi-akcioterv-negy-eleme\/","title":{"rendered":"J\u00falius elsej\u00e9n l\u00e9p hat\u00e1lyba a h\u00e9tpontos csal\u00e1dv\u00e9delmi akci\u00f3terv n\u00e9gy eleme"},"content":{"rendered":"<p><strong>J\u00falius elsej\u00e9n l\u00e9p hat\u00e1lyba a h\u00e9tpontos csal\u00e1dv\u00e9delmi akci\u00f3terv n\u00e9gy eleme &#8211; h\u00edvta fel a figyelmet az Emberi Er\u0151forr\u00e1sok Miniszt\u00e9rium\u00e1nak csal\u00e1d- \u00e9s ifj\u00fas\u00e1g\u00fcgy\u00e9rt felel\u0151s \u00e1llamtitk\u00e1ra h\u00e9tf\u0151n Budapesten.<\/strong><!--more--><\/p>\n<div class=\"ads-in-post1\"><div id=\"gazdasagportal.hu_fullbanner_wideboard\"><\/div>\r\n<\/div>\n<p>Nov\u00e1k Katalin k\u00f6z\u00f6lte, hogy a korm\u00e1ny t\u00e1j\u00e9koztat\u00f3 kamp\u00e1nyt ind\u00edt ezen lehet\u0151s\u00e9gek megismertet\u00e9s\u00e9re: a babav\u00e1r\u00f3 t\u00e1mogat\u00e1st, a csal\u00e1di otthonteremt\u00e9si kedvezm\u00e9nyhez (csok) kapcsol\u00f3d\u00f3 kedvezm\u00e9nyes hitelt, a jelz\u00e1loghitelek egy r\u00e9sz\u00e9nek elenged\u00e9s\u00e9t \u00e9s a nagycsal\u00e1dosok aut\u00f3v\u00e1s\u00e1rl\u00e1si t\u00e1mogat\u00e1s\u00e1t kisfilmeken \u00e9s plak\u00e1tokon is bemutatj\u00e1k.<br \/>\nA harminc m\u00e1sodperces, figyelemfelkelt\u0151 kisfilmek hagyom\u00e1nyos, k\u00e9zzel k\u00e9sz\u00fclt anim\u00e1ci\u00f3k, amelyek a gyerekrajzok vil\u00e1g\u00e1ba \u00e1gyazva jelen\u00edtik meg a legfontosabb inform\u00e1ci\u00f3kat.<br \/>\nA t\u00e1mogat\u00e1sok r\u00e9szletei \u00e9s az ig\u00e9nyl\u00e9s felt\u00e9telei megtal\u00e1lhat\u00f3k a meg\u00fajult <strong><a href=\"http:\/\/csalad.hu\/\" target=\"_blank\" rel=\"noopener noreferrer\">csalad.hu<\/a><\/strong> oldalon is, amelyen egy\u00e9bk\u00e9nt tov\u00e1bbi, a csal\u00e1dokat \u00e9rint\u0151 inform\u00e1ci\u00f3k is el\u00e9rhet\u0151k k\u00f6z\u00e9rthet\u0151 form\u00e1ban &#8211; tette hozz\u00e1.<br \/>\n<div class=\"ads-in-post2\"><script async src=\"https:\/\/pagead2.googlesyndication.com\/pagead\/js\/adsbygoogle.js\"><\/script>\r\n<ins class=\"adsbygoogle\"\r\n     style=\"display:block\"\r\n     data-ad-format=\"fluid\"\r\n     data-ad-layout-key=\"-6t+ed+2i-1n-4w\"\r\n     data-ad-client=\"ca-pub-1959107119989764\"\r\n     data-ad-slot=\"4008251320\"><\/ins>\r\n<script>\r\n     (adsbygoogle = window.adsbygoogle || []).push({});\r\n<\/script><\/div>\nMagyarorsz\u00e1gon a korm\u00e1ny csal\u00e1dpolitik\u00e1ja a gyerekeket helyezi el\u0151t\u00e9rbe, ez\u00e9rt seg\u00edtik a fiatalokat, hogy annyi gyerek\u00fck lehessen, amennyit szeretn\u00e9nek \u00e9s akkor, amikor szeretn\u00e9k &#8211; hangoztatta Nov\u00e1k Katalin. A m\u00e1r gyereket nevel\u0151ket is t\u00e1mogatj\u00e1k, szeretn\u00e9k k\u00f6nnyebb\u00e9 tenn\u00e9 a gyereknevel\u00e9ssel j\u00e1r\u00f3 terheket &#8211; tette hozz\u00e1.<br \/>\nAz \u00e1llamtitk\u00e1r eml\u00e9keztetett: j\u00faliust\u00f3l lehet ig\u00e9nyelni &#8211; legfeljebb t\u00edzmilli\u00f3 forintos, kamatmentes k\u00f6lcs\u00f6n form\u00e1j\u00e1ban &#8211; a babav\u00e1r\u00f3 t\u00e1mogat\u00e1st, amely &#8222;soha nem l\u00e1tott m\u00f3don&#8221; seg\u00edti a fiatalokat. A t\u00e1mogat\u00e1s felt\u00e9tele, hogy a feles\u00e9g 18-40 \u00e9v k\u00f6z\u00f6tti legyen. A k\u00f6lcs\u00f6n az els\u0151 gyerek sz\u00fclet\u00e9sekor azonnal kamatmentess\u00e9 v\u00e1lik, \u00e9s a t\u00f6rleszt\u00e9st h\u00e1rom \u00e9vre fel is f\u00fcggesztik. A m\u00e1sodik gyerek sz\u00fclet\u00e9sekor \u00fajabb h\u00e1rom \u00e9vre felf\u00fcggesztik a t\u00f6rleszt\u00e9st \u00e9s a m\u00e9g fenn\u00e1ll\u00f3 tartoz\u00e1s harminc sz\u00e1zal\u00e9k\u00e1t elengedik, a harmadik gyerek sz\u00fclet\u00e9sekor pedig a marad\u00e9k tartoz\u00e1st teljes eg\u00e9sz\u00e9ben le\u00edrj\u00e1k &#8211; sorolta.<br \/>\nUgyancsak j\u00faliust\u00f3l m\u00e1r haszn\u00e1lt ingatlan v\u00e1s\u00e1rl\u00e1s\u00e1hoz is felvehet\u0151 a csokhoz kapcsol\u00f3d\u00f3 kamatt\u00e1mogatott k\u00f6lcs\u00f6n, r\u00e1ad\u00e1sul ugyanakkora \u00f6sszegben mint az \u00fajhoz, azaz k\u00e9t gyerek nevel\u00e9se vagy v\u00e1llal\u00e1sa eset\u00e9n t\u00edzmilli\u00f3, h\u00e1rom gyerekn\u00e9l pedig tizen\u00f6tmilli\u00f3 forint hitel ig\u00e9nyelhet\u0151 &#8211; f\u0171zte hozz\u00e1.<br \/>\nA csal\u00e1dok a jelz\u00e1loghitelek elenged\u00e9s\u00e9nek lehet\u0151s\u00e9g\u00e9vel is \u00e9lhetnek j\u00falius elsej\u00e9t\u0151l: a m\u00e1sodik gyerek sz\u00fclet\u00e9se eset\u00e9n egymilli\u00f3, a harmadikn\u00e1l n\u00e9gymilli\u00f3, minden tov\u00e1bbi gyerek sz\u00fclet\u00e9sekor pedig egy-egymilli\u00f3 forintot \u00edrnak j\u00f3v\u00e1.<br \/>\nJ\u00faliust\u00f3l ig\u00e9nyelhet\u0151 a nagycsal\u00e1dosok aut\u00f3v\u00e1s\u00e1rl\u00e1si t\u00e1mogat\u00e1sa is: a m\u00e1r h\u00e1rom gyereket nevel\u0151 vagy harmadik gyerek\u00fcket v\u00e1r\u00f3 csal\u00e1dok k\u00e9t \u00e9s f\u00e9l milli\u00f3 forintos t\u00e1mogat\u00e1st kaphatnak legal\u00e1bb h\u00e9tszem\u00e9lyes \u00faj g\u00e9pkocsi v\u00e1s\u00e1rl\u00e1s\u00e1hoz &#8211; mondta el Nov\u00e1k Katalin.<br \/>\nKit\u00e9rt arra is, hogy folyamatban van a b\u00f6lcs\u0151defejleszt\u00e9si program, janu\u00e1r elsej\u00e9t\u0151l pedig bevezetik a legal\u00e1bb n\u00e9gygyerekes n\u0151k szja-mentess\u00e9g\u00e9t \u00e9s a nagysz\u00fcl\u0151i gyedet is.<br \/>\nAz \u00e1llamtitk\u00e1r arra a felvet\u00e9sre, hogy a br\u00fcsszeli kritik\u00e1k miatt esetleg m\u00e9gsem indul el a babav\u00e1r\u00f3 t\u00e1mogat\u00e1s, azt v\u00e1laszolta, ez nem fordulhat el\u0151, de szeretn\u00e9k megkapni az Eur\u00f3pai Bizotts\u00e1g el\u0151zetes t\u00e1mogat\u00f3 v\u00e9lem\u00e9ny\u00e9t is, amelyr\u0151l febru\u00e1r \u00f3ta leveleznek a test\u00fclettel.<br \/>\nEl\u0151fordult m\u00e1r, hogy Br\u00fcsszel kifog\u00e1sokat emelt a csal\u00e1dt\u00e1mogat\u00e1sok ellen, ezt szeretn\u00e9k elker\u00fclni, ez\u00e9rt k\u00e9rik az el\u0151zetes t\u00e1mogat\u00e1st, de egyel\u0151re nem kapt\u00e1k meg. Ha Br\u00fcsszel nem adn\u00e1 meg a t\u00e1mogat\u00e1st, akkor el\u0151fordulhat, hogy a &#8222;tervezettn\u00e9l kedvez\u0151tlenebb form\u00e1ban&#8221; tudna elindulni a t\u00e1mogat\u00e1s &#8211; mondta az \u00e1llamtitk\u00e1r.(MTI)<\/p>\n","protected":false},"excerpt":{"rendered":"<p>J\u00falius elsej\u00e9n l\u00e9p hat\u00e1lyba a h\u00e9tpontos csal\u00e1dv\u00e9delmi akci\u00f3terv n\u00e9gy eleme &#8211; h\u00edvta fel a figyelmet az Emberi Er\u0151forr\u00e1sok Miniszt\u00e9rium\u00e1nak csal\u00e1d- \u00e9s ifj\u00fas\u00e1g\u00fcgy\u00e9rt felel\u0151s \u00e1llamtitk\u00e1ra h\u00e9tf\u0151n Budapesten.<\/p>\n","protected":false},"author":1,"featured_media":0,"comment_status":"closed","ping_status":"open","sticky":false,"template":"","format":"standard","meta":[],"categories":[4,19],"tags":[],"_links":{"self":[{"href":"https:\/\/gazdasagportal.hu\/index.php\/wp-json\/wp\/v2\/posts\/115973"}],"collection":[{"href":"https:\/\/gazdasagportal.hu\/index.php\/wp-json\/wp\/v2\/posts"}],"about":[{"href":"https:\/\/gazdasagportal.hu\/index.php\/wp-json\/wp\/v2\/types\/post"}],"author":[{"embeddable":true,"href":"https:\/\/gazdasagportal.hu\/index.php\/wp-json\/wp\/v2\/users\/1"}],"replies":[{"embeddable":true,"href":"https:\/\/gazdasagportal.hu\/index.php\/wp-json\/wp\/v2\/comments?post=115973"}],"version-history":[{"count":3,"href":"https:\/\/gazdasagportal.hu\/index.php\/wp-json\/wp\/v2\/posts\/115973\/revisions"}],"predecessor-version":[{"id":115976,"href":"https:\/\/gazdasagportal.hu\/index.php\/wp-json\/wp\/v2\/posts\/115973\/revisions\/115976"}],"wp:attachment":[{"href":"https:\/\/gazdasagportal.hu\/index.php\/wp-json\/wp\/v2\/media?parent=115973"}],"wp:term":[{"taxonomy":"category","embeddable":true,"href":"https:\/\/gazdasagportal.hu\/index.php\/wp-json\/wp\/v2\/categories?post=115973"},{"taxonomy":"post_tag","embeddable":true,"href":"https:\/\/gazdasagportal.hu\/index.php\/wp-json\/wp\/v2\/tags?post=115973"}],"curies":[{"name":"wp","href":"https:\/\/api.w.org\/{rel}","templated":true}]}}