{"id":115960,"date":"2019-05-13T08:37:22","date_gmt":"2019-05-13T06:37:22","guid":{"rendered":"http:\/\/gazdasagportal.hu\/?p=115960"},"modified":"2019-05-13T08:37:22","modified_gmt":"2019-05-13T06:37:22","slug":"az-eros-szelben-kidolt-fak-okoznak-gondot-somogyban-es-zalaban","status":"publish","type":"post","link":"https:\/\/gazdasagportal.hu\/index.php\/az-eros-szelben-kidolt-fak-okoznak-gondot-somogyban-es-zalaban\/","title":{"rendered":"Az er\u0151s sz\u00e9lben kid\u0151lt f\u00e1k okoznak gondot Somogyban \u00e9s Zal\u00e1ban"},"content":{"rendered":"<p><strong>Els\u0151sorban Somogy \u00e9s Zala megy\u00e9ben okoz gondot az er\u0151s sz\u00e9l &#8211; k\u00f6z\u00f6lte az Orsz\u00e1gos Katasztr\u00f3fav\u00e9delmi F\u0151igazgat\u00f3s\u00e1g a honlapj\u00e1n h\u00e9tf\u0151re virrad\u00f3 \u00e9jszaka.<\/strong><!--more--><\/p>\n<div class=\"ads-in-post1\"><div id=\"gazdasagportal.hu_fullbanner_wideboard\"><\/div>\r\n<\/div>\n<p>    Azt \u00edrt\u00e1k, sok munk\u00e1t adnak a t\u0171zolt\u00f3knak a fakid\u0151l\u00e9sek.<br \/>\n    A somogyi Marcaliban vezet\u00e9kre zuhant egy vastag \u00e1g, amelyet a v\u00e1ros hivat\u00e1sos egys\u00e9ge darabolt fel. K\u00e9thelyen, a Balaton utc\u00e1ban egy ker\u00edt\u00e9sre d\u0151lt fa elt\u00e1vol\u00edt\u00e1s\u00e1n dolgoznak.<br \/>\n<div class=\"ads-in-post2\"><script async src=\"https:\/\/pagead2.googlesyndication.com\/pagead\/js\/adsbygoogle.js\"><\/script>\r\n<ins class=\"adsbygoogle\"\r\n     style=\"display:block\"\r\n     data-ad-format=\"fluid\"\r\n     data-ad-layout-key=\"-6t+ed+2i-1n-4w\"\r\n     data-ad-client=\"ca-pub-1959107119989764\"\r\n     data-ad-slot=\"4008251320\"><\/ins>\r\n<script>\r\n     (adsbygoogle = window.adsbygoogle || []).push({});\r\n<\/script><\/div>\n    A Zala megyei Surdra ugyancsak kid\u0151lt f\u00e1hoz riasztott\u00e1k a t\u0171zolt\u00f3kat. Muraszemeny\u00e9n a f\u0151\u00fatr\u00f3l, m\u00edg Murakereszt\u00faron a vas\u00fati s\u00ednekr\u0151l t\u00e1vol\u00edtottak el fat\u00f6rzseket &#8211; olvashat\u00f3 a k\u00f6zlem\u00e9nyben.(MTI)<\/p>\n","protected":false},"excerpt":{"rendered":"<p>Els\u0151sorban Somogy \u00e9s Zala megy\u00e9ben okoz gondot az er\u0151s sz\u00e9l &#8211; k\u00f6z\u00f6lte az Orsz\u00e1gos Katasztr\u00f3fav\u00e9delmi F\u0151igazgat\u00f3s\u00e1g a honlapj\u00e1n h\u00e9tf\u0151re virrad\u00f3 \u00e9jszaka.<\/p>\n","protected":false},"author":1,"featured_media":0,"comment_status":"closed","ping_status":"open","sticky":false,"template":"","format":"standard","meta":[],"categories":[4],"tags":[],"_links":{"self":[{"href":"https:\/\/gazdasagportal.hu\/index.php\/wp-json\/wp\/v2\/posts\/115960"}],"collection":[{"href":"https:\/\/gazdasagportal.hu\/index.php\/wp-json\/wp\/v2\/posts"}],"about":[{"href":"https:\/\/gazdasagportal.hu\/index.php\/wp-json\/wp\/v2\/types\/post"}],"author":[{"embeddable":true,"href":"https:\/\/gazdasagportal.hu\/index.php\/wp-json\/wp\/v2\/users\/1"}],"replies":[{"embeddable":true,"href":"https:\/\/gazdasagportal.hu\/index.php\/wp-json\/wp\/v2\/comments?post=115960"}],"version-history":[{"count":1,"href":"https:\/\/gazdasagportal.hu\/index.php\/wp-json\/wp\/v2\/posts\/115960\/revisions"}],"predecessor-version":[{"id":115963,"href":"https:\/\/gazdasagportal.hu\/index.php\/wp-json\/wp\/v2\/posts\/115960\/revisions\/115963"}],"wp:attachment":[{"href":"https:\/\/gazdasagportal.hu\/index.php\/wp-json\/wp\/v2\/media?parent=115960"}],"wp:term":[{"taxonomy":"category","embeddable":true,"href":"https:\/\/gazdasagportal.hu\/index.php\/wp-json\/wp\/v2\/categories?post=115960"},{"taxonomy":"post_tag","embeddable":true,"href":"https:\/\/gazdasagportal.hu\/index.php\/wp-json\/wp\/v2\/tags?post=115960"}],"curies":[{"name":"wp","href":"https:\/\/api.w.org\/{rel}","templated":true}]}}