{"id":115954,"date":"2019-05-13T04:04:30","date_gmt":"2019-05-13T02:04:30","guid":{"rendered":"http:\/\/gazdasagportal.hu\/?p=115954"},"modified":"2019-05-12T22:40:32","modified_gmt":"2019-05-12T20:40:32","slug":"atrajzolhatja-a-vilagpolitikat-az-eszaki-sarkkor-felmelegedese","status":"publish","type":"post","link":"https:\/\/gazdasagportal.hu\/index.php\/atrajzolhatja-a-vilagpolitikat-az-eszaki-sarkkor-felmelegedese\/","title":{"rendered":"\u00c1trajzolhatja a vil\u00e1gpolitik\u00e1t az \u00e9szaki sarkk\u00f6r felmeleged\u00e9se"},"content":{"rendered":"<p><strong>Az \u00e9szaki sarkk\u00f6r felmeleged\u00e9se \u00faj kereskedelmi \u00fatvonalakat \u00e9s b\u00e1ny\u00e1szati lehet\u0151s\u00e9geket nyit meg, \u00e1trajzolva ezzel a vil\u00e1gpolitik\u00e1t &#8211; hangs\u00falyozt\u00e1k elemz\u0151k az M1 aktu\u00e1lis csatorna vas\u00e1rnap esti m\u0171sor\u00e1ban.<\/strong><!--more--><\/p>\n<div class=\"ads-in-post1\"><div id=\"gazdasagportal.hu_fullbanner_wideboard\"><\/div>\r\n<\/div>\n<p>    Frank Tibor Amerika-szak\u00e9rt\u0151 \u00fagy v\u00e9li, hogy a t\u00e9rs\u00e9g er\u0151forr\u00e1sai\u00e9rt folytatott versenyben az Egyes\u00fclt \u00c1llamok lemaradt. Bev\u00e1lt eszk\u00f6ze, a szankci\u00f3s politika nem fog eredm\u00e9nyt hozni, ugyanis nem tudja meg\u00e1ll\u00edtani Oroszorsz\u00e1g terjeszked\u00e9s\u00e9t a sarkk\u00f6r fel\u00e9 &#8211; tette hozz\u00e1. Az amerikai politika t\u00e9ved\u00e9s\u00e9nek nevezte azt is, hogy nem m\u0171k\u00f6dnek egy\u00fctt m\u00e1s nagyhatalmakkal, illetve, hogy K\u00edn\u00e1t ezen a t\u00e9ren is h\u00e1tt\u00e9rbe akarj\u00e1k szor\u00edtani. V\u00e9lem\u00e9nye szerint a sarkk\u00f6r\u00e9rt v\u00edvott verseny fegyverkez\u00e9sre \u00f6szt\u00f6n\u00f6zheti az \u00e9rintett orsz\u00e1gokat, \u00e9s enyh\u00e9bb form\u00e1ban a hidegh\u00e1bor\u00fa ki\u00fajul\u00e1s\u00e1t sem tartja elk\u00e9pzelhetetlennek.<br \/>\n<div class=\"ads-in-post2\"><script async src=\"https:\/\/pagead2.googlesyndication.com\/pagead\/js\/adsbygoogle.js\"><\/script>\r\n<ins class=\"adsbygoogle\"\r\n     style=\"display:block\"\r\n     data-ad-format=\"fluid\"\r\n     data-ad-layout-key=\"-6t+ed+2i-1n-4w\"\r\n     data-ad-client=\"ca-pub-1959107119989764\"\r\n     data-ad-slot=\"4008251320\"><\/ins>\r\n<script>\r\n     (adsbygoogle = window.adsbygoogle || []).push({});\r\n<\/script><\/div>\n    Kis-Benedek J\u00f3zsef biztons\u00e1gpolitikai szak\u00e9rt\u0151 \u00fagy l\u00e1tja, hogy az \u00e9szaki sarkk\u00f6r ir\u00e1nt K\u00edna is egyre jobban \u00e9rdekl\u0151dik. A t\u00e1vol-keleti orsz\u00e1gnak r\u00e1ad\u00e1sul &#8211; mint mondta &#8211; p\u00e9nze is van a sz\u00fcks\u00e9ges fejleszt\u00e9sekhez, a Jeges-tengeren pedig az eddigiekn\u00e9l j\u00f3val r\u00f6videbb kereskedelmi \u00fatvonalakat tervezhet. Oroszorsz\u00e1gnak a j\u00e9gtakar\u00f3 al\u00f3l kiker\u00fcl\u0151 \u00e1sv\u00e1nykincsek ellen\u0151rz\u00e9se mellett az \u00e9szaki haj\u00f3forgalom ellen\u0151rz\u00e9se jelenthet \u00faj lehet\u0151s\u00e9get, Moszkva ez\u00e9rt is terjeszkedik a kontinent\u00e1lis talapzaton &#8211; tette hozz\u00e1.<br \/>\n    A szak\u00e9rt\u0151 a leg\u00e9rt\u00e9kesebb lehet\u0151s\u00e9gnek a F\u00f6ld teljes k\u00e9szlet\u00e9nek harmad\u00e1ra becs\u00fclhet\u0151 g\u00e1z- \u00e9s olajk\u00e9szletet nevezte, de hozz\u00e1tette, hogy a NATO elk\u00e9sett a sarkk\u00f6ri strat\u00e9gia kidolgoz\u00e1s\u00e1val, mik\u00f6zben Oroszorsz\u00e1g katonai fejleszt\u00e9sekkel is terjeszkedik \u00e9szakon.(MTI)<\/p>\n","protected":false},"excerpt":{"rendered":"<p>Az \u00e9szaki sarkk\u00f6r felmeleged\u00e9se \u00faj kereskedelmi \u00fatvonalakat \u00e9s b\u00e1ny\u00e1szati lehet\u0151s\u00e9geket nyit meg, \u00e1trajzolva ezzel a vil\u00e1gpolitik\u00e1t &#8211; hangs\u00falyozt\u00e1k elemz\u0151k az M1 aktu\u00e1lis csatorna vas\u00e1rnap esti m\u0171sor\u00e1ban.<\/p>\n","protected":false},"author":1001003,"featured_media":0,"comment_status":"closed","ping_status":"open","sticky":false,"template":"","format":"standard","meta":[],"categories":[246],"tags":[],"_links":{"self":[{"href":"https:\/\/gazdasagportal.hu\/index.php\/wp-json\/wp\/v2\/posts\/115954"}],"collection":[{"href":"https:\/\/gazdasagportal.hu\/index.php\/wp-json\/wp\/v2\/posts"}],"about":[{"href":"https:\/\/gazdasagportal.hu\/index.php\/wp-json\/wp\/v2\/types\/post"}],"author":[{"embeddable":true,"href":"https:\/\/gazdasagportal.hu\/index.php\/wp-json\/wp\/v2\/users\/1001003"}],"replies":[{"embeddable":true,"href":"https:\/\/gazdasagportal.hu\/index.php\/wp-json\/wp\/v2\/comments?post=115954"}],"version-history":[{"count":1,"href":"https:\/\/gazdasagportal.hu\/index.php\/wp-json\/wp\/v2\/posts\/115954\/revisions"}],"predecessor-version":[{"id":115955,"href":"https:\/\/gazdasagportal.hu\/index.php\/wp-json\/wp\/v2\/posts\/115954\/revisions\/115955"}],"wp:attachment":[{"href":"https:\/\/gazdasagportal.hu\/index.php\/wp-json\/wp\/v2\/media?parent=115954"}],"wp:term":[{"taxonomy":"category","embeddable":true,"href":"https:\/\/gazdasagportal.hu\/index.php\/wp-json\/wp\/v2\/categories?post=115954"},{"taxonomy":"post_tag","embeddable":true,"href":"https:\/\/gazdasagportal.hu\/index.php\/wp-json\/wp\/v2\/tags?post=115954"}],"curies":[{"name":"wp","href":"https:\/\/api.w.org\/{rel}","templated":true}]}}