{"id":115951,"date":"2019-05-12T19:47:44","date_gmt":"2019-05-12T17:47:44","guid":{"rendered":"http:\/\/gazdasagportal.hu\/?p=115951"},"modified":"2019-05-12T19:47:44","modified_gmt":"2019-05-12T17:47:44","slug":"amerikai-importvamok-az-amerikai-es-a-kinai-elnok-varhatoan-juniusban-talalkozik-japanban","status":"publish","type":"post","link":"https:\/\/gazdasagportal.hu\/index.php\/amerikai-importvamok-az-amerikai-es-a-kinai-elnok-varhatoan-juniusban-talalkozik-japanban\/","title":{"rendered":"Amerikai importv\u00e1mok &#8211; Az amerikai \u00e9s a k\u00ednai eln\u00f6k v\u00e1rhat\u00f3an j\u00faniusban tal\u00e1lkozik Jap\u00e1nban"},"content":{"rendered":"<p><strong>Donald Trump amerikai \u00e9s Hszi Csin-ping k\u00ednai eln\u00f6k v\u00e1rhat\u00f3an j\u00fanius v\u00e9g\u00e9n, a G20-as csoport Jap\u00e1nban tartand\u00f3 cs\u00facstal\u00e1lkoz\u00f3j\u00e1n tal\u00e1lkozik egym\u00e1ssal &#8211; mondta Larry Kudlow, az amerikai eln\u00f6k gazdas\u00e1gi f\u0151tan\u00e1csad\u00f3ja vas\u00e1rnap a Fox telev\u00edzi\u00f3nak adott interj\u00faj\u00e1ban. <\/strong><!--more--><\/p>\n<div class=\"ads-in-post1\"><div id=\"gazdasagportal.hu_fullbanner_wideboard\"><\/div>\r\n<\/div>\n<p>    &#8222;Hadd ism\u00e9teljem meg, nagyon er\u0151s a val\u00f3sz\u00edn\u0171s\u00e9ge annak, hogy a k\u00e9t eln\u00f6k a G20-as \u00e9rtekezleten Jap\u00e1nban tal\u00e1lkozik egym\u00e1ssal&#8221; &#8211; fogalmazott Kudlow.<br \/>\n    A Feh\u00e9r H\u00e1z gazdas\u00e1gi tan\u00e1cs\u00e1nak vezet\u0151je hozz\u00e1tette, hogy pillanatnyilag nem szerepel a tervek k\u00f6z\u00f6tt az amerikai-kereskedelmi t\u00e1rgyal\u00e1sok \u00fajabb fordul\u00f3ja.<br \/>\n    P\u00e9nteken Washingtonban eredm\u00e9nytelen\u00fcl z\u00e1rult a t\u00e1rgyal\u00e1sok tizenegyedik fordul\u00f3ja, amelyet a felek kor\u00e1bban befejez\u0151nek sz\u00e1ntak. Meg\u00e1llapod\u00e1s nem sz\u00fcletett, \u00e9s az Egyes\u00fclt \u00c1llamokban megemelt\u00e9k a t\u00f6bb ezer k\u00ednai importcikk p\u00f3tl\u00f3lagos v\u00e1mtarif\u00e1j\u00e1t, mik\u00e9nt azt Donald Trump meg\u00edg\u00e9rte.<br \/>\n    Az amerikai eln\u00f6k m\u00e9g m\u00e1jus 5-\u00e9n a Twitteren jelentette be, hogy a kereskedelmi t\u00e1rgyal\u00e1sok ut\u00e1n 10 sz\u00e1zal\u00e9kr\u00f3l 25 sz\u00e1zal\u00e9kra emelik \u00e9vi 200 milli\u00e1rd doll\u00e1r \u00e9rt\u00e9k\u0171 k\u00ednai import\u00e1ru p\u00f3tv\u00e1mj\u00e1t, \u00e9s tov\u00e1bbi 325 milli\u00e1rd doll\u00e1r \u00e9rt\u00e9k\u0171 k\u00ednai port\u00e9ka eset\u00e9ben megkezdik a v\u00e1memel\u00e9s el\u0151k\u00e9sz\u00edt\u00e9s\u00e9t.<br \/>\n    A d\u00f6nt\u00e9st Trump azzal indokolta, hogy K\u00edna visszal\u00e9pett n\u00e9h\u00e1ny kor\u00e1bbi v\u00e1llal\u00e1s\u00e1t\u00f3l, \u00e9s a szerz\u0151d\u00e9stervezet \u00fajrat\u00e1rgyal\u00e1s\u00e1t k\u00edv\u00e1nn\u00e1.<br \/>\n<div class=\"ads-in-post2\"><script async src=\"https:\/\/pagead2.googlesyndication.com\/pagead\/js\/adsbygoogle.js\"><\/script>\r\n<ins class=\"adsbygoogle\"\r\n     style=\"display:block\"\r\n     data-ad-format=\"fluid\"\r\n     data-ad-layout-key=\"-6t+ed+2i-1n-4w\"\r\n     data-ad-client=\"ca-pub-1959107119989764\"\r\n     data-ad-slot=\"4008251320\"><\/ins>\r\n<script>\r\n     (adsbygoogle = window.adsbygoogle || []).push({});\r\n<\/script><\/div>\n    Kudlow a vas\u00e1rnapi interj\u00faban azt mondta, hogy Washington mindenk\u00e9ppen ragaszkodik egy sor int\u00e9zked\u00e9s v\u00e9grehajt\u00e1s\u00e1hoz, k\u00f6zt\u00fck p\u00e9ld\u00e1ul a szellemi tulajdon v\u00e9delm\u00e9nek, vagy az er\u0151szakos technol\u00f3giai transzfer k\u00e9rd\u00e9s\u00e9nek rendez\u00e9s\u00e9hez.<br \/>\n    A gazdas\u00e1gi tan\u00e1csad\u00f3 a sikertelen\u00fcl z\u00e1rult t\u00e1rgyal\u00e1si fordul\u00f3 ut\u00e1n arra sz\u00e1m\u00edt, hogy Peking ellenint\u00e9zked\u00e9seket jelent be. Ez egyel\u0151re nem t\u00f6rt\u00e9nt meg, de &#8211; mint Kudlow fogalmazott &#8211; &#8222;holnap tal\u00e1n m\u00e1r t\u00f6bbet tudunk&#8221;. Elismerte, hogy: a kereskedelmi h\u00e1bor\u00fat &#8222;mind a k\u00e9t oldal megszenvedi majd&#8221;. Ugyanakkor v\u00e9delm\u00e9be vette a Trump-adminisztr\u00e1ci\u00f3 politik\u00e1j\u00e1t, \u00e9s lesz\u00f6gezte, hogy az esetleges k\u00ednai ellenint\u00e9zked\u00e9seknek &#8222;nagyon kicsiny hat\u00e1suk lesz az Egyes\u00fclt \u00c1llamok hazai \u00f6sszterm\u00e9k\u00e9re&#8221;, hiszen a gazdas\u00e1g &#8222;fantasztikusan j\u00f3 \u00e1llapotban van&#8221;.<br \/>\n    Kudlow k\u00f6z\u00f6lte azt is, hogy a k\u00ednaiak p\u00e9nteken megh\u00edvt\u00e1k Pekingbe Robert Lighthizert, az Egyes\u00fclt \u00c1llamok kereskedelmi f\u0151k\u00e9pvisel\u0151j\u00e9t, de egyel\u0151re nincs &#8222;konkr\u00e9t, v\u00e9gleges terv&#8221; a l\u00e1togat\u00e1s id\u0151pontj\u00e1ra.<br \/>\n    A gazdas\u00e1gi f\u0151tan\u00e1csad\u00f3 bejelentette: a korm\u00e1nyzat tov\u00e1bbi p\u00e9nz\u00fcgyi seg\u00edts\u00e9get ad az amerikai farmereknek, akik a legjobban megszenvedik az amerikai-k\u00ednai kereskedelmi h\u00e1bor\u00fat. Kor\u00e1bban a korm\u00e1ny 12 milli\u00e1rd doll\u00e1rral seg\u00edtette meg a gazd\u00e1kat, \u00e9s Kudlow sejtetni engedte, hogy ugyanekkora \u00f6sszeget sz\u00e1nnak a tov\u00e1bbi seg\u00edts\u00e9gre. &#8222;\u00dajb\u00f3l megtessz\u00fck, ha sz\u00fcks\u00e9ges&#8221; &#8211; fogalmazott.<br \/>\n    Az amerikai-k\u00ednai kereskedelmi t\u00e1rgyal\u00e1sokra reag\u00e1lt vas\u00e1rnap Rand Paul kentuckyi szen\u00e1tor is. A republik\u00e1nus politikus az ABC telev\u00edzi\u00f3 szok\u00e1sos heti politikai vitam\u0171sor\u00e1ban elmondta: azt tan\u00e1csolta Donald Trumpnak, hogy min\u00e9l el\u0151bb z\u00e1rja le a kereskedelmi t\u00e1rgyal\u00e1sokat, mert &#8222;min\u00e9l tov\u00e1bb tart ez a kereskedelmi h\u00e1bor\u00fa, ann\u00e1l nagyobb az es\u00e9lye, hogy a gazdas\u00e1g visszaeshet&#8221;.(MTI)<\/p>\n","protected":false},"excerpt":{"rendered":"<p>Donald Trump amerikai \u00e9s Hszi Csin-ping k\u00ednai eln\u00f6k v\u00e1rhat\u00f3an j\u00fanius v\u00e9g\u00e9n, a G20-as csoport Jap\u00e1nban tartand\u00f3 cs\u00facstal\u00e1lkoz\u00f3j\u00e1n tal\u00e1lkozik egym\u00e1ssal &#8211; mondta Larry Kudlow, az amerikai eln\u00f6k gazdas\u00e1gi f\u0151tan\u00e1csad\u00f3ja vas\u00e1rnap a Fox telev\u00edzi\u00f3nak adott interj\u00faj\u00e1ban.<\/p>\n","protected":false},"author":1001003,"featured_media":115952,"comment_status":"closed","ping_status":"open","sticky":false,"template":"","format":"standard","meta":[],"categories":[146,13,14,5,246],"tags":[],"_links":{"self":[{"href":"https:\/\/gazdasagportal.hu\/index.php\/wp-json\/wp\/v2\/posts\/115951"}],"collection":[{"href":"https:\/\/gazdasagportal.hu\/index.php\/wp-json\/wp\/v2\/posts"}],"about":[{"href":"https:\/\/gazdasagportal.hu\/index.php\/wp-json\/wp\/v2\/types\/post"}],"author":[{"embeddable":true,"href":"https:\/\/gazdasagportal.hu\/index.php\/wp-json\/wp\/v2\/users\/1001003"}],"replies":[{"embeddable":true,"href":"https:\/\/gazdasagportal.hu\/index.php\/wp-json\/wp\/v2\/comments?post=115951"}],"version-history":[{"count":1,"href":"https:\/\/gazdasagportal.hu\/index.php\/wp-json\/wp\/v2\/posts\/115951\/revisions"}],"predecessor-version":[{"id":115953,"href":"https:\/\/gazdasagportal.hu\/index.php\/wp-json\/wp\/v2\/posts\/115951\/revisions\/115953"}],"wp:featuredmedia":[{"embeddable":true,"href":"https:\/\/gazdasagportal.hu\/index.php\/wp-json\/wp\/v2\/media\/115952"}],"wp:attachment":[{"href":"https:\/\/gazdasagportal.hu\/index.php\/wp-json\/wp\/v2\/media?parent=115951"}],"wp:term":[{"taxonomy":"category","embeddable":true,"href":"https:\/\/gazdasagportal.hu\/index.php\/wp-json\/wp\/v2\/categories?post=115951"},{"taxonomy":"post_tag","embeddable":true,"href":"https:\/\/gazdasagportal.hu\/index.php\/wp-json\/wp\/v2\/tags?post=115951"}],"curies":[{"name":"wp","href":"https:\/\/api.w.org\/{rel}","templated":true}]}}