{"id":115939,"date":"2019-05-11T11:43:24","date_gmt":"2019-05-11T09:43:24","guid":{"rendered":"http:\/\/gazdasagportal.hu\/?p=115939"},"modified":"2019-05-11T09:44:53","modified_gmt":"2019-05-11T07:44:53","slug":"palkovics-erosodott-a-hazai-kkv-szektor","status":"publish","type":"post","link":"https:\/\/gazdasagportal.hu\/index.php\/palkovics-erosodott-a-hazai-kkv-szektor\/","title":{"rendered":"Palkovics: er\u0151s\u00f6d\u00f6tt a hazai kkv-szektor"},"content":{"rendered":"<p><strong>Az elm\u00falt \u00e9vekben dinamikusan er\u0151s\u00f6dtek a hazai kis- \u00e9s k\u00f6z\u00e9pv\u00e1llalkoz\u00e1sok &#8211; k\u00f6z\u00f6lte az innov\u00e1ci\u00f3s \u00e9s technol\u00f3giai miniszter egy v\u00e1llalkoz\u00f3i f\u00f3rumon a Hajd\u00fa-Bihar megyei Hajd\u00fan\u00e1n\u00e1son p\u00e9nteken.<\/strong><!--more--><\/p>\n<div class=\"ads-in-post1\"><div id=\"gazdasagportal.hu_fullbanner_wideboard\"><\/div>\r\n<\/div>\n<p>    Palkovics L\u00e1szl\u00f3 elmondta, a v\u00e1llalkoz\u00e1sok hozz\u00e1adott \u00e9rt\u00e9k, nett\u00f3 \u00e1rbev\u00e9tel \u00e9s exportbev\u00e9tel tekintet\u00e9ben is &#8222;j\u00f3 ir\u00e1nyban haladnak&#8221;, 2009 \u00e9s 2017 k\u00f6z\u00f6tt mindh\u00e1rom teljes\u00edtm\u00e9nymutat\u00f3ban jelent\u0151s n\u00f6veked\u00e9st \u00e9rt el a szektor.<br \/>\n    A miniszter hozz\u00e1tette, a termel\u00e9kenys\u00e9g n\u00f6veked\u00e9se mellett a korm\u00e1nyzat sz\u00e1mos int\u00e9zked\u00e9ssel, p\u00e9ld\u00e1ul a hitelhez jut\u00e1s megk\u00f6nny\u00edt\u00e9s\u00e9vel \u00e9s a kutat\u00e1s-fejleszt\u00e9s \u00f6szt\u00f6nz\u00e9s\u00e9vel is seg\u00edtette a hazai kkv-k helyzet\u00e9t \u00e9s fejl\u0151d\u00e9s\u00e9t.<br \/>\n    A t\u00e1rcavezet\u0151 el\u0151ad\u00e1s\u00e1ban az el\u00e9rt eredm\u00e9nyek k\u00f6z\u00e9 sorolta, hogy 2010 \u00f3ta folyamatosan cs\u00f6kkent a k\u00f6z\u00e9pv\u00e1llalatok \u00e1tlagos ad\u00f3terhel\u00e9se, a kabinet c\u00e9lja, hogy ez 2019-re 36 sz\u00e1zal\u00e9kra cs\u00f6kkenjen. Ismertet\u00e9se szerint a magyar kkv-k 2010 \u00e9s 2018 k\u00f6z\u00f6tt hozz\u00e1adott \u00e9rt\u00e9k\u00fcket 27 sz\u00e1zal\u00e9kkal n\u00f6velt\u00e9k, hozz\u00e1j\u00e1rul\u00e1suk a GDP n\u00f6veked\u00e9si \u00fctem\u00e9hez 24 sz\u00e1zal\u00e9kos volt, exportjuk pedig mintegy 45 sz\u00e1zal\u00e9kkal emelkedett; ut\u00f3bbi tekintet\u00e9ben nemzetk\u00f6zi \u00f6sszehasonl\u00edt\u00e1sban saj\u00e1t teljes\u00edtm\u00e9ny\u00fckh\u00f6z m\u00e9rve is j\u00f3l teljes\u00edtenek.<br \/>\n<div class=\"ads-in-post2\"><script async src=\"https:\/\/pagead2.googlesyndication.com\/pagead\/js\/adsbygoogle.js\"><\/script>\r\n<ins class=\"adsbygoogle\"\r\n     style=\"display:block\"\r\n     data-ad-format=\"fluid\"\r\n     data-ad-layout-key=\"-6t+ed+2i-1n-4w\"\r\n     data-ad-client=\"ca-pub-1959107119989764\"\r\n     data-ad-slot=\"4008251320\"><\/ins>\r\n<script>\r\n     (adsbygoogle = window.adsbygoogle || []).push({});\r\n<\/script><\/div>\n    Palkovics L\u00e1szl\u00f3 kifejtette, Magyarorsz\u00e1gon magas a high-tech v\u00e1llalatok r\u00e9szesed\u00e9se az exportb\u00f3l, ami j\u00f3 alapot jelent a magas hozz\u00e1adott \u00e9rt\u00e9k r\u00e9szar\u00e1ny\u00e1nak n\u00f6vel\u00e9s\u00e9re, viszont a digit\u00e1lis technol\u00f3gi\u00e1k alkalmaz\u00e1s\u00e1ban jelent\u0151sen az eur\u00f3pai \u00e1tlag alatt teljes\u00edtenek a v\u00e1llalkoz\u00e1sok. M\u00edg a 4G lefedetts\u00e9gi rangsorban a vil\u00e1gon a hatodik helyen \u00e1ll Magyarorsz\u00e1g, az \u00fczleti digitaliz\u00e1ci\u00f3ban \u00e9s e-kereskedelemben csak Rom\u00e1ni\u00e1t, Lengyelorsz\u00e1got \u00e9s Bulg\u00e1ri\u00e1t el\u0151zz\u00fck meg Eur\u00f3p\u00e1ban &#8211; mutatott r\u00e1 a t\u00e1rcavezet\u0151.<br \/>\n    A szektor gyenges\u00e9gei k\u00f6z\u00e9 sorolta a miniszter a kkv-n\u00e1l dolgoz\u00f3 \u00e9s a feln\u0151ttk\u00e9pz\u00e9sben r\u00e9sztvev\u0151 alkalmazottak alacsony ar\u00e1ny\u00e1t. Mint elmondta, jelenleg a munkav\u00e1llal\u00f3k hat sz\u00e1zal\u00e9ka vesz r\u00e9szt valamilyen feln\u0151ttk\u00e9pz\u00e9sben, \u00e9s statisztik\u00e1k szerint a v\u00e1llalkoz\u00e1sok mind\u00f6ssze 14 sz\u00e1zal\u00e9ka biztos\u00edt p\u00e9ld\u00e1ul IKT-(inform\u00e1ci\u00f3s \u00e9s kommunik\u00e1ci\u00f3s technol\u00f3giai) k\u00e9pz\u00e9st dolgoz\u00f3i r\u00e9sz\u00e9re.<br \/>\n    Jelezte, a magyar v\u00e1llalatok harmad\u00e1t \u00e9rinti a gener\u00e1ci\u00f3v\u00e1lt\u00e1s kih\u00edv\u00e1sa, m\u00edg a 100 milli\u00f3 forint feletti \u00e1rbev\u00e9tel\u0171 c\u00e9gek eset\u00e9ben ez az ar\u00e1ny meghaladja az 50 sz\u00e1zal\u00e9kot. Ezzel foglalkozni kell, jelenleg mintegy hatezer olyan v\u00e1llalat m\u0171k\u00f6dik az orsz\u00e1gban, amelyekn\u00e9l a tulajdonos m\u00e1r el\u00e9rte a nyugd\u00edjkorhat\u00e1rt &#8211; tette hozz\u00e1.<br \/>\n    El\u0151ad\u00e1s\u00e1ban kifejtette, a probl\u00e9m\u00e1k megold\u00e1s\u00e1t \u00e9s a v\u00e1llalkoz\u00e1sok termel\u00e9kenys\u00e9g\u00e9nek tov\u00e1bbi n\u00f6veked\u00e9s\u00e9t a kkv-strat\u00e9gi\u00e1ban l\u00e1tja a korm\u00e1ny; a h\u00e9t pill\u00e9rb\u0151l \u00e1ll\u00f3 terv c\u00e9lja a szektor sz\u00e1m\u00e1ra a m\u0171k\u00f6d\u00e9shez sz\u00fcks\u00e9ges keretek biztos\u00edt\u00e1sa \u00e9s a v\u00e1llalati k\u00f6r \u00e9rt\u00e9kteremt\u0151 k\u00e9pess\u00e9g\u00e9nek meger\u0151s\u00edt\u00e9se.<br \/>\n    Palkovics L\u00e1szl\u00f3 a strat\u00e9gia c\u00e9ljai k\u00f6z\u00f6tt a kis- \u00e9s k\u00f6zepes v\u00e1llalkoz\u00e1sokat \u00e9rint\u0151 adminisztrat\u00edv terhek m\u00e9rs\u00e9kl\u00e9s\u00e9t, ad\u00f3adminisztr\u00e1ci\u00f3juk egyszer\u0171s\u00edt\u00e9s\u00e9t, az elektronikus korm\u00e1nyzati szolg\u00e1ltat\u00e1sokhoz \u00e9s a finansz\u00edroz\u00e1shoz jut\u00e1shoz t\u00f6rt\u00e9n\u0151 k\u00f6nny\u0171 hozz\u00e1f\u00e9r\u00e9st, az innov\u00e1ci\u00f3k alkalmaz\u00e1s\u00e1nak terjed\u00e9s\u00e9t \u00e9s az export\u00e1l\u00f3 c\u00e9gek sz\u00e1m\u00e1nak emelked\u00e9s\u00e9t jel\u00f6lte meg.(MTI)<\/p>\n","protected":false},"excerpt":{"rendered":"<p>Az elm\u00falt \u00e9vekben dinamikusan er\u0151s\u00f6dtek a hazai kis- \u00e9s k\u00f6z\u00e9pv\u00e1llalkoz\u00e1sok &#8211; k\u00f6z\u00f6lte az innov\u00e1ci\u00f3s \u00e9s technol\u00f3giai miniszter egy v\u00e1llalkoz\u00f3i f\u00f3rumon a Hajd\u00fa-Bihar megyei Hajd\u00fan\u00e1n\u00e1son p\u00e9nteken.<\/p>\n","protected":false},"author":1001003,"featured_media":0,"comment_status":"closed","ping_status":"open","sticky":false,"template":"","format":"standard","meta":[],"categories":[19],"tags":[],"_links":{"self":[{"href":"https:\/\/gazdasagportal.hu\/index.php\/wp-json\/wp\/v2\/posts\/115939"}],"collection":[{"href":"https:\/\/gazdasagportal.hu\/index.php\/wp-json\/wp\/v2\/posts"}],"about":[{"href":"https:\/\/gazdasagportal.hu\/index.php\/wp-json\/wp\/v2\/types\/post"}],"author":[{"embeddable":true,"href":"https:\/\/gazdasagportal.hu\/index.php\/wp-json\/wp\/v2\/users\/1001003"}],"replies":[{"embeddable":true,"href":"https:\/\/gazdasagportal.hu\/index.php\/wp-json\/wp\/v2\/comments?post=115939"}],"version-history":[{"count":1,"href":"https:\/\/gazdasagportal.hu\/index.php\/wp-json\/wp\/v2\/posts\/115939\/revisions"}],"predecessor-version":[{"id":115940,"href":"https:\/\/gazdasagportal.hu\/index.php\/wp-json\/wp\/v2\/posts\/115939\/revisions\/115940"}],"wp:attachment":[{"href":"https:\/\/gazdasagportal.hu\/index.php\/wp-json\/wp\/v2\/media?parent=115939"}],"wp:term":[{"taxonomy":"category","embeddable":true,"href":"https:\/\/gazdasagportal.hu\/index.php\/wp-json\/wp\/v2\/categories?post=115939"},{"taxonomy":"post_tag","embeddable":true,"href":"https:\/\/gazdasagportal.hu\/index.php\/wp-json\/wp\/v2\/tags?post=115939"}],"curies":[{"name":"wp","href":"https:\/\/api.w.org\/{rel}","templated":true}]}}