{"id":115852,"date":"2019-05-08T12:01:50","date_gmt":"2019-05-08T10:01:50","guid":{"rendered":"http:\/\/gazdasagportal.hu\/?p=115852"},"modified":"2019-05-08T12:01:50","modified_gmt":"2019-05-08T10:01:50","slug":"elemzok-az-ipari-termeles-elso-negyedevi-fellendulese-a-gdp-novekedeset-is-emelte","status":"publish","type":"post","link":"https:\/\/gazdasagportal.hu\/index.php\/elemzok-az-ipari-termeles-elso-negyedevi-fellendulese-a-gdp-novekedeset-is-emelte\/","title":{"rendered":"Elemz\u0151k: az ipari termel\u00e9s els\u0151 negyed\u00e9vi fellend\u00fcl\u00e9se a GDP n\u00f6veked\u00e9s\u00e9t is emelte"},"content":{"rendered":"<p><strong>Az ipari termel\u00e9s n\u00f6veked\u00e9si \u00fctem\u00e9nek gyorsul\u00e1sa \u00e9rdemben n\u00f6velte a szektor hozz\u00e1j\u00e1rul\u00e1s\u00e1t az els\u0151 negyed\u00e9vi GDP-n\u00f6veked\u00e9shez &#8211; \u00e1llap\u00edtott\u00e1k meg az MTI-nek nyilatkoz\u00f3 elemz\u0151k a K\u00f6zponti Statisztikai Hivatal (KSH) szerd\u00e1n k\u00f6z\u00f6lt adatait komment\u00e1lva.  <\/strong><!--more--><\/p>\n<div class=\"ads-in-post1\"><div id=\"gazdasagportal.hu_fullbanner_wideboard\"><\/div>\r\n<\/div>\n<p>    A KSH els\u0151 becsl\u00e9se szerint m\u00e1rciusban 8,0 sz\u00e1zal\u00e9kkal n\u0151tt az ipari termel\u00e9s az egy \u00e9vvel kor\u00e1bbihoz k\u00e9pest, ami 21 havi rekordnak sz\u00e1m\u00edt, legut\u00f3bb 2017 m\u00e1jus\u00e1ban regisztr\u00e1lt enn\u00e9l nagyobb emelked\u00e9st a KSH. Az els\u0151 negyed\u00e9vben 6,2 sz\u00e1zal\u00e9kkal n\u0151tt az ipar kibocs\u00e1t\u00e1sa a m\u00falt \u00e9v azonos id\u0151szak\u00e1hoz m\u00e9rve.<br \/>\n    Virov\u00e1cz P\u00e9ter, az ING Bank vezet\u0151 elemz\u0151je az MTI-hez eljuttatott komment\u00e1rj\u00e1ban meg\u00e1llap\u00edtotta: m\u00e1rciusban m\u00e9g nagyobb sebess\u00e9gi fokozatba kapcsolt a m\u00e1r eddig is meglepet\u00e9st meglepet\u00e9sre halmoz\u00f3 magyar ipar. A tavalyi aut\u00f3ipari probl\u00e9m\u00e1knak m\u00e1r nyoma sincs. Az \u00faj \u00e9s jobban kihaszn\u00e1lt aut\u00f3ipari kapacit\u00e1sok mozg\u00f3s\u00edt\u00e1sa jelent\u0151s lend\u00fcletet adott az iparnak m\u00e1rciusban is. Az els\u0151 negyed\u00e9vben m\u00e9rt 6,2 sz\u00e1zal\u00e9kos n\u00f6veked\u00e9s is els\u0151sorban az aut\u00f3gy\u00e1rt\u00e1s fellend\u00fcl\u00e9s\u00e9nek k\u00f6sz\u00f6nhet\u0151, ami az exportot \u00e9s ezen kereszt\u00fcl a foly\u00f3 fizet\u00e9si m\u00e9rleg javul\u00e1s\u00e1t is jelent\u0151sen t\u00e1mogatja.<br \/>\n<div class=\"ads-in-post2\"><script async src=\"https:\/\/pagead2.googlesyndication.com\/pagead\/js\/adsbygoogle.js\"><\/script>\r\n<ins class=\"adsbygoogle\"\r\n     style=\"display:block\"\r\n     data-ad-format=\"fluid\"\r\n     data-ad-layout-key=\"-6t+ed+2i-1n-4w\"\r\n     data-ad-client=\"ca-pub-1959107119989764\"\r\n     data-ad-slot=\"4008251320\"><\/ins>\r\n<script>\r\n     (adsbygoogle = window.adsbygoogle || []).push({});\r\n<\/script><\/div>\n    Az ipar a tavalyi utols\u00f3 negyed\u00e9vben m\u00e9rtn\u00e9l is nagyobb m\u00e9rt\u00e9kben j\u00e1rulhatott hozz\u00e1 az els\u0151 negyed\u00e9ves GDP-n\u00f6veked\u00e9shez. Mindez kieg\u00e9sz\u00edtve az er\u0151s kiskereskedelemmel \u00e9s a rekordokat d\u00f6nt\u00f6get\u0151 \u00e9p\u00edt\u0151iparral szinte biztos recept az \u00fajabb 5 sz\u00e1zal\u00e9k k\u00f6r\u00fcli gazdas\u00e1gi teljes\u00edtm\u00e9nyhez &#8211; \u00e1llap\u00edtotta meg. (Tavaly a negyedik negyed\u00e9vben az ipar hozz\u00e1adott \u00e9rt\u00e9ke 0,7 sz\u00e1zal\u00e9kpontot adott az 5,1 sz\u00e1zal\u00e9kos GDP-n\u00f6veked\u00e9sb\u0151l.)<br \/>\n    Az ING Bank vezet\u0151 elemz\u0151je az ipar rendk\u00edv\u00fcl er\u0151s els\u0151 negyed\u00e9vi teljes\u00edtm\u00e9ny\u00e9t  j\u00f3 jelnek tartja az \u00e9v eg\u00e9sz\u00e9re n\u00e9zve is. Az aut\u00f3ipar v\u00e9lhet\u0151en eg\u00e9sz \u00e9vben k\u00e9pes lesz h\u00fazni az ipari teljes\u00edtm\u00e9nyt \u00e9s a magyar ipar egyre ink\u00e1bb k\u00e9pes lev\u00e1lni a gyeng\u00fcl\u0151 n\u00e9met gazdas\u00e1gr\u00f3l. Nagy k\u00e9rd\u00e9snek nevezte azonban, hogy a kereskedelmi h\u00e1bor\u00fa \u00fajb\u00f3l feler\u0151s\u00f6d\u0151 r\u00e9mk\u00e9pe \u00e9s a n\u00e9met ipar gyeng\u00e9lked\u00e9se mikor \u00e9reztetheti hat\u00e1s\u00e1t. A negat\u00edv kock\u00e1zatok ellen\u00e9re Virov\u00e1cz P\u00e9ter a tavalyi 3,6 sz\u00e1zal\u00e9kot jelent\u0151sen meghalad\u00f3, 6 sz\u00e1zal\u00e9k k\u00f6r\u00fcli ipari teljes\u00edtm\u00e9nyre sz\u00e1m\u00edt az id\u00e9n.<br \/>\n    Reg\u0151s G\u00e1bor, a Sz\u00e1zadv\u00e9g Gazdas\u00e1gkutat\u00f3 makrogazdas\u00e1gi \u00fczlet\u00e1gvezet\u0151je is arra eml\u00e9keztetett, hogy az ipar teljes\u00edtm\u00e9nye m\u00e1r a harmadik h\u00f3napban meghaladta az elemz\u0151i v\u00e1rakoz\u00e1sokat. Ebben nagy szerepe van a jelent\u0151s s\u00faly\u00fa j\u00e1rm\u0171gy\u00e1rt\u00e1snak is, amely a tavalyi gyeng\u00e9bb \u00e9v ut\u00e1n indult er\u0151teljes n\u00f6veked\u00e9snek. Az els\u0151 h\u00e1rom havi ipari adat alapj\u00e1n az ipar \u00e9rdemben hozz\u00e1j\u00e1rulhatott a GDP els\u0151 negyed\u00e9vi  n\u00f6veked\u00e9s\u00e9hez. Az ipari termel\u00e9s nagym\u00e9rt\u00e9kben f\u00fcgg a vil\u00e1ggazdas\u00e1gi konjunkt\u00far\u00e1t\u00f3l, teh\u00e1t a dinamikus n\u00f6veked\u00e9s azt is jelzi, hogy egyel\u0151re r\u00f6vid t\u00e1von cs\u00f6kkent egy v\u00e1ls\u00e1g bek\u00f6vetkez\u00e9s\u00e9nek a val\u00f3sz\u00edn\u0171s\u00e9ge. Ezt jelzi a v\u00e1rtn\u00e1l kedvez\u0151bb n\u00e9met ipari adat is &#8211; tette hozz\u00e1.<br \/>\n    Suppan Gergely, a Takar\u00e9kbank elemz\u0151je komment\u00e1rj\u00e1ban arra helyezte a hangs\u00falyt, hogy az els\u0151 negyed\u00e9vben 6,2 sz\u00e1zal\u00e9kra gyorsult az ipari termel\u00e9s n\u00f6veked\u00e9se a tavalyi negyedik negyed\u00e9vi 5,1 sz\u00e1zal\u00e9kosr\u00f3l, \u00edgy hozz\u00e1j\u00e1rulhatott a GDP-n\u00f6veked\u00e9s \u00e9rdemi gyorsul\u00e1s\u00e1hoz, amely megk\u00f6zel\u00edthette az 5,5 sz\u00e1zal\u00e9kot is.<br \/>\n    A kimagasl\u00f3 \u00e9vkezdet miatt a Takar\u00e9kbank felfel\u00e9 m\u00f3dos\u00edthatja idei \u00e9ves 4,4 sz\u00e1zal\u00e9kos GDP n\u00f6veked\u00e9si el\u0151rejelz\u00e9s\u00e9t is.<br \/>\n    Id\u00e9n tov\u00e1bbi lend\u00fcletet ad az ipari termel\u00e9snek az \u00faj g\u00e9pkocsi modellek gy\u00e1rt\u00e1sa \u00e9s tov\u00e1bbi feldolgoz\u00f3ipari kapacit\u00e1sok \u00fczembe helyez\u00e9se.<br \/>\n     Ezzel szemben a meredeken cs\u00f6kken\u0151 eur\u00f3pai konjunkt\u00fara, a glob\u00e1lis \u00e9s a k\u00ednai gazdas\u00e1gi n\u00f6veked\u00e9s lassul\u00e1sa, valamint d\u00f6nt\u0151en k\u00f6zvetett hat\u00e1sok miatt a Brexit k\u00f6r\u00fcli bizonytalans\u00e1g jelent\u0151s kock\u00e1zatokat jelenthet. Ezek azonban m\u00e1r eddig is f\u00e9kezt\u00e9k a n\u00f6veked\u00e9st, \u00edgy az eur\u00f3pai konjunkt\u00fara tal\u00e1n m\u00e1r el\u00e9rte a m\u00e9lypontot, ezt jelzik a frissen megjelent n\u00e9met ipari adatok is.<br \/>\n    Suppan Gergely id\u00e9n az ipari kibocs\u00e1t\u00e1s 6 sz\u00e1zal\u00e9kot megk\u00f6zel\u00edt\u0151 n\u00f6veked\u00e9s\u00e9t v\u00e1rja a tavalyi 3,6 sz\u00e1zal\u00e9k ut\u00e1n.<br \/>\n    N\u00e9meth D\u00e1vid, a K&#038;H Bank vezet\u0151 elemz\u0151je a friss adatokat \u00e9rt\u00e9kelve elmondta: az emelked\u00e9sben szerepet j\u00e1tszik a b\u00e1zishat\u00e1s, 2018 m\u00e1rcius\u00e1ban ugyanis visszaes\u00e9s volt az iparban, \u00edgy alacsonyabb teljes\u00edtm\u00e9nyhez k\u00e9pest j\u00f6tt az id\u00e9n m\u00e1rciusban el\u00e9rt t\u00f6bblet. Megjegyezte, a k\u00f6vetkez\u0151 id\u0151szakban \u00fajabb t\u00e1mogat\u00e1st kaphat az ipar, miut\u00e1n t\u00f6bb k\u00fclf\u00f6ldi c\u00e9g akkumul\u00e1torgy\u00e1rat \u00e9p\u00edtett, ezek pedig v\u00e1rhat\u00f3an 2019 \u00e9s 2021 k\u00f6z\u00f6tt ind\u00edtj\u00e1k el a termel\u00e9st.<br \/>\n    N\u00e9meth D\u00e1vid szerint, ha az eur\u00f3pai gazdas\u00e1gban nem j\u00f6n tov\u00e1bbi er\u0151teljes lassul\u00e1s, akkor a magyar ipar els\u0151sorban a t\u00f6bbletkapacit\u00e1soknak k\u00f6sz\u00f6nhet\u0151en 5 sz\u00e1zal\u00e9khoz k\u00f6zeli n\u00f6veked\u00e9ssel z\u00e1rhatja 2019-et. Tov\u00e1bbra is kock\u00e1zatot jelent azonban, hogy m\u00e1jus elej\u00e9n ki\u00fajultak a nemzetk\u00f6zi kereskedelmi h\u00e1bor\u00fa miatti f\u00e9lelmek. A piac att\u00f3l is tart, hogy az Egyes\u00fclt \u00c1llamok az Eur\u00f3p\u00e1val szemben is megszigor\u00edtja a v\u00e1mszab\u00e1lyoz\u00e1st. Ha pedig ez val\u00f3ban bek\u00f6vetkezik, az els\u0151sorban az aut\u00f3ipart \u00e9rintheti, ami a magyar ipar \u00e9s gazdas\u00e1g teljes\u00edtm\u00e9ny\u00e9t is negat\u00edvan befoly\u00e1solhatja.<br \/>\n     Nyeste Orsolya, az Erste Bank szenior makrogazdas\u00e1gi elemz\u0151je is kiemelte, az els\u0151 negyed\u00e9vi adat azt sugallja, hogy a f\u0151bb exportpiacokon mutatkoz\u00f3 lassul\u00e1s ellen\u00e9re is kifejezetten er\u0151s lehetett az ipar hozz\u00e1j\u00e1rul\u00e1sa az els\u0151 negyed\u00e9ves GDP n\u00f6veked\u00e9shez. A magyar ipar teljes\u00edtm\u00e9nye teh\u00e1t a kedvez\u0151tlenebb glob\u00e1lis k\u00f6rnyezet mellett is meglehet\u0151sen ellen\u00e1ll\u00f3nak bizonyult. A m\u00e1sodik negyed\u00e9vt\u0151l v\u00e1rhat\u00f3an a f\u0151bb exportpiacokon is lass\u00fa javul\u00e1s indulhat meg, s \u00edgy m\u00e1r a k\u00fcls\u0151 k\u00f6rnyezeti t\u00e9nyez\u0151k is t\u00e1mogathatj\u00e1k az ipar teljes\u00edtm\u00e9ny\u00e9t az \u00e9v tov\u00e1bbi r\u00e9sz\u00e9ben &#8211; prognosztiz\u00e1lta az Erste Bank szenior elemz\u0151je.<br \/>\n     Az egy\u00e9b t\u00e9nyez\u0151ket is figyelembe v\u00e9ve, mint  az er\u0151s kiskereskedelmi adatok, illetve az \u00e9p\u00edt\u0151ipar sz\u00e1rnyal\u00e1sa, Nyeste Orsolya kifejezetten er\u0151s, 5 sz\u00e1zal\u00e9k k\u00f6r\u00fcli GDP n\u00f6veked\u00e9si adatot prognosztiz\u00e1l az els\u0151 negyed\u00e9vre.(MTI)<\/p>\n","protected":false},"excerpt":{"rendered":"<p>Az ipari termel\u00e9s n\u00f6veked\u00e9si \u00fctem\u00e9nek gyorsul\u00e1sa \u00e9rdemben n\u00f6velte a szektor hozz\u00e1j\u00e1rul\u00e1s\u00e1t az els\u0151 negyed\u00e9vi GDP-n\u00f6veked\u00e9shez &#8211; \u00e1llap\u00edtott\u00e1k meg az MTI-nek nyilatkoz\u00f3 elemz\u0151k a K\u00f6zponti Statisztikai Hivatal (KSH) szerd\u00e1n k\u00f6z\u00f6lt adatait komment\u00e1lva.<\/p>\n","protected":false},"author":1,"featured_media":0,"comment_status":"closed","ping_status":"open","sticky":false,"template":"","format":"standard","meta":[],"categories":[4,19],"tags":[],"_links":{"self":[{"href":"https:\/\/gazdasagportal.hu\/index.php\/wp-json\/wp\/v2\/posts\/115852"}],"collection":[{"href":"https:\/\/gazdasagportal.hu\/index.php\/wp-json\/wp\/v2\/posts"}],"about":[{"href":"https:\/\/gazdasagportal.hu\/index.php\/wp-json\/wp\/v2\/types\/post"}],"author":[{"embeddable":true,"href":"https:\/\/gazdasagportal.hu\/index.php\/wp-json\/wp\/v2\/users\/1"}],"replies":[{"embeddable":true,"href":"https:\/\/gazdasagportal.hu\/index.php\/wp-json\/wp\/v2\/comments?post=115852"}],"version-history":[{"count":1,"href":"https:\/\/gazdasagportal.hu\/index.php\/wp-json\/wp\/v2\/posts\/115852\/revisions"}],"predecessor-version":[{"id":115853,"href":"https:\/\/gazdasagportal.hu\/index.php\/wp-json\/wp\/v2\/posts\/115852\/revisions\/115853"}],"wp:attachment":[{"href":"https:\/\/gazdasagportal.hu\/index.php\/wp-json\/wp\/v2\/media?parent=115852"}],"wp:term":[{"taxonomy":"category","embeddable":true,"href":"https:\/\/gazdasagportal.hu\/index.php\/wp-json\/wp\/v2\/categories?post=115852"},{"taxonomy":"post_tag","embeddable":true,"href":"https:\/\/gazdasagportal.hu\/index.php\/wp-json\/wp\/v2\/tags?post=115852"}],"curies":[{"name":"wp","href":"https:\/\/api.w.org\/{rel}","templated":true}]}}