{"id":115838,"date":"2019-05-08T10:57:22","date_gmt":"2019-05-08T08:57:22","guid":{"rendered":"http:\/\/gazdasagportal.hu\/?p=115838"},"modified":"2019-05-08T10:57:22","modified_gmt":"2019-05-08T08:57:22","slug":"nott-a-nemet-ipari-termeles-marciusban","status":"publish","type":"post","link":"https:\/\/gazdasagportal.hu\/index.php\/nott-a-nemet-ipari-termeles-marciusban\/","title":{"rendered":"N\u0151tt a n\u00e9met ipari termel\u00e9s m\u00e1rciusban"},"content":{"rendered":"<p><strong>Elemz\u0151k \u00e1ltal v\u00e1rt cs\u00f6kken\u00e9ssel szemben n\u0151tt N\u00e9metorsz\u00e1g ipari termel\u00e9se m\u00e1rciusban.<\/strong><!--more--><\/p>\n<div class=\"ads-in-post1\"><div id=\"gazdasagportal.hu_fullbanner_wideboard\"><\/div>\r\n<\/div>\n<p>    A n\u00e9met statisztikai hivatal (Destatis) szerd\u00e1n azt k\u00f6z\u00f6lte, hogy a szezon\u00e1lis, napt\u00e1ri hat\u00e1ssal kiigaz\u00edtott adatok szerint 0,5 sz\u00e1zal\u00e9kkal n\u0151tt az ipari termel\u00e9s febru\u00e1rhoz viszony\u00edtva.<br \/>\n    Elemz\u0151k az ipari termel\u00e9s 0,5 sz\u00e1zal\u00e9kos cs\u00f6kken\u00e9s\u00e9re sz\u00e1m\u00edtottak m\u00e1rciusra a febru\u00e1ri 0,7 sz\u00e1zal\u00e9kos n\u00f6veked\u00e9s ut\u00e1n.<br \/>\n<div class=\"ads-in-post2\"><script async src=\"https:\/\/pagead2.googlesyndication.com\/pagead\/js\/adsbygoogle.js\"><\/script>\r\n<ins class=\"adsbygoogle\"\r\n     style=\"display:block\"\r\n     data-ad-format=\"fluid\"\r\n     data-ad-layout-key=\"-6t+ed+2i-1n-4w\"\r\n     data-ad-client=\"ca-pub-1959107119989764\"\r\n     data-ad-slot=\"4008251320\"><\/ins>\r\n<script>\r\n     (adsbygoogle = window.adsbygoogle || []).push({});\r\n<\/script><\/div>\n    \u00c9ves \u00f6sszevet\u00e9sben napt\u00e1ri hat\u00e1ssal kiigaz\u00edtva 0,9 sz\u00e1zal\u00e9kkal esett vissza N\u00e9metorsz\u00e1g ipari termel\u00e9se m\u00e1rciusban az el\u0151z\u0151 havi szer\u00e9nyebb, 0,4 sz\u00e1zal\u00e9kos cs\u00f6kken\u00e9s ut\u00e1n. Szak\u00e9rt\u0151k j\u00f3val nagyobb, 2,8 sz\u00e1zal\u00e9kos visszaes\u00e9st v\u00e1rtak m\u00e1rciusra.(MTI)<\/p>\n","protected":false},"excerpt":{"rendered":"<p>Elemz\u0151k \u00e1ltal v\u00e1rt cs\u00f6kken\u00e9ssel szemben n\u0151tt N\u00e9metorsz\u00e1g ipari termel\u00e9se m\u00e1rciusban.<\/p>\n","protected":false},"author":1,"featured_media":0,"comment_status":"closed","ping_status":"open","sticky":false,"template":"","format":"standard","meta":[],"categories":[246],"tags":[],"_links":{"self":[{"href":"https:\/\/gazdasagportal.hu\/index.php\/wp-json\/wp\/v2\/posts\/115838"}],"collection":[{"href":"https:\/\/gazdasagportal.hu\/index.php\/wp-json\/wp\/v2\/posts"}],"about":[{"href":"https:\/\/gazdasagportal.hu\/index.php\/wp-json\/wp\/v2\/types\/post"}],"author":[{"embeddable":true,"href":"https:\/\/gazdasagportal.hu\/index.php\/wp-json\/wp\/v2\/users\/1"}],"replies":[{"embeddable":true,"href":"https:\/\/gazdasagportal.hu\/index.php\/wp-json\/wp\/v2\/comments?post=115838"}],"version-history":[{"count":1,"href":"https:\/\/gazdasagportal.hu\/index.php\/wp-json\/wp\/v2\/posts\/115838\/revisions"}],"predecessor-version":[{"id":115839,"href":"https:\/\/gazdasagportal.hu\/index.php\/wp-json\/wp\/v2\/posts\/115838\/revisions\/115839"}],"wp:attachment":[{"href":"https:\/\/gazdasagportal.hu\/index.php\/wp-json\/wp\/v2\/media?parent=115838"}],"wp:term":[{"taxonomy":"category","embeddable":true,"href":"https:\/\/gazdasagportal.hu\/index.php\/wp-json\/wp\/v2\/categories?post=115838"},{"taxonomy":"post_tag","embeddable":true,"href":"https:\/\/gazdasagportal.hu\/index.php\/wp-json\/wp\/v2\/tags?post=115838"}],"curies":[{"name":"wp","href":"https:\/\/api.w.org\/{rel}","templated":true}]}}