{"id":115815,"date":"2019-05-07T13:21:04","date_gmt":"2019-05-07T11:21:04","guid":{"rendered":"http:\/\/gazdasagportal.hu\/?p=115815"},"modified":"2019-05-07T13:21:04","modified_gmt":"2019-05-07T11:21:04","slug":"egy-suzuki-altagosan-16-nap-alatt-talal-uj-gazdat-erdekes-adatokat-mutat-az-autopiaci-trendek","status":"publish","type":"post","link":"https:\/\/gazdasagportal.hu\/index.php\/egy-suzuki-altagosan-16-nap-alatt-talal-uj-gazdat-erdekes-adatokat-mutat-az-autopiaci-trendek\/","title":{"rendered":"Egy Suzuki \u00e1ltagosan 16 nap alatt tal\u00e1l \u00faj gazd\u00e1t: \u00e9rdekes adatokat mutat az Aut\u00f3piaci Trendek"},"content":{"rendered":"<p><strong>Havi szinten csaknem 2 milli\u00f3 ember keres aut\u00f3t a Haszn\u00e1ltaut\u00f3.hu fel\u00fclet\u00e9n. Nem csak preferenci\u00e1jukat, hanem az el\u00e9rhet\u0151 \u00e9s eladott aut\u00f3k jellemz\u0151it is mutatja az Aut\u00f3piaci Trendek adatb\u00e1zis.<\/strong><!--more--><\/p>\n<div class=\"ads-in-post1\"><div id=\"gazdasagportal.hu_fullbanner_wideboard\"><\/div>\r\n<\/div>\n<p>Az Aut\u00f3piaci Trendek adatb\u00e1zis a Haszn\u00e1ltaut\u00f3.hu fel\u00fcl\u00e9n aut\u00f3t keres\u0151k szok\u00e1sait \u00f6sszes\u00edti. Nemr\u00e9giben az idei els\u0151 negyed\u00e9ves adatok is beleker\u00fcltek, \u00edgy m\u00e1r a legfrissebb tendenci\u00e1k is j\u00f3l l\u00e1that\u00f3k. Sok m\u00e1s mellett m\u00e1rk\u00e1nk\u00e9nti \u00e9s modellenk\u00e9nti bont\u00e1sban elemezhet\u0151k a forg\u00e1si sebess\u00e9gek, vagyis az, hogy egy-egy modell mennyi id\u0151 alatt tal\u00e1l gazd\u00e1t. L\u00e1that\u00f3 tov\u00e1bb\u00e1, hogy mely modellekre keresnek a legt\u00f6bben, ak\u00e1r tov\u00e1bbi sz\u0171k\u00edt\u00e9sekkel, finom\u00edt\u00e1sokkal is.<\/p>\n<p><strong>A Ford Focus mindent visz<\/strong><\/p><div id=\"gazda-4071747509\" class=\"gazda-tartalomban gazda-entity-placement\"><script async src=\"https:\/\/pagead2.googlesyndication.com\/pagead\/js\/adsbygoogle.js\"><\/script>\r\n<ins class=\"adsbygoogle\"\r\n     style=\"display:block\"\r\n     data-ad-format=\"fluid\"\r\n     data-ad-layout-key=\"-6t+ed+2i-1n-4w\"\r\n     data-ad-client=\"ca-pub-1959107119989764\"\r\n     data-ad-slot=\"4008251320\"><\/ins>\r\n<script>\r\n     (adsbygoogle = window.adsbygoogle || []).push({});\r\n<\/script><\/div>\n<p>Kider\u00fcl tov\u00e1bb\u00e1, hogy milyen aut\u00f3ra v\u00e1gynak a kifejezetten benzines, \u00e9s milyet szeretn\u00e9nek az egy\u00e9b hajt\u00e1sm\u00f3d\u00fa j\u00e1rg\u00e1nyt \u00e1h\u00edt\u00f3k. Ez alapj\u00e1n egy\u00e9rtelm\u0171, hogy a legt\u00f6bb vev\u0151 benzines aut\u00f3t szeretne. A Ford Focus minden tekintetben a kedvenc. L\u00e1that\u00f3 az is, hogy a keres\u00e9skor d\u00edzel \u00fczemanyag\u00fa aut\u00f3kra sz\u0171r\u0151k k\u00f6z\u00fcl a legt\u00f6bben Audi A4-re keresnek, majd az A6 \u00e9s a szint\u00e9n konszernt\u00e1rs Volkswagen Passat k\u00f6vetkezik. Az A4 \u00f6sszes\u00edtettben is m\u00e1sodik, de a statisztika j\u00f3l mutatja, ez a modell m\u00e9g mindig d\u00edzelmotorral a n\u00e9pszer\u0171bb, tov\u00e1bb\u00e1 meg kell jegyezni, t\u00f6bben keresnek r\u00e1 \u00fczemanyag-preferencia n\u00e9lk\u00fcl, mint annak sz\u0171k\u00edt\u00e9s\u00e9vel.<\/p>\n<p>Modellenk\u00e9nt v\u00e1ltoz\u00f3, hogy mennyire tartj\u00e1k fontosnak, meghat\u00e1roz\u00f3nak a motorfajt\u00e1t a v\u00e1s\u00e1rl\u00f3k. A listavezet\u0151 Ford Focus p\u00e9ld\u00e1j\u00e1n\u00e1l p\u00e9ld\u00e1ul az l\u00e1that\u00f3, hogy az els\u0151 negyed\u00e9vben 1 509 819 keres\u00e9s ir\u00e1nyult erre a modellre, ebb\u0151l 717 331 esetben benzines, 184 924 keres\u00e9sn\u00e9l d\u00edzel verzi\u00f3t \u00e1h\u00edtottak a potenci\u00e1lis v\u00e1s\u00e1rl\u00f3k. A Focus eset\u00e9ben teh\u00e1t ink\u00e1bb racion\u00e1lis v\u00e1s\u00e1rl\u00f3kkal van dolgunk, olyanokkal, akik tudj\u00e1k, hogy nekik milyen aut\u00f3 kell.<\/p>\n<div class=\"ads-in-post2\"><script async src=\"https:\/\/pagead2.googlesyndication.com\/pagead\/js\/adsbygoogle.js\"><\/script>\r\n<ins class=\"adsbygoogle\"\r\n     style=\"display:block\"\r\n     data-ad-format=\"fluid\"\r\n     data-ad-layout-key=\"-6t+ed+2i-1n-4w\"\r\n     data-ad-client=\"ca-pub-1959107119989764\"\r\n     data-ad-slot=\"4008251320\"><\/ins>\r\n<script>\r\n     (adsbygoogle = window.adsbygoogle || []).push({});\r\n<\/script><\/div>\nVannak persze olyan modellek is, amelyek eset\u00e9n eleve meghat\u00e1rozott, hogy az milyen hajt\u00e1sm\u00f3d\u00fa, ilyen a Toyota Prius. B\u00e1r ut\u00f3bbi a legnagyobb p\u00e9ld\u00e1nysz\u00e1mban \u00e9rt\u00e9kes\u00edtett, haz\u00e1nkban is legnagyobb sz\u00e1mban fut\u00f3 \u00e9s gazd\u00e1t cser\u00e9l\u0151 hibrid, logikusan ink\u00e1bb olyan modellekn\u00e9l sz\u0171rnek hajt\u00e1sm\u00f3d szerint hibridre, amib\u0151l van egy\u00e9b is, \u00edgy l\u00e1tsz\u00f3dhat a piac legn\u00e9pszer\u0171bb hibridj\u00e9nek a Toyota Auris. Az alternat\u00edv hajt\u00e1sm\u00f3d\u00fa modellek keres\u00e9si list\u00e1j\u00e1t egy\u00e9rtelm\u0171en a Toyota uralja, de jegyezz\u00fck meg ism\u00e9t: a csakis elektromosk\u00e9nt l\u00e9tez\u0151 modellek (p\u00e9ld\u00e1ul Nissan Leaf) eset\u00e9n sem szok\u00e1s a motorfajta szerinti sz\u0171k\u00edt\u00e9s.<\/p>\n<p><strong>16 nap kell a Suzukinak<\/strong><\/p>\n<p>Az \u00fczemanyagfajt\u00e1k szerinti n\u00e9pszer\u0171s\u00e9gi list\u00e1val az Aut\u00f3piaci Trendek j\u00f3l mutatja, hogy melyek azok a modellek, amelyekb\u0151l \u00e9rdemes m\u00e9g d\u00edzelt venni, mely alternat\u00edv hajt\u00e1s\u00fa modelleket \u00e9rdemes k\u00e9szletre v\u00e1s\u00e1rolni. Ezeken fel\u00fcl m\u00e9g tem\u00e9rdek inform\u00e1ci\u00f3, p\u00e9ld\u00e1ul a modellenk\u00e9nti, ak\u00e1r \u00fczemanyag-fajt\u00e1nk\u00e9nti forg\u00e1si sebess\u00e9gek is l\u00e1that\u00f3k. <em>\u201eAnnak ellen\u00e9re, hogy a Ford Focus a haszn\u00e1ltpiac legn\u00e9pszer\u0171bb modellje, egy Ford \u00e1ltal\u00e1ban 23 nap ut\u00e1n tal\u00e1l \u00faj gazd\u00e1t, egy Suzuki egy h\u00e9ttel hamarabb, m\u00e1r 16 nap ut\u00e1n. Persze nem csak ez a k\u00fcl\u00f6nbs\u00e9g k\u00f6zt\u00fck, a Haszn\u00e1ltaut\u00f3.hu rendszer\u00e9ben az idei els\u0151 negyed\u00e9vben hirdetett Fordok \u00e1tlagosan 12 \u00e9vesek \u00e9s 1 623 779 forint \u00e1tlag\u00e1r\u00faak voltak, a Suzukik jellemz\u0151en 15,6 \u00e9vesek, 921 486 forintosak\u201d<\/em> \u2013 mondta Katona M\u00e1ty\u00e1s, a Haszn\u00e1ltaut\u00f3.hu szak\u00e9rt\u0151je.<\/p>\n<p><strong>\u00a0<\/strong><\/p>\n<p>&nbsp;<\/p>\n<p><strong>A Haszn\u00e1ltaut\u00f3.hu-r\u00f3l<\/strong><\/p>\n<p>A <a href=\"http:\/\/www.hasznaltauto.hu\/\" target=\"_blank\" rel=\"noopener\">Haszn\u00e1ltaut\u00f3.hu<\/a> \u2013 Magyarorsz\u00e1g j\u00e1rm\u0171piaca \u2013 a hazai haszn\u00e1lt \u00e9s \u00faj j\u00e1rm\u0171vek, \u00e9rt\u00e9kes\u00edt\u00e9s\u00e9nek legjelent\u0151sebb piactere, ahol a legsz\u00e9lesebb k\u00edn\u00e1latban \u00e9rhet\u0151ek el k\u00fcl\u00f6nf\u00e9le elad\u00f3 j\u00e1rm\u0171vek. Adatb\u00e1zis\u00e1ban \u00faj \u00e9s \u00fajszer\u0171 aut\u00f3k mellett a hazai haszn\u00e1ltaut\u00f3-kereskedelemben r\u00e9szt vev\u0151 g\u00e9pj\u00e1rm\u0171vek t\u00f6bb mint 80 sz\u00e1zal\u00e9ka megtal\u00e1lhat\u00f3, \u00edgy egyed\u00fcl\u00e1ll\u00f3 betekint\u00e9st ny\u00fajt a magyar haszn\u00e1ltaut\u00f3-piacon zajl\u00f3 folyamatokba. A <a href=\"http:\/\/xn--hasznltaut-w4a5t.hu\/\" target=\"_blank\" rel=\"noopener\">Haszn\u00e1ltaut\u00f3.hu<\/a> korszer\u0171 elj\u00e1r\u00e1sokkal biztos\u00edtja, hogy fel\u00fclet\u00e9n egy id\u0151ben meghirdetett, t\u00f6bb mint 175 ezer j\u00e1rm\u0171 naprak\u00e9sz, sz\u0171rt adatb\u00e1zisban, ut\u00f3lag is elemezhet\u0151 tartalommal jelenjen meg. A szolg\u00e1ltat\u00e1st \u00e1tlagosan napi 200 ezren haszn\u00e1lj\u00e1k.<\/p>\n<p>&nbsp;<\/p>\n","protected":false},"excerpt":{"rendered":"<p>Havi szinten csaknem 2 milli\u00f3 ember keres aut\u00f3t a Haszn\u00e1ltaut\u00f3.hu fel\u00fclet\u00e9n. Nem csak preferenci\u00e1jukat, hanem az el\u00e9rhet\u0151 \u00e9s eladott aut\u00f3k jellemz\u0151it is mutatja az Aut\u00f3piaci Trendek adatb\u00e1zis.<\/p>\n","protected":false},"author":1,"featured_media":0,"comment_status":"closed","ping_status":"open","sticky":false,"template":"","format":"standard","meta":[],"categories":[4,19],"tags":[],"_links":{"self":[{"href":"https:\/\/gazdasagportal.hu\/index.php\/wp-json\/wp\/v2\/posts\/115815"}],"collection":[{"href":"https:\/\/gazdasagportal.hu\/index.php\/wp-json\/wp\/v2\/posts"}],"about":[{"href":"https:\/\/gazdasagportal.hu\/index.php\/wp-json\/wp\/v2\/types\/post"}],"author":[{"embeddable":true,"href":"https:\/\/gazdasagportal.hu\/index.php\/wp-json\/wp\/v2\/users\/1"}],"replies":[{"embeddable":true,"href":"https:\/\/gazdasagportal.hu\/index.php\/wp-json\/wp\/v2\/comments?post=115815"}],"version-history":[{"count":1,"href":"https:\/\/gazdasagportal.hu\/index.php\/wp-json\/wp\/v2\/posts\/115815\/revisions"}],"predecessor-version":[{"id":115816,"href":"https:\/\/gazdasagportal.hu\/index.php\/wp-json\/wp\/v2\/posts\/115815\/revisions\/115816"}],"wp:attachment":[{"href":"https:\/\/gazdasagportal.hu\/index.php\/wp-json\/wp\/v2\/media?parent=115815"}],"wp:term":[{"taxonomy":"category","embeddable":true,"href":"https:\/\/gazdasagportal.hu\/index.php\/wp-json\/wp\/v2\/categories?post=115815"},{"taxonomy":"post_tag","embeddable":true,"href":"https:\/\/gazdasagportal.hu\/index.php\/wp-json\/wp\/v2\/tags?post=115815"}],"curies":[{"name":"wp","href":"https:\/\/api.w.org\/{rel}","templated":true}]}}