{"id":115813,"date":"2019-05-07T12:46:58","date_gmt":"2019-05-07T10:46:58","guid":{"rendered":"http:\/\/gazdasagportal.hu\/?p=115813"},"modified":"2019-05-07T12:46:58","modified_gmt":"2019-05-07T10:46:58","slug":"kiszallitasi-rekord-mellett-csokkent-a-bmw-elso-negyedeves-eredmenye","status":"publish","type":"post","link":"https:\/\/gazdasagportal.hu\/index.php\/kiszallitasi-rekord-mellett-csokkent-a-bmw-elso-negyedeves-eredmenye\/","title":{"rendered":"Kisz\u00e1ll\u00edt\u00e1si rekord mellett cs\u00f6kkent a BMW els\u0151 negyed\u00e9ves eredm\u00e9nye"},"content":{"rendered":"<p><strong>Sorban a kilencedik els\u0151 negyed\u00e9vi kisz\u00e1ll\u00edt\u00e1si rekord mellett is jelent\u0151s eredm\u00e9nycs\u00f6kken\u00e9st k\u00f6nyvelt el az els\u0151 negyed\u00e9vben a BMW AG szem\u00e9lyg\u00e9pkocsi \u00fczlet\u00e1ga a v\u00e1rhat\u00f3 uni\u00f3s kartellb\u00edrs\u00e1gra elk\u00fcl\u00f6n\u00edtett milli\u00e1rdos \u00f6sszeg miatt.<\/strong><!--more--><\/p>\n<div class=\"ads-in-post1\"><div id=\"gazdasagportal.hu_fullbanner_wideboard\"><\/div>\r\n<\/div>\n<p>A konszern honlapj\u00e1n kedden publik\u00e1lt m\u00e9rlegbesz\u00e1mol\u00f3 alapj\u00e1n a BMW AG az els\u0151 negyed\u00e9vben 605 333 BMW, MINI \u00e9s Rolls-Royce m\u00e1rk\u00e1j\u00fa szem\u00e9lyg\u00e9pkocsit sz\u00e1ll\u00edtott ki megrendel\u0151inek, 0,1 sz\u00e1zal\u00e9kkal t\u00f6bbet a 2018 els\u0151 negyed\u00e9vi 604 629 aut\u00f3n\u00e1l, mik\u00f6zben a vil\u00e1gpiaci szem\u00e9lyg\u00e9pkocsi forgalom az els\u0151 negyed\u00e9vben 5,2 sz\u00e1zal\u00e9kkal cs\u00f6kkent.<br \/>\nA csoport BMW m\u00e1rk\u00e1b\u00f3l 0,4 sz\u00e1zal\u00e9kkal t\u00f6bbet, 519 ezret sz\u00e1ll\u00edtott ki 517 ezer ut\u00e1n, a MINI m\u00e1rk\u00e1b\u00f3l 1,8 sz\u00e1zal\u00e9kkal kevesebbet, 84 ezret 86 ezer ut\u00e1n, a Rolls-Royce m\u00e1rk\u00e1b\u00f3l pedig 49,4 sz\u00e1zal\u00e9kkal t\u00f6bbet, 1206-ot 807 ut\u00e1n. A MINI elad\u00e1sai cs\u00f6kkentek ugyan, de az idei els\u0151 negyed\u00e9ve m\u00e9g ezzel egy\u00fctt is a m\u00e1rka t\u00f6rt\u00e9net\u00e9nek m\u00e1sodik legjobb els\u0151 negyed\u00e9ve lett.<br \/>\nAz idei volt a BMW AG csoport sorban a kilencedik els\u0151 negyed\u00e9vi elad\u00e1si rekordja. A kisz\u00e1ll\u00edt\u00e1sok 0,1 sz\u00e1zal\u00e9kos n\u00f6veked\u00e9se mellett a gy\u00e1rtott darabsz\u00e1m az els\u0151 negyed\u00e9vben 1,3 sz\u00e1zal\u00e9kkal 672 ezerre n\u00f6vekedett 663 ezerr\u0151l.<br \/>\n<div class=\"ads-in-post2\"><script async src=\"https:\/\/pagead2.googlesyndication.com\/pagead\/js\/adsbygoogle.js\"><\/script>\r\n<ins class=\"adsbygoogle\"\r\n     style=\"display:block\"\r\n     data-ad-format=\"fluid\"\r\n     data-ad-layout-key=\"-6t+ed+2i-1n-4w\"\r\n     data-ad-client=\"ca-pub-1959107119989764\"\r\n     data-ad-slot=\"4008251320\"><\/ins>\r\n<script>\r\n     (adsbygoogle = window.adsbygoogle || []).push({});\r\n<\/script><\/div>\nA 3,1 sz\u00e1zal\u00e9kkal zsugorod\u00f3 eur\u00f3pai aut\u00f3piacon a BMW 0,1 sz\u00e1zal\u00e9kkal n\u00f6velte elad\u00e1sait, ezen bel\u00fcl N\u00e9metorsz\u00e1gban 6,3 sz\u00e1zal\u00e9kkal, Nagy-Britanni\u00e1ban 1,8 sz\u00e1zal\u00e9kkal. A n\u00e9met aut\u00f3piac \u00f6sszess\u00e9g\u00e9ben mind\u00f6ssze 0,2 sz\u00e1zal\u00e9kkal b\u0151v\u00fclt az els\u0151 negyed\u00e9vben, a nagy-britanniai pedig 2,4 sz\u00e1zal\u00e9kkal zsugorodott. Az els\u0151 negyed\u00e9vben 10,1 sz\u00e1zal\u00e9kkal zsugorod\u00f3 k\u00ednai piacon pedig a BMW 10,2 sz\u00e1zal\u00e9kkal n\u00f6velte elad\u00e1sait.<br \/>\nA BMW AG 22,462 milli\u00e1rd eur\u00f3 \u00e9rt\u00e9kes\u00edt\u00e9si \u00e1rbev\u00e9telt \u00e9rt el az idei els\u0151 negyed\u00e9vben, 0,9 sz\u00e1zal\u00e9kkal kisebbet a 2018 els\u0151 negyed\u00e9vi 22,665 milli\u00e1rd eur\u00f3n\u00e1l. Ezen bel\u00fcl a szem\u00e9lyg\u00e9pkocsi \u00fczlet\u00e1g forgalma 0,6 sz\u00e1zal\u00e9kkal 19,213 milli\u00e1rd eur\u00f3ra cs\u00f6kkent 19,326 milli\u00e1rd eur\u00f3r\u00f3l.<br \/>\nA BMW AG csoport ad\u00f3 el\u0151tti nyeres\u00e9ge 75,7 sz\u00e1zal\u00e9kkal 762 milli\u00f3 eur\u00f3ra cs\u00f6kkent 3,139 milli\u00e1rd eur\u00f3r\u00f3l, ezen bel\u00fcl a szem\u00e9lyg\u00e9pkocsi \u00fczlet\u00e1g idei els\u0151 negyed\u00e9vi ad\u00f3z\u00e1s el\u0151tti nyeres\u00e9ge 27 milli\u00f3 eur\u00f3 vesztes\u00e9gbe fordult az egy \u00e9vvel kor\u00e1bbi 2,281 milli\u00e1rd eur\u00f3 nyeres\u00e9gb\u0151l.<br \/>\nA csoport els\u0151 negyed\u00e9vi nett\u00f3 nyeres\u00e9ge 74,2 sz\u00e1zal\u00e9kkal 588 milli\u00f3 eur\u00f3ra cs\u00f6kkent a 2018. els\u0151 negyed\u00e9vi 2,282 milli\u00e1rd eur\u00f3r\u00f3l. A szem\u00e9lyg\u00e9pkocsi \u00fczlet\u00e1g nett\u00f3 nyeres\u00e9ge az ad\u00f3 el\u0151ttivel szemben m\u00e1r nem lett negat\u00edv, 24 milli\u00f3 eur\u00f3ra cs\u00f6kkent 1,636 milli\u00e1rd eur\u00f3r\u00f3l.<br \/>\nA BMW csoport 1,4 milli\u00e1rd eur\u00f3t k\u00fcl\u00f6n\u00edtett el els\u0151 negyed\u00e9ves eredm\u00e9nye terh\u00e9re a n\u00e9met aut\u00f3gy\u00e1rak k\u00f6z\u00f6tt az emisszi\u00f3s \u00e9rt\u00e9kek m\u00e9r\u00e9s\u00e9ben l\u00e9trej\u00f6tt \u00e1ll\u00edt\u00f3lagos meg\u00e1llapod\u00e1s miatt az Eur\u00f3pai Bizotts\u00e1gn\u00e1l indult kartellvizsg\u00e1latot esetleg k\u00f6vet\u0151 b\u00edrs\u00e1g fedezetek\u00e9nt. Emiatt \u00e9ves terv\u00e9ben is 4,5-6,5 sz\u00e1zal\u00e9kos bev\u00e9telar\u00e1nyos j\u00f6vedelmez\u0151s\u00e9gre sz\u00e1m\u00edt szem\u00e9lyg\u00e9pkocsi \u00fczlet\u00e1g\u00e1ban a 2018-as 7,2 sz\u00e1zal\u00e9k ut\u00e1n.<br \/>\nA BMW csoport elad\u00e1sainak &#8222;kism\u00e9rt\u00e9k\u0171&#8221; n\u00f6veked\u00e9s\u00e9t v\u00e1rja az id\u00e9n a 2018-as 2,490 milli\u00f3 kisz\u00e1ll\u00edtott szem\u00e9lyg\u00e9pkocsi ut\u00e1n. Ad\u00f3 el\u0151tti eredm\u00e9nye a tavalyi 9,627 milli\u00e1rd eur\u00f3 ut\u00e1n az id\u00e9n 9,815 milli\u00e1rd eur\u00f3ra emelkedik, a konszernn\u00e9l foglalkoztatottak sz\u00e1ma pedig a tavalyi 135 ezres szinten stagn\u00e1l majd.<br \/>\n<a title=\"Hely megnyit\u00e1sa\" href=\"https:\/\/www.bmwgroup.com\/content\/dam\/bmw-group-websites\/bmwgroup_com\/ir\/downloads\/en\/2019\/q1\/Q1_2019_BMW_Group_EN_Online.pdf\" target=\"_blank\" rel=\"noopener noreferrer\">https:\/\/www.bmwgroup.com\/content\/dam\/bmw-group-websites\/bmwgroup_com\/ir\/downloads\/en\/2019\/q1\/Q1_2019_BMW_Group_EN_Online.pdf<\/a><\/p>\n<p>(MTI)<\/p><div id=\"gazda-1035958573\" class=\"gazda-tartalomban gazda-entity-placement\"><script async src=\"https:\/\/pagead2.googlesyndication.com\/pagead\/js\/adsbygoogle.js\"><\/script>\r\n<ins class=\"adsbygoogle\"\r\n     style=\"display:block\"\r\n     data-ad-format=\"fluid\"\r\n     data-ad-layout-key=\"-6t+ed+2i-1n-4w\"\r\n     data-ad-client=\"ca-pub-1959107119989764\"\r\n     data-ad-slot=\"4008251320\"><\/ins>\r\n<script>\r\n     (adsbygoogle = window.adsbygoogle || []).push({});\r\n<\/script><\/div>\n","protected":false},"excerpt":{"rendered":"<p>Sorban a kilencedik els\u0151 negyed\u00e9vi kisz\u00e1ll\u00edt\u00e1si rekord mellett is jelent\u0151s eredm\u00e9nycs\u00f6kken\u00e9st k\u00f6nyvelt el az els\u0151 negyed\u00e9vben a BMW AG szem\u00e9lyg\u00e9pkocsi \u00fczlet\u00e1ga a v\u00e1rhat\u00f3 uni\u00f3s kartellb\u00edrs\u00e1gra elk\u00fcl\u00f6n\u00edtett milli\u00e1rdos \u00f6sszeg miatt.<\/p>\n","protected":false},"author":1,"featured_media":0,"comment_status":"closed","ping_status":"open","sticky":false,"template":"","format":"standard","meta":[],"categories":[19],"tags":[],"_links":{"self":[{"href":"https:\/\/gazdasagportal.hu\/index.php\/wp-json\/wp\/v2\/posts\/115813"}],"collection":[{"href":"https:\/\/gazdasagportal.hu\/index.php\/wp-json\/wp\/v2\/posts"}],"about":[{"href":"https:\/\/gazdasagportal.hu\/index.php\/wp-json\/wp\/v2\/types\/post"}],"author":[{"embeddable":true,"href":"https:\/\/gazdasagportal.hu\/index.php\/wp-json\/wp\/v2\/users\/1"}],"replies":[{"embeddable":true,"href":"https:\/\/gazdasagportal.hu\/index.php\/wp-json\/wp\/v2\/comments?post=115813"}],"version-history":[{"count":1,"href":"https:\/\/gazdasagportal.hu\/index.php\/wp-json\/wp\/v2\/posts\/115813\/revisions"}],"predecessor-version":[{"id":115814,"href":"https:\/\/gazdasagportal.hu\/index.php\/wp-json\/wp\/v2\/posts\/115813\/revisions\/115814"}],"wp:attachment":[{"href":"https:\/\/gazdasagportal.hu\/index.php\/wp-json\/wp\/v2\/media?parent=115813"}],"wp:term":[{"taxonomy":"category","embeddable":true,"href":"https:\/\/gazdasagportal.hu\/index.php\/wp-json\/wp\/v2\/categories?post=115813"},{"taxonomy":"post_tag","embeddable":true,"href":"https:\/\/gazdasagportal.hu\/index.php\/wp-json\/wp\/v2\/tags?post=115813"}],"curies":[{"name":"wp","href":"https:\/\/api.w.org\/{rel}","templated":true}]}}