{"id":115791,"date":"2019-05-06T17:08:32","date_gmt":"2019-05-06T15:08:32","guid":{"rendered":"http:\/\/gazdasagportal.hu\/?p=115791"},"modified":"2019-05-06T17:08:32","modified_gmt":"2019-05-06T15:08:32","slug":"varga-mihaly-iden-is-folytatodik-a-lakasepitesek-dinamikus-bovulese","status":"publish","type":"post","link":"https:\/\/gazdasagportal.hu\/index.php\/varga-mihaly-iden-is-folytatodik-a-lakasepitesek-dinamikus-bovulese\/","title":{"rendered":"Varga Mih\u00e1ly: id\u00e9n is folytat\u00f3dik a lak\u00e1s\u00e9p\u00edt\u00e9sek dinamikus b\u0151v\u00fcl\u00e9se"},"content":{"rendered":"<p><strong>A p\u00e9nz\u00fcgyminiszter szerint id\u00e9n is folytat\u00f3dik a lak\u00e1s\u00e9p\u00edt\u00e9sek dinamikus b\u0151v\u00fcl\u00e9se, a magyar gazdas\u00e1g teljes\u00edtm\u00e9nye \u00e9s a meghozott korm\u00e1nyzati int\u00e9zked\u00e9sek szavai szerint megfelel\u0151 h\u00e1tteret adnak az \u00e9p\u00edt\u0151ipar tov\u00e1bbi n\u00f6veked\u00e9s\u00e9nek, \u00edgy a lak\u00e1s\u00e9p\u00edt\u00e9sek sz\u00e1ma ak\u00e1r 20 sz\u00e1zal\u00e9kkal is emelkedhet az id\u00e9n.<\/strong><!--more--><\/p>\n<div class=\"ads-in-post1\"><div id=\"gazdasagportal.hu_fullbanner_wideboard\"><\/div>\r\n<\/div>\n<p>    Varga Mih\u00e1ly h\u00e9tf\u0151n Budapesten a K\u00f6zponti Statisztikai Hivatal (KSH) \u00e1ltal k\u00f6zz\u00e9tett lak\u00e1s\u00e9p\u00edt\u00e9si adatokat \u00e9rt\u00e9kelte, kiemelte: az els\u0151 negyed\u00e9vben 3661 lak\u00e1s \u00e9p\u00fclt Magyarorsz\u00e1gon, csaknem  8 sz\u00e1zal\u00e9kkal t\u00f6bb, mint egy \u00e9ve. A b\u0151v\u00fcl\u00e9st a csal\u00e1dv\u00e9delmi akci\u00f3terv keret\u00e9ben kib\u0151v\u00edtett otthonteremt\u00e9si kedvezm\u00e9ny, a javul\u00f3 foglalkoztat\u00e1si \u00e9s j\u00f6vedelmi helyzet, az \u00e9l\u00e9nk\u00fcl\u0151 hitelez\u00e9s, valamint a kedvezm\u00e9nyes lak\u00e1s\u00e1fa is t\u00e1mogatta &#8211; mondta.<br \/>\n    Hozz\u00e1tette, hogy az els\u0151 h\u00e1rom h\u00f3napban a f\u0151v\u00e1rosban tov\u00e1bbra is kiemelked\u0151 m\u00e9rt\u00e9kben, m\u00e1sf\u00e9lszeres\u00e9re emelkedett az \u00e1tadott lak\u00e1sok sz\u00e1ma, m\u00edg a kiadott lak\u00e1s\u00e9p\u00edt\u00e9si enged\u00e9lyek a k\u00f6zs\u00e9gekben mutattak nagyon dinamikus, 46 sz\u00e1zal\u00e9kos emelked\u00e9st.<br \/>\n<div class=\"ads-in-post2\"><script async src=\"https:\/\/pagead2.googlesyndication.com\/pagead\/js\/adsbygoogle.js\"><\/script>\r\n<ins class=\"adsbygoogle\"\r\n     style=\"display:block\"\r\n     data-ad-format=\"fluid\"\r\n     data-ad-layout-key=\"-6t+ed+2i-1n-4w\"\r\n     data-ad-client=\"ca-pub-1959107119989764\"\r\n     data-ad-slot=\"4008251320\"><\/ins>\r\n<script>\r\n     (adsbygoogle = window.adsbygoogle || []).push({});\r\n<\/script><\/div>\n    A KSH h\u00e9tf\u0151n tette k\u00f6zz\u00e9 az els\u0151 negyed\u00e9vi adatokat: 3661 \u00faj lak\u00e1s \u00e9p\u00fclt, 7,9 sz\u00e1zal\u00e9kkal t\u00f6bb, mint egy \u00e9vvel kor\u00e1bban, a kiadott \u00e9p\u00edt\u00e9si enged\u00e9lyek \u00e9s egyszer\u0171 bejelent\u00e9sek alapj\u00e1n \u00e9p\u00edtend\u0151 lak\u00e1sok sz\u00e1ma 9639 volt, 2,1 sz\u00e1zal\u00e9kkal kevesebb, mint tavaly m\u00e1rcius v\u00e9g\u00e9n. Budapesten m\u00e1sf\u00e9lszeres\u00e9re, 50,4 sz\u00e1zal\u00e9kkal n\u0151tt az \u00e9p\u00edtett lak\u00e1sok sz\u00e1ma. Pest megye lak\u00e1s\u00e9p\u00edt\u00e9se tov\u00e1bbra is kiemelked\u0151, \u00e1m a megel\u0151z\u0151 \u00e9vhez k\u00e9pest nem n\u0151tt tov\u00e1bb. Az \u00faj lak\u00e1sok 54,2 sz\u00e1zal\u00e9k\u00e1t Budapesten \u00e9s Pest megy\u00e9ben vett\u00e9k haszn\u00e1latba.<br \/>\n    A p\u00e9nz\u00fcgyminiszter kiemelte, hogy a lak\u00e1spiaci folyamatokat a korm\u00e1nyzati int\u00e9zked\u00e9seken t\u00fal legink\u00e1bb a b\u0151v\u00fcl\u0151 foglalkoztat\u00e1s \u00e9s az emelked\u0151 re\u00e1lb\u00e9rek t\u00e1mogatt\u00e1k. Varga Mih\u00e1ly r\u00e1mutatott: az els\u0151 negyed\u00e9vben m\u00e1r mintegy 4,5 milli\u00f3 ember dolgozott Magyarorsz\u00e1gon, amihez csak janu\u00e1r-febru\u00e1rban 11,4 sz\u00e1zal\u00e9kos \u00e1tlagos b\u00e9rn\u00f6veked\u00e9s p\u00e1rosult.<br \/>\n    Hangs\u00falyozta, hogy a csal\u00e1dok m\u00e1ra ism\u00e9t b\u00e1trabban v\u00e1gnak bele a saj\u00e1t otthon megteremt\u00e9s\u00e9be, amit a lak\u00e1sc\u00e9l\u00fa megtakar\u00edt\u00e1sok mellett a hitelez\u00e9s ir\u00e1nti bizalom n\u00f6veked\u00e9se is jelez, a lak\u00e1s\u00e9p\u00edt\u00e9s\u00e9knek is k\u00f6sz\u00f6nhet\u0151en egyre jobban \u00e9l\u00e9nk\u00fcl a hitelez\u00e9s Magyarorsz\u00e1gon.<br \/>\n    A lak\u00e1s\u00e9p\u00edt\u00e9sek dinamikus emelked\u00e9s\u00e9hez az is hozz\u00e1j\u00e1rul, hogy 2023 v\u00e9g\u00e9ig kaptak halad\u00e9kot a kedvezm\u00e9nyes lak\u00e1s\u00e1fa megtart\u00e1s\u00e1ra azon lak\u00e1sok fel\u00e9p\u00edt\u00e9s\u00e9n\u00e9l, amelyek tavaly november 1. el\u0151tt rendelkeztek \u00e9p\u00edt\u00e9si enged\u00e9llyel &#8211; jelezte.<br \/>\n    A t\u00e1rcavezet\u0151 felh\u00edvta a figyelmet arra, hogy az elm\u00falt \u00e9vekben megkezdett \u00e9p\u00edtkez\u00e9sek jelent\u0151s r\u00e9sze m\u00e9g befejez\u00e9s el\u0151tt \u00e1ll, mindezek alapj\u00e1n a k\u00f6vetkez\u0151 negyed\u00e9vekben a lak\u00e1s\u00e9p\u00edt\u00e9sek sz\u00e1m\u00e1nak tov\u00e1bbi emelked\u00e9se v\u00e1rhat\u00f3.<br \/>\n    A lak\u00e1s\u00e9p\u00edt\u00e9sek b\u00edztat\u00f3 kil\u00e1t\u00e1sait t\u00e1masztja al\u00e1 az is, hogy a gazdas\u00e1gi n\u00f6veked\u00e9s a korm\u00e1ny v\u00e1rakoz\u00e1sai szerint a k\u00f6vetkez\u0151 \u00e9vekben is 4 sz\u00e1zal\u00e9k k\u00f6r\u00fcl alakul &#8211; mutatott r\u00e1 Varga Mih\u00e1ly.<br \/>\n    Egy \u00fajs\u00e1g\u00edr\u00f3i k\u00e9rd\u00e9sre a p\u00e9nz\u00fcgyminiszter elmondta: tavaly mintegy 18 ezer \u00faj lak\u00e1st \u00e9p\u00edtettek, id\u00e9n j\u00f3val 20 ezer f\u00f6l\u00e9, ak\u00e1r 23-25 ezerre is emelkedhet a fel\u00e9p\u00edtett lak\u00e1sok sz\u00e1ma.(MTI)<\/p>\n","protected":false},"excerpt":{"rendered":"<p>A p\u00e9nz\u00fcgyminiszter szerint id\u00e9n is folytat\u00f3dik a lak\u00e1s\u00e9p\u00edt\u00e9sek dinamikus b\u0151v\u00fcl\u00e9se, a magyar gazdas\u00e1g teljes\u00edtm\u00e9nye \u00e9s a meghozott korm\u00e1nyzati int\u00e9zked\u00e9sek szavai szerint megfelel\u0151 h\u00e1tteret adnak az \u00e9p\u00edt\u0151ipar tov\u00e1bbi n\u00f6veked\u00e9s\u00e9nek, \u00edgy a lak\u00e1s\u00e9p\u00edt\u00e9sek sz\u00e1ma ak\u00e1r 20 sz\u00e1zal\u00e9kkal is emelkedhet az id\u00e9n.<\/p>\n","protected":false},"author":1,"featured_media":0,"comment_status":"closed","ping_status":"open","sticky":false,"template":"","format":"standard","meta":[],"categories":[19],"tags":[],"_links":{"self":[{"href":"https:\/\/gazdasagportal.hu\/index.php\/wp-json\/wp\/v2\/posts\/115791"}],"collection":[{"href":"https:\/\/gazdasagportal.hu\/index.php\/wp-json\/wp\/v2\/posts"}],"about":[{"href":"https:\/\/gazdasagportal.hu\/index.php\/wp-json\/wp\/v2\/types\/post"}],"author":[{"embeddable":true,"href":"https:\/\/gazdasagportal.hu\/index.php\/wp-json\/wp\/v2\/users\/1"}],"replies":[{"embeddable":true,"href":"https:\/\/gazdasagportal.hu\/index.php\/wp-json\/wp\/v2\/comments?post=115791"}],"version-history":[{"count":1,"href":"https:\/\/gazdasagportal.hu\/index.php\/wp-json\/wp\/v2\/posts\/115791\/revisions"}],"predecessor-version":[{"id":115792,"href":"https:\/\/gazdasagportal.hu\/index.php\/wp-json\/wp\/v2\/posts\/115791\/revisions\/115792"}],"wp:attachment":[{"href":"https:\/\/gazdasagportal.hu\/index.php\/wp-json\/wp\/v2\/media?parent=115791"}],"wp:term":[{"taxonomy":"category","embeddable":true,"href":"https:\/\/gazdasagportal.hu\/index.php\/wp-json\/wp\/v2\/categories?post=115791"},{"taxonomy":"post_tag","embeddable":true,"href":"https:\/\/gazdasagportal.hu\/index.php\/wp-json\/wp\/v2\/tags?post=115791"}],"curies":[{"name":"wp","href":"https:\/\/api.w.org\/{rel}","templated":true}]}}