{"id":115761,"date":"2019-05-04T21:35:47","date_gmt":"2019-05-04T19:35:47","guid":{"rendered":"http:\/\/gazdasagportal.hu\/?p=115761"},"modified":"2019-05-04T21:35:47","modified_gmt":"2019-05-04T19:35:47","slug":"kozgazdasz-magyarorszag-onalloan-uzletelne-kinaval","status":"publish","type":"post","link":"https:\/\/gazdasagportal.hu\/index.php\/kozgazdasz-magyarorszag-onalloan-uzletelne-kinaval\/","title":{"rendered":"K\u00f6zgazd\u00e1sz: Magyarorsz\u00e1g \u00f6n\u00e1ll\u00f3an \u00fczletelne K\u00edn\u00e1val"},"content":{"rendered":"<p><strong>Magyarorsz\u00e1g c\u00e9lja, hogy harmadik f\u00e9l k\u00f6zbeiktat\u00e1sa n\u00e9lk\u00fcl, \u00f6n\u00e1ll\u00f3an \u00fczleteljen K\u00edn\u00e1val &#8211; mondta Boros Imre k\u00f6zgazd\u00e1sz szombat reggel az M1 aktu\u00e1lis csatorn\u00e1n.<\/strong><!--more--><\/p>\n<div class=\"ads-in-post1\"><div id=\"gazdasagportal.hu_fullbanner_wideboard\"><\/div>\r\n<\/div>\n<p>    A k\u00f6zgazd\u00e1sz elmondta, Magyarorsz\u00e1g k\u00fclkereskedelme 80 sz\u00e1zal\u00e9kban uni\u00f3s partnerekkel zajlik, de mind nagyobb hangs\u00falyt fektet a keleti orsz\u00e1gokkal, k\u00f6zt\u00fck K\u00edn\u00e1val val\u00f3 \u00fczletel\u00e9sre.<br \/>\n    Ezen a t\u00e9ren p\u00e9ld\u00e1ul a mez\u0151gazdas\u00e1gi term\u00e9kek ker\u00fclhetnek sz\u00f3ba &#8211; f\u0171zte hozz\u00e1.<br \/>\n    Megjegyezte, a K\u00edna \u00e9s Magyarorsz\u00e1g k\u00f6z\u00f6tti \u00fczleti kapcsolat a rendszerv\u00e1lt\u00e1s el\u0151tt jelent\u0151sebb volt.(MTI)<br \/>\n<div class=\"ads-in-post2\"><script async src=\"https:\/\/pagead2.googlesyndication.com\/pagead\/js\/adsbygoogle.js\"><\/script>\r\n<ins class=\"adsbygoogle\"\r\n     style=\"display:block\"\r\n     data-ad-format=\"fluid\"\r\n     data-ad-layout-key=\"-6t+ed+2i-1n-4w\"\r\n     data-ad-client=\"ca-pub-1959107119989764\"\r\n     data-ad-slot=\"4008251320\"><\/ins>\r\n<script>\r\n     (adsbygoogle = window.adsbygoogle || []).push({});\r\n<\/script><\/div>\n","protected":false},"excerpt":{"rendered":"<p>Magyarorsz\u00e1g c\u00e9lja, hogy harmadik f\u00e9l k\u00f6zbeiktat\u00e1sa n\u00e9lk\u00fcl, \u00f6n\u00e1ll\u00f3an \u00fczleteljen K\u00edn\u00e1val &#8211; mondta Boros Imre k\u00f6zgazd\u00e1sz szombat reggel az M1 aktu\u00e1lis csatorn\u00e1n.<\/p>\n","protected":false},"author":1001003,"featured_media":0,"comment_status":"closed","ping_status":"open","sticky":false,"template":"","format":"standard","meta":[],"categories":[4,19],"tags":[],"_links":{"self":[{"href":"https:\/\/gazdasagportal.hu\/index.php\/wp-json\/wp\/v2\/posts\/115761"}],"collection":[{"href":"https:\/\/gazdasagportal.hu\/index.php\/wp-json\/wp\/v2\/posts"}],"about":[{"href":"https:\/\/gazdasagportal.hu\/index.php\/wp-json\/wp\/v2\/types\/post"}],"author":[{"embeddable":true,"href":"https:\/\/gazdasagportal.hu\/index.php\/wp-json\/wp\/v2\/users\/1001003"}],"replies":[{"embeddable":true,"href":"https:\/\/gazdasagportal.hu\/index.php\/wp-json\/wp\/v2\/comments?post=115761"}],"version-history":[{"count":1,"href":"https:\/\/gazdasagportal.hu\/index.php\/wp-json\/wp\/v2\/posts\/115761\/revisions"}],"predecessor-version":[{"id":115762,"href":"https:\/\/gazdasagportal.hu\/index.php\/wp-json\/wp\/v2\/posts\/115761\/revisions\/115762"}],"wp:attachment":[{"href":"https:\/\/gazdasagportal.hu\/index.php\/wp-json\/wp\/v2\/media?parent=115761"}],"wp:term":[{"taxonomy":"category","embeddable":true,"href":"https:\/\/gazdasagportal.hu\/index.php\/wp-json\/wp\/v2\/categories?post=115761"},{"taxonomy":"post_tag","embeddable":true,"href":"https:\/\/gazdasagportal.hu\/index.php\/wp-json\/wp\/v2\/tags?post=115761"}],"curies":[{"name":"wp","href":"https:\/\/api.w.org\/{rel}","templated":true}]}}