{"id":115724,"date":"2019-05-03T11:25:11","date_gmt":"2019-05-03T09:25:11","guid":{"rendered":"http:\/\/gazdasagportal.hu\/?p=115724"},"modified":"2019-05-03T08:26:19","modified_gmt":"2019-05-03T06:26:19","slug":"nezopont-tovabb-nott-a-fidesz-kdnp-nepszerusege","status":"publish","type":"post","link":"https:\/\/gazdasagportal.hu\/index.php\/nezopont-tovabb-nott-a-fidesz-kdnp-nepszerusege\/","title":{"rendered":"N\u00e9z\u0151pont: tov\u00e1bb n\u0151tt a Fidesz-KDNP n\u00e9pszer\u0171s\u00e9ge"},"content":{"rendered":"<p><strong>N\u00f6velte n\u00e9pszer\u0171s\u00e9g\u00e9t a Fidesz-KDNP, a biztos szavaz\u00f3k 57 sz\u00e1zal\u00e9ka a korm\u00e1nyp\u00e1rtokat v\u00e1lasztan\u00e1 &#8211; olvashat\u00f3 a N\u00e9z\u0151pont Int\u00e9zet legfrissebb k\u00f6zv\u00e9lem\u00e9ny-kutat\u00e1s\u00e1ban, amely r\u00e9szleteit p\u00e9nteken k\u00f6z\u00f6lt\u00e9k az MTI-vel. A reprezentat\u00edv kutat\u00e1st 5000 ember szem\u00e9lyes megk\u00e9rdez\u00e9s\u00e9vel k\u00e9sz\u00edtett\u00e9k \u00e1prilis 1-26. k\u00f6z\u00f6tt.<\/strong><!--more--><\/p>\n<div class=\"ads-in-post1\"><div id=\"gazdasagportal.hu_fullbanner_wideboard\"><\/div>\r\n<\/div>\n<p>    Az adatok szerint a korm\u00e1nyp\u00e1rtok t\u00e1mogatotts\u00e1ga egy sz\u00e1zal\u00e9kponttal magasabb a m\u00e1rciusi adatn\u00e1l \u00e9s t\u00edz sz\u00e1zal\u00e9kponttal haladja meg a 2018 \u00e1prilisi orsz\u00e1ggy\u0171l\u00e9si v\u00e1laszt\u00e1s belf\u00f6ldi list\u00e1s eredm\u00e9ny\u00e9t.<br \/>\n    A Jobbik \u00e9s az MSZP-P\u00e1rbesz\u00e9d t\u00e1bora n\u00e9mileg, hibahat\u00e1ron bel\u00fcl zsugorodott m\u00e1rcius \u00f3ta: el\u0151bbi 12 sz\u00e1zal\u00e9kr\u00f3l 11 sz\u00e1zal\u00e9kra rontott, ut\u00f3bbi pedig 11-r\u0151l 10 sz\u00e1zal\u00e9kra.<br \/>\n    A N\u00e9z\u0151pont Int\u00e9zet becsl\u00e9se szerint a magyar mand\u00e1tumok k\u00e9tharmad\u00e1t, azaz 14 k\u00e9pvisel\u0151i helyet szerezne a Fidesz-KDNP egy most vas\u00e1rnapi EP-v\u00e1laszt\u00e1son. Ez azt jelenti, hogy jelenlegihez k\u00e9pest kett\u0151vel t\u00f6bb politikust k\u00fcldhetne az uni\u00f3s t\u00f6rv\u00e9nyhoz\u00e1sba.<br \/>\n     A Jobbik \u00e9s az MSZP-P k\u00e9t-k\u00e9t mand\u00e1tumra sz\u00e1m\u00edthat, ak\u00e1rcsak a h\u00f3nap nyertes\u00e9nek tekinthet\u0151 DK, amely 6 sz\u00e1zal\u00e9kr\u00f3l 8 sz\u00e1zal\u00e9kra n\u00f6velte t\u00e1mogatotts\u00e1g\u00e1t. A p\u00e1rt hagyom\u00e1nyosan akt\u00edv t\u00e1bor\u00e1val m\u00e9g meglepet\u00e9st is okozhat a kamp\u00e1nyhajr\u00e1ban az elemz\u00e9s szerint.<br \/>\n<div class=\"ads-in-post2\"><script async src=\"https:\/\/pagead2.googlesyndication.com\/pagead\/js\/adsbygoogle.js\"><\/script>\r\n<ins class=\"adsbygoogle\"\r\n     style=\"display:block\"\r\n     data-ad-format=\"fluid\"\r\n     data-ad-layout-key=\"-6t+ed+2i-1n-4w\"\r\n     data-ad-client=\"ca-pub-1959107119989764\"\r\n     data-ad-slot=\"4008251320\"><\/ins>\r\n<script>\r\n     (adsbygoogle = window.adsbygoogle || []).push({});\r\n<\/script><\/div>\n    A jelenlegi \u00e1ll\u00e1s szerint a Jobbikb\u00f3l Gy\u00f6ngy\u00f6si M\u00e1rton mellett a jelenleg is az EP-ben dolgoz\u00f3 Balcz\u00f3 Zolt\u00e1n lehet tagja a k\u00f6vetkez\u0151 ciklus parlamentj\u00e9nek. Az MSZP jelenlegi k\u00e9pvisel\u0151inek, Ujhelyi Istv\u00e1nnak \u00e9s Szanyi Tibornak szerezhet \u00fajabb mand\u00e1tumokat, a DK pedig Dobrev Kl\u00e1ra mellett a 2014 \u00f3ta szint\u00e9n EP-tag Moln\u00e1r Csab\u00e1t deleg\u00e1lhatja.<br \/>\n    M\u00e1rciusr\u00f3l \u00e1prilisra helyet cser\u00e9lt a Momentum \u00e9s az LMP. El\u0151bbi egy sz\u00e1zal\u00e9kpontot jav\u00edtva 5 sz\u00e1zal\u00e9kon \u00e1ll, ut\u00f3bbi ugyanennyit rontva 4 sz\u00e1zal\u00e9kon, V\u00e1g\u00f3 G\u00e1bor helyett \u00edgy Cseh Katalin juthat mand\u00e1tumhoz. Ezekn\u00e9l a p\u00e1rtokn\u00e1l is kiemelten fontos lesz az aktiviz\u00e1l\u00e1s sikere, v\u00e9g\u00fcl az is el\u0151fordulhat, hogy mind a k\u00e9t kis p\u00e1rt mand\u00e1tumhoz jut, illetve az is, hogy egyik sem &#8211; \u00edrt\u00e1k.<br \/>\n    A K\u00e9tfark\u00fa Kutyap\u00e1rt 3, a Mi Haz\u00e1nk pedig 2 sz\u00e1zal\u00e9kos szavazatar\u00e1nyra sz\u00e1m\u00edthat. A N\u00e9z\u0151pont elemz\u00e9se szerint a kamp\u00e1ny utols\u00f3 heteiben nagy harc v\u00e1rhat\u00f3, amelyben az ellenz\u00e9ki p\u00e1rtok egym\u00e1s ellen fordulhatnak.<br \/>\n    A Fidesz-KDNP t\u00e1bora stabil, \u00edgy az ellenz\u00e9ki p\u00e1rtok csak egym\u00e1st\u00f3l tudnak elcs\u00e1b\u00edtani szavaz\u00f3kat, amire sz\u00fcks\u00e9g\u00fck is lesz egyr\u00e9szt a min\u00e9l jobb EP-v\u00e1laszt\u00e1si eredm\u00e9ny el\u00e9r\u00e9se \u00e9rdek\u00e9ben, m\u00e1sr\u00e9szt az\u00e9rt, hogy az \u00f6nkorm\u00e1nyzati v\u00e1laszt\u00e1st megel\u0151z\u0151en min\u00e9l jobb alkupoz\u00edci\u00f3ba ker\u00fclhessenek egym\u00e1ssal szemben &#8211; k\u00f6z\u00f6lt\u00e9k.<br \/>\n    A teljes n\u00e9pess\u00e9gen bel\u00fcl a Fidesz-KDNP 42, a Jobbik \u00e9s az MSZP-P\u00e1rbesz\u00e9d sz\u00f6vets\u00e9g 7, a DK 4, az LMP 3, a Momentum \u00e9s az MKKP 2, a Mi Haz\u00e1nk pedig 1 sz\u00e1zal\u00e9kon \u00e1ll &#8211; olvashat\u00f3 a k\u00f6zlem\u00e9nyben.(MTI)<\/p>\n","protected":false},"excerpt":{"rendered":"<p>N\u00f6velte n\u00e9pszer\u0171s\u00e9g\u00e9t a Fidesz-KDNP, a biztos szavaz\u00f3k 57 sz\u00e1zal\u00e9ka a korm\u00e1nyp\u00e1rtokat v\u00e1lasztan\u00e1 &#8211; olvashat\u00f3 a N\u00e9z\u0151pont Int\u00e9zet legfrissebb k\u00f6zv\u00e9lem\u00e9ny-kutat\u00e1s\u00e1ban, amely r\u00e9szleteit p\u00e9nteken k\u00f6z\u00f6lt\u00e9k az MTI-vel. A reprezentat\u00edv kutat\u00e1st 5000 ember szem\u00e9lyes megk\u00e9rdez\u00e9s\u00e9vel k\u00e9sz\u00edtett\u00e9k \u00e1prilis 1-26. k\u00f6z\u00f6tt.<\/p>\n","protected":false},"author":1,"featured_media":0,"comment_status":"closed","ping_status":"open","sticky":false,"template":"","format":"standard","meta":[],"categories":[4],"tags":[],"_links":{"self":[{"href":"https:\/\/gazdasagportal.hu\/index.php\/wp-json\/wp\/v2\/posts\/115724"}],"collection":[{"href":"https:\/\/gazdasagportal.hu\/index.php\/wp-json\/wp\/v2\/posts"}],"about":[{"href":"https:\/\/gazdasagportal.hu\/index.php\/wp-json\/wp\/v2\/types\/post"}],"author":[{"embeddable":true,"href":"https:\/\/gazdasagportal.hu\/index.php\/wp-json\/wp\/v2\/users\/1"}],"replies":[{"embeddable":true,"href":"https:\/\/gazdasagportal.hu\/index.php\/wp-json\/wp\/v2\/comments?post=115724"}],"version-history":[{"count":1,"href":"https:\/\/gazdasagportal.hu\/index.php\/wp-json\/wp\/v2\/posts\/115724\/revisions"}],"predecessor-version":[{"id":115725,"href":"https:\/\/gazdasagportal.hu\/index.php\/wp-json\/wp\/v2\/posts\/115724\/revisions\/115725"}],"wp:attachment":[{"href":"https:\/\/gazdasagportal.hu\/index.php\/wp-json\/wp\/v2\/media?parent=115724"}],"wp:term":[{"taxonomy":"category","embeddable":true,"href":"https:\/\/gazdasagportal.hu\/index.php\/wp-json\/wp\/v2\/categories?post=115724"},{"taxonomy":"post_tag","embeddable":true,"href":"https:\/\/gazdasagportal.hu\/index.php\/wp-json\/wp\/v2\/tags?post=115724"}],"curies":[{"name":"wp","href":"https:\/\/api.w.org\/{rel}","templated":true}]}}