{"id":115658,"date":"2019-04-30T20:49:27","date_gmt":"2019-04-30T18:49:27","guid":{"rendered":"http:\/\/gazdasagportal.hu\/?p=115658"},"modified":"2019-04-30T20:49:27","modified_gmt":"2019-04-30T18:49:27","slug":"haztetoket-tepett-le-jarmuveket-boritott-fel-a-szelvihar-romaniaban","status":"publish","type":"post","link":"https:\/\/gazdasagportal.hu\/index.php\/haztetoket-tepett-le-jarmuveket-boritott-fel-a-szelvihar-romaniaban\/","title":{"rendered":"H\u00e1ztet\u0151ket t\u00e9pett le, j\u00e1rm\u0171veket bor\u00edtott fel a sz\u00e9lvihar Rom\u00e1ni\u00e1ban"},"content":{"rendered":"<p><strong>Tucatnyi h\u00e1zr\u00f3l t\u00e9pte le a tet\u0151t \u00e9s egy utasokkal teli aut\u00f3buszt is felbor\u00edtott a viharos erej\u0171 sz\u00e9l kedden a d\u00e9l-rom\u00e1niai Calarasi megy\u00e9ben, ahol a k\u00f6z\u00f6ss\u00e9gi oldalakra felt\u00f6lt\u00f6tt vide\u00f3-felv\u00e9telek tan\u00fas\u00e1ga szerint forg\u00f3sz\u00e9l s\u00f6p\u00f6rt v\u00e9gig.<\/strong><!--more--><\/p>\n<div class=\"ads-in-post1\"><div id=\"gazdasagportal.hu_fullbanner_wideboard\"><\/div>\r\n<\/div>\n<p>    Az \u00f3r\u00e1nk\u00e9nt kilencven kilom\u00e9teres sebess\u00e9g\u0171 sz\u00e9lben egy zar\u00e1ndokokat sz\u00e1ll\u00edt\u00f3 busz lesodr\u00f3dott az \u00fatr\u00f3l Constantin Brancoveanu telep\u00fcl\u00e9s t\u00e9rs\u00e9g\u00e9ben \u00e9s felborult a mez\u0151n. A 39 utas k\u00f6z\u00fcl h\u00e9t szorult k\u00f3rh\u00e1zi kezel\u00e9sre, egyik\u00fck s\u00e9r\u00fcl\u00e9sei s\u00falyosak.<br \/>\n    Drajna telep\u00fcl\u00e9s t\u00e9rs\u00e9g\u00e9ben 16 lak\u00f3h\u00e1zr\u00f3l t\u00e9pte le a tet\u0151zetet a sz\u00e9lvihar.<br \/>\n    A szomsz\u00e9dos Ialomita megy\u00e9ben, Tandarei v\u00e1ros ipari \u00f6vezet\u00e9ben egy rakom\u00e1ny n\u00e9lk\u00fcli nyerges-vontat\u00f3t bor\u00edtott fel a sz\u00e9l. A g\u00e9pkocsivezet\u0151t a helysz\u00ednen l\u00e1tt\u00e1k el a ment\u0151s\u00f6k, k\u00f3rh\u00e1zba utal\u00e1s\u00e1t elutas\u00edtotta.<br \/>\n<div class=\"ads-in-post2\"><script async src=\"https:\/\/pagead2.googlesyndication.com\/pagead\/js\/adsbygoogle.js\"><\/script>\r\n<ins class=\"adsbygoogle\"\r\n     style=\"display:block\"\r\n     data-ad-format=\"fluid\"\r\n     data-ad-layout-key=\"-6t+ed+2i-1n-4w\"\r\n     data-ad-client=\"ca-pub-1959107119989764\"\r\n     data-ad-slot=\"4008251320\"><\/ins>\r\n<script>\r\n     (adsbygoogle = window.adsbygoogle || []).push({});\r\n<\/script><\/div>\n    A Rom\u00e1nia d\u00e9li r\u00e9sz\u00e9n kedden \u00e1tvonult zivatarok m\u00e1sutt is villanyp\u00f3zn\u00e1kat \u00e9s f\u00e1kat d\u00f6nt\u00f6ttek ki. Prahova megy\u00e9ben jelent\u0151s mennyis\u00e9g\u0171 j\u00e9ges\u0151 okozott k\u00e1rokat. A megye t\u00f6bb telep\u00fcl\u00e9s\u00e9n el\u00f6nt\u00f6tt pinc\u00e9khez \u00e9s gazdas\u00e1gi \u00e9p\u00fcletekhez riasztott\u00e1k a katasztr\u00f3fav\u00e9delmet, hogy kiszivatty\u00fazz\u00e1k a vizet.<br \/>\n    Rom\u00e1nia d\u00e9li megy\u00e9iben szerda estig \u00e9rv\u00e9nyben marad a meteorol\u00f3giai szolg\u00e1lat \u00e1ltal kiadott s\u00e1rga (els\u0151fok\u00fa) riaszt\u00e1s, a t\u00e9rs\u00e9gben ugyanis tov\u00e1bbra is sz\u00e9lviharok alakulhatnak ki, \u00f3r\u00e1nk\u00e9nt 70-75 kilom\u00e9teres sebess\u00e9g\u0171 sz\u00e9ll\u00f6k\u00e9sekkel.<br \/>\n(MTI)<\/p>\n","protected":false},"excerpt":{"rendered":"<p>Tucatnyi h\u00e1zr\u00f3l t\u00e9pte le a tet\u0151t \u00e9s egy utasokkal teli aut\u00f3buszt is felbor\u00edtott a viharos erej\u0171 sz\u00e9l kedden a d\u00e9l-rom\u00e1niai Calarasi megy\u00e9ben, ahol a k\u00f6z\u00f6ss\u00e9gi oldalakra felt\u00f6lt\u00f6tt vide\u00f3-felv\u00e9telek tan\u00fas\u00e1ga szerint forg\u00f3sz\u00e9l s\u00f6p\u00f6rt v\u00e9gig.<\/p>\n","protected":false},"author":1001003,"featured_media":0,"comment_status":"closed","ping_status":"open","sticky":false,"template":"","format":"standard","meta":[],"categories":[12],"tags":[],"_links":{"self":[{"href":"https:\/\/gazdasagportal.hu\/index.php\/wp-json\/wp\/v2\/posts\/115658"}],"collection":[{"href":"https:\/\/gazdasagportal.hu\/index.php\/wp-json\/wp\/v2\/posts"}],"about":[{"href":"https:\/\/gazdasagportal.hu\/index.php\/wp-json\/wp\/v2\/types\/post"}],"author":[{"embeddable":true,"href":"https:\/\/gazdasagportal.hu\/index.php\/wp-json\/wp\/v2\/users\/1001003"}],"replies":[{"embeddable":true,"href":"https:\/\/gazdasagportal.hu\/index.php\/wp-json\/wp\/v2\/comments?post=115658"}],"version-history":[{"count":1,"href":"https:\/\/gazdasagportal.hu\/index.php\/wp-json\/wp\/v2\/posts\/115658\/revisions"}],"predecessor-version":[{"id":115659,"href":"https:\/\/gazdasagportal.hu\/index.php\/wp-json\/wp\/v2\/posts\/115658\/revisions\/115659"}],"wp:attachment":[{"href":"https:\/\/gazdasagportal.hu\/index.php\/wp-json\/wp\/v2\/media?parent=115658"}],"wp:term":[{"taxonomy":"category","embeddable":true,"href":"https:\/\/gazdasagportal.hu\/index.php\/wp-json\/wp\/v2\/categories?post=115658"},{"taxonomy":"post_tag","embeddable":true,"href":"https:\/\/gazdasagportal.hu\/index.php\/wp-json\/wp\/v2\/tags?post=115658"}],"curies":[{"name":"wp","href":"https:\/\/api.w.org\/{rel}","templated":true}]}}