{"id":115648,"date":"2019-04-30T17:10:42","date_gmt":"2019-04-30T15:10:42","guid":{"rendered":"http:\/\/gazdasagportal.hu\/?p=115648"},"modified":"2019-04-30T17:10:42","modified_gmt":"2019-04-30T15:10:42","slug":"szennyezett-koolaj-a-koolaj-biztonsagi-keszlet-reszleges-felszabaditasarol-dontottek","status":"publish","type":"post","link":"https:\/\/gazdasagportal.hu\/index.php\/szennyezett-koolaj-a-koolaj-biztonsagi-keszlet-reszleges-felszabaditasarol-dontottek\/","title":{"rendered":"Szennyezett k\u0151olaj &#8211; A k\u0151olaj biztons\u00e1gi k\u00e9szlet r\u00e9szleges felszabad\u00edt\u00e1s\u00e1r\u00f3l d\u00f6nt\u00f6ttek"},"content":{"rendered":"<p><strong>Az alternat\u00edv beszerz\u00e9si lehet\u0151s\u00e9geknek \u00e9s a magyarorsz\u00e1gi k\u0151olaj biztons\u00e1gi k\u00e9szletez\u00e9si rendszernek k\u00f6sz\u00f6nhet\u0151en zavartalan a hazai \u00fczemanyagpiac ell\u00e1t\u00e1sa az oroszorsz\u00e1gi k\u0151olajszennyez\u00e9s miatt le\u00e1ll\u00edtott sz\u00e1ll\u00edt\u00e1s ellen\u00e9re &#8211; mondta Kaderj\u00e1k P\u00e9ter, az Innov\u00e1ci\u00f3s \u00e9s Technol\u00f3giai Miniszt\u00e9rium (ITM) energia\u00fcgyek\u00e9rt \u00e9s kl\u00edmapolitik\u00e1\u00e9rt felel\u0151s \u00e1llamtitk\u00e1ra keddi budapesti sajt\u00f3t\u00e1j\u00e9koztat\u00f3j\u00e1n.<\/strong><!--more--><\/p>\n<div class=\"ads-in-post1\"><div id=\"gazdasagportal.hu_fullbanner_wideboard\"><\/div>\r\n<\/div>\n<p>    K\u00f6z\u00f6lte: az energiapolitik\u00e1\u00e9rt felel\u0151s innov\u00e1ci\u00f3s miniszter, Palkovics L\u00e1szl\u00f3 kedden a k\u0151olaj biztons\u00e1gi k\u00e9szlet r\u00e9szleges felszabad\u00edt\u00e1s\u00e1r\u00f3l d\u00f6nt\u00f6tt, ezzel 400 ezer tonna nyersolaj v\u00e1lik el\u00e9rhet\u0151v\u00e9 a Mol sz\u00e1m\u00e1ra.<br \/>\n    Ez a mennyis\u00e9g a biztons\u00e1gi k\u0151olajk\u00e9szlet t\u00f6bb mint 60 sz\u00e1zal\u00e9ka, de a teljes k\u0151olaj \u00e9s k\u0151olajterm\u00e9k biztons\u00e1gi k\u00e9szlet kevesebb mint 30 sz\u00e1zal\u00e9ka &#8211; tette hozz\u00e1.<br \/>\n    Az \u00e1llamtitk\u00e1r felid\u00e9zte, hogy \u00e1prilis 19-\u00e9n szerves kl\u00f3rvegy\u00fclet-szennyez\u0151d\u00e9st \u00e9szleltek a Magyarorsz\u00e1g ell\u00e1t\u00e1s\u00e1t is d\u00f6nt\u0151en biztos\u00edt\u00f3 Bar\u00e1ts\u00e1g k\u0151olajvezet\u00e9kben. A Mol m\u00falt p\u00e9nteken d\u00f6nt\u00f6tt az \u00e1tv\u00e9tel le\u00e1ll\u00edt\u00e1s\u00e1r\u00f3l.<br \/>\n<div class=\"ads-in-post2\"><script async src=\"https:\/\/pagead2.googlesyndication.com\/pagead\/js\/adsbygoogle.js\"><\/script>\r\n<ins class=\"adsbygoogle\"\r\n     style=\"display:block\"\r\n     data-ad-format=\"fluid\"\r\n     data-ad-layout-key=\"-6t+ed+2i-1n-4w\"\r\n     data-ad-client=\"ca-pub-1959107119989764\"\r\n     data-ad-slot=\"4008251320\"><\/ins>\r\n<script>\r\n     (adsbygoogle = window.adsbygoogle || []).push({});\r\n<\/script><\/div>\n    Az alternat\u00edv ell\u00e1t\u00e1s biztos\u00edt\u00e1sa \u00e9rdek\u00e9ben a Mol-csoport igyekszik fokozni az Adria-vezet\u00e9ken kereszt\u00fcli besz\u00e1ll\u00edt\u00e1sokat, de emellett a sz\u00e1zhalombattai finom\u00edt\u00f3 ell\u00e1t\u00e1sa \u00e9rdek\u00e9ben sz\u00fcks\u00e9gess\u00e9 v\u00e1lt a biztons\u00e1gi k\u0151olajk\u00e9szletek felszabad\u00edt\u00e1sa &#8211; mondta Kaderj\u00e1k P\u00e9ter.<br \/>\n    Hozz\u00e1tette, hogy a Molnak \u00e9rt\u00e9kes\u00edtett mennyis\u00e9get az \u00e9v v\u00e9g\u00e9ig visszap\u00f3tolj\u00e1k.<br \/>\n    Az \u00e1llamtitk\u00e1r ismertette: a szerves kl\u00f3rvegy\u00fcletek magas koncentr\u00e1ci\u00f3ban m\u00e1r r\u00f6vid t\u00e1von is jelent\u0151s korr\u00f3zi\u00f3t okoznak a finom\u00edt\u00f3i technol\u00f3giai rendszerekben.<br \/>\n    Arr\u00f3l egyel\u0151re nincs inform\u00e1ci\u00f3, hogy a Bar\u00e1ts\u00e1g vezet\u00e9ken sz\u00e1ll\u00edtott k\u0151olaj szervesklorid-tartalma mikorra \u00e1llhat vissza a szennyez\u00e9s el\u0151tti szintre &#8211; k\u00f6z\u00f6lte.<br \/>\n    Kaderj\u00e1k P\u00e9ter \u00fagy fogalmazott: a helyzet komoly, de kezelhet\u0151. A k\u0151olaj \u00e9s k\u0151olajterm\u00e9k k\u00e9szletez\u00e9s rendszer\u00e9nek fenntart\u00e1sa mellett az elm\u00falt \u00e9vekben megt\u00f6rt\u00e9ntek azok a fejleszt\u00e9sek, amelyek megteremtett\u00e9k a t\u00f6bb l\u00e1bon \u00e1ll\u00e1s lehet\u0151s\u00e9g\u00e9t a hazai olajipar ter\u00fclet\u00e9n is &#8211; hangs\u00falyozta.<br \/>\n    Az \u00e1llamtitk\u00e1r kiemelte, hogy az Adria k\u0151olajvezet\u00e9k alternat\u00edv cs\u0151vezet\u00e9kes \u00f6sszek\u00f6ttet\u00e9s Magyarorsz\u00e1g sz\u00e1m\u00e1ra. A vezet\u00e9k 20 milli\u00f3 tonna \u00e9ves sz\u00e1ll\u00edt\u00e1si kapacit\u00e1s\u00fa, Magyarorsz\u00e1gra 14 milli\u00f3 tonna k\u0151olaj eljuttat\u00e1s\u00e1ra alkalmas, ami megegyezik a sz\u00e1zhalombattai \u00e9s a pozsonyi finom\u00edt\u00f3k egy\u00fcttes kapacit\u00e1s\u00e1val. Az Adria a Bar\u00e1ts\u00e1g-vezet\u00e9k esetleges tart\u00f3sabb kies\u00e9se eset\u00e9n is teljes ell\u00e1t\u00e1si garanci\u00e1t jelent Magyarorsz\u00e1gnak &#8211; jelezte.<br \/>\n    Kaderj\u00e1k P\u00e9ter kit\u00e9rt arra, hogy az ITM folyamatosan figyelemmel k\u00eds\u00e9ri a helyzetet, sz\u00fcks\u00e9g eset\u00e9n tov\u00e1bbi int\u00e9zked\u00e9seket is hoz.<br \/>\n    K\u00e9rd\u00e9sre v\u00e1laszolva az \u00e1llamtitk\u00e1r k\u00f6z\u00f6lte: a felszabad\u00edtott biztons\u00e1gi k\u00e9szlet m\u00e1sf\u00e9l-k\u00e9t h\u00f3napra elegend\u0151 mennyis\u00e9get jelenthet a sz\u00e1zhalombattai finom\u00edt\u00f3nak.(MTI)<\/p>\n","protected":false},"excerpt":{"rendered":"<p>Az alternat\u00edv beszerz\u00e9si lehet\u0151s\u00e9geknek \u00e9s a magyarorsz\u00e1gi k\u0151olaj biztons\u00e1gi k\u00e9szletez\u00e9si rendszernek k\u00f6sz\u00f6nhet\u0151en zavartalan a hazai \u00fczemanyagpiac ell\u00e1t\u00e1sa az oroszorsz\u00e1gi k\u0151olajszennyez\u00e9s miatt le\u00e1ll\u00edtott sz\u00e1ll\u00edt\u00e1s ellen\u00e9re &#8211; mondta Kaderj\u00e1k P\u00e9ter, az Innov\u00e1ci\u00f3s \u00e9s Technol\u00f3giai Miniszt\u00e9rium (ITM) energia\u00fcgyek\u00e9rt \u00e9s kl\u00edmapolitik\u00e1\u00e9rt felel\u0151s \u00e1llamtitk\u00e1ra keddi budapesti sajt\u00f3t\u00e1j\u00e9koztat\u00f3j\u00e1n.<\/p>\n","protected":false},"author":1,"featured_media":0,"comment_status":"closed","ping_status":"open","sticky":false,"template":"","format":"standard","meta":[],"categories":[19],"tags":[],"_links":{"self":[{"href":"https:\/\/gazdasagportal.hu\/index.php\/wp-json\/wp\/v2\/posts\/115648"}],"collection":[{"href":"https:\/\/gazdasagportal.hu\/index.php\/wp-json\/wp\/v2\/posts"}],"about":[{"href":"https:\/\/gazdasagportal.hu\/index.php\/wp-json\/wp\/v2\/types\/post"}],"author":[{"embeddable":true,"href":"https:\/\/gazdasagportal.hu\/index.php\/wp-json\/wp\/v2\/users\/1"}],"replies":[{"embeddable":true,"href":"https:\/\/gazdasagportal.hu\/index.php\/wp-json\/wp\/v2\/comments?post=115648"}],"version-history":[{"count":1,"href":"https:\/\/gazdasagportal.hu\/index.php\/wp-json\/wp\/v2\/posts\/115648\/revisions"}],"predecessor-version":[{"id":115649,"href":"https:\/\/gazdasagportal.hu\/index.php\/wp-json\/wp\/v2\/posts\/115648\/revisions\/115649"}],"wp:attachment":[{"href":"https:\/\/gazdasagportal.hu\/index.php\/wp-json\/wp\/v2\/media?parent=115648"}],"wp:term":[{"taxonomy":"category","embeddable":true,"href":"https:\/\/gazdasagportal.hu\/index.php\/wp-json\/wp\/v2\/categories?post=115648"},{"taxonomy":"post_tag","embeddable":true,"href":"https:\/\/gazdasagportal.hu\/index.php\/wp-json\/wp\/v2\/tags?post=115648"}],"curies":[{"name":"wp","href":"https:\/\/api.w.org\/{rel}","templated":true}]}}