{"id":115646,"date":"2019-04-30T16:42:04","date_gmt":"2019-04-30T14:42:04","guid":{"rendered":"http:\/\/gazdasagportal.hu\/?p=115646"},"modified":"2019-04-30T16:42:04","modified_gmt":"2019-04-30T14:42:04","slug":"baleset-miatt-torlodik-a-forgalom-az-m0-son","status":"publish","type":"post","link":"https:\/\/gazdasagportal.hu\/index.php\/baleset-miatt-torlodik-a-forgalom-az-m0-son\/","title":{"rendered":"Baleset miatt torl\u00f3dik a forgalom az M0-son"},"content":{"rendered":"<p><strong>T\u00f6bb aut\u00f3 \u00fctk\u00f6z\u00f6tt \u00f6ssze az M0-s aut\u00f3\u00fat Megyeri h\u00edd fel\u00e9 vezet\u0151 szakasz\u00e1n kedd d\u00e9lut\u00e1n, lez\u00e1rt\u00e1k a k\u00fcls\u0151 s\u00e1vot, h\u00e1rom kilom\u00e9teres torl\u00f3d\u00e1sra kell sz\u00e1m\u00edtani &#8211; k\u00f6z\u00f6lte a rend\u0151rs\u00e9g \u00e9s az \u00datinform.<\/strong><!--more--><\/p>\n<div class=\"ads-in-post1\"><div id=\"gazdasagportal.hu_fullbanner_wideboard\"><\/div>\r\n<\/div>\n<p>    A Pest Megyei Rend\u0151r-f\u0151kapit\u00e1nys\u00e1g a police.hu-n k\u00f6z\u00f6lte: Budapest IV. ker\u00fclet\u00e9nek t\u00e9rs\u00e9g\u00e9ben torl\u00f3d\u00e1sra kell sz\u00e1m\u00edtani. Az els\u0151 adatok szerint a balesetben ketten megs\u00e9r\u00fcltek.<br \/>\n    A k\u00fcls\u0151 s\u00e1v lez\u00e1r\u00e1sa a helysz\u00ednel\u00e9s \u00e9s a m\u0171szaki ment\u00e9s idej\u00e9ig tart.<br \/>\n    Az \u00datinform a honlapj\u00e1n azt \u00edrta: az M2-es csom\u00f3pont el\u0151tt, a 70-es \u00e9s a 71-es kilom\u00e9ter k\u00f6z\u00f6tt t\u00f6rt\u00e9nt a baleset.(MTI)<br \/>\n<div class=\"ads-in-post2\"><script async src=\"https:\/\/pagead2.googlesyndication.com\/pagead\/js\/adsbygoogle.js\"><\/script>\r\n<ins class=\"adsbygoogle\"\r\n     style=\"display:block\"\r\n     data-ad-format=\"fluid\"\r\n     data-ad-layout-key=\"-6t+ed+2i-1n-4w\"\r\n     data-ad-client=\"ca-pub-1959107119989764\"\r\n     data-ad-slot=\"4008251320\"><\/ins>\r\n<script>\r\n     (adsbygoogle = window.adsbygoogle || []).push({});\r\n<\/script><\/div>\n","protected":false},"excerpt":{"rendered":"<p>T\u00f6bb aut\u00f3 \u00fctk\u00f6z\u00f6tt \u00f6ssze az M0-s aut\u00f3\u00fat Megyeri h\u00edd fel\u00e9 vezet\u0151 szakasz\u00e1n kedd d\u00e9lut\u00e1n, lez\u00e1rt\u00e1k a k\u00fcls\u0151 s\u00e1vot, h\u00e1rom kilom\u00e9teres torl\u00f3d\u00e1sra kell sz\u00e1m\u00edtani &#8211; k\u00f6z\u00f6lte a rend\u0151rs\u00e9g \u00e9s az \u00datinform.<\/p>\n","protected":false},"author":1,"featured_media":0,"comment_status":"closed","ping_status":"open","sticky":false,"template":"","format":"standard","meta":[],"categories":[4],"tags":[],"_links":{"self":[{"href":"https:\/\/gazdasagportal.hu\/index.php\/wp-json\/wp\/v2\/posts\/115646"}],"collection":[{"href":"https:\/\/gazdasagportal.hu\/index.php\/wp-json\/wp\/v2\/posts"}],"about":[{"href":"https:\/\/gazdasagportal.hu\/index.php\/wp-json\/wp\/v2\/types\/post"}],"author":[{"embeddable":true,"href":"https:\/\/gazdasagportal.hu\/index.php\/wp-json\/wp\/v2\/users\/1"}],"replies":[{"embeddable":true,"href":"https:\/\/gazdasagportal.hu\/index.php\/wp-json\/wp\/v2\/comments?post=115646"}],"version-history":[{"count":1,"href":"https:\/\/gazdasagportal.hu\/index.php\/wp-json\/wp\/v2\/posts\/115646\/revisions"}],"predecessor-version":[{"id":115647,"href":"https:\/\/gazdasagportal.hu\/index.php\/wp-json\/wp\/v2\/posts\/115646\/revisions\/115647"}],"wp:attachment":[{"href":"https:\/\/gazdasagportal.hu\/index.php\/wp-json\/wp\/v2\/media?parent=115646"}],"wp:term":[{"taxonomy":"category","embeddable":true,"href":"https:\/\/gazdasagportal.hu\/index.php\/wp-json\/wp\/v2\/categories?post=115646"},{"taxonomy":"post_tag","embeddable":true,"href":"https:\/\/gazdasagportal.hu\/index.php\/wp-json\/wp\/v2\/tags?post=115646"}],"curies":[{"name":"wp","href":"https:\/\/api.w.org\/{rel}","templated":true}]}}