{"id":115633,"date":"2019-04-30T14:48:51","date_gmt":"2019-04-30T12:48:51","guid":{"rendered":"http:\/\/gazdasagportal.hu\/?p=115633"},"modified":"2019-04-30T14:48:51","modified_gmt":"2019-04-30T12:48:51","slug":"jelentosen-romlott-a-lufthansa-csoport-penzugyi-helyzete-az-elso-negyedevben","status":"publish","type":"post","link":"https:\/\/gazdasagportal.hu\/index.php\/jelentosen-romlott-a-lufthansa-csoport-penzugyi-helyzete-az-elso-negyedevben\/","title":{"rendered":"Jelent\u0151sen romlott a Lufthansa-csoport p\u00e9nz\u00fcgyi helyzete az els\u0151 negyed\u00e9vben"},"content":{"rendered":"<p><strong>Jelent\u0151sen romlott a n\u00e9met Lufthansa-csoport p\u00e9nz\u00fcgyi helyzete a m\u00e1rcius 31-\u00e9vel z\u00e1r\u00f3dott els\u0151 negyed\u00e9vben a tavalyihoz k\u00e9pest, a legt\u00f6bb p\u00e9nzt a diszkont l\u00e9git\u00e1rsas\u00e1gok \u00fczemel\u00e9se vitte el &#8211; der\u00fcl ki a Lufthansa-csoport honlapj\u00e1n kedden k\u00f6zz\u00e9tett p\u00e9nz\u00fcgyi jelent\u00e9sb\u0151l.<\/strong><!--more--><\/p>\n<div class=\"ads-in-post1\"><div id=\"gazdasagportal.hu_fullbanner_wideboard\"><\/div>\r\n<\/div>\n<p>    Az adatok szerint az \u00f6t l\u00e9git\u00e1rsas\u00e1got \u00f6sszefog\u00f3 c\u00e9gcsoport az els\u0151 negyed\u00e9vben a tavalyihoz k\u00e9pest mind\u00f6ssze 3 sz\u00e1zal\u00e9kkal tudta n\u00f6velni \u00e1rbev\u00e9tel\u00e9t, amely \u00edgy 7,8 milli\u00e1rd eur\u00f3t tett ki. A k\u00f6lts\u00e9gek azonban enn\u00e9l j\u00f3val nagyobb m\u00e9rt\u00e9kben, 8 sz\u00e1zal\u00e9kkal haladt\u00e1k meg az egy \u00e9vvel kor\u00e1bbit, a t\u00e1rsas\u00e1g 8,7 milli\u00e1rd eur\u00f3t ford\u00edtott \u00fczemel\u00e9sre.<br \/>\n    A kiigaz\u00edtott \u00fczemi eredm\u00e9ny ennek nyom\u00e1n 336 milli\u00f3 eur\u00f3 vesztes\u00e9get mutatott a negyed\u00e9v v\u00e9g\u00e9n, szemben a tavaly ugyanilyenkor r\u00f6gz\u00edtett 52 milli\u00f3 eur\u00f3s nyeres\u00e9ggel. Az ad\u00f3zott eredm\u00e9ny a 2018 els\u0151 negyed\u00e9vi 39 milli\u00f3 eur\u00f3s vesztes\u00e9g ut\u00e1n id\u00e9n 342 milli\u00f3 eur\u00f3s m\u00ednuszban z\u00e1rt, ez 777 sz\u00e1zal\u00e9kos m\u00e9lyrep\u00fcl\u00e9snek felel meg.<br \/>\n<div class=\"ads-in-post2\"><script async src=\"https:\/\/pagead2.googlesyndication.com\/pagead\/js\/adsbygoogle.js\"><\/script>\r\n<ins class=\"adsbygoogle\"\r\n     style=\"display:block\"\r\n     data-ad-format=\"fluid\"\r\n     data-ad-layout-key=\"-6t+ed+2i-1n-4w\"\r\n     data-ad-client=\"ca-pub-1959107119989764\"\r\n     data-ad-slot=\"4008251320\"><\/ins>\r\n<script>\r\n     (adsbygoogle = window.adsbygoogle || []).push({});\r\n<\/script><\/div>\n    Az \u00f6t l\u00e9git\u00e1rsas\u00e1g k\u00f6z\u00fcl mind\u00f6ssze egy, a legnagyobb haszonkulccsal dolgoz\u00f3 Swiss volt nyeres\u00e9ges, a z\u00fcrichi sz\u00e9khely\u0171 t\u00e1rsas\u00e1g 40 milli\u00f3s nyeres\u00e9get hozott, de ebben is 57 sz\u00e1zal\u00e9kos visszaes\u00e9s mutatkozott. A h\u00e1l\u00f3zatos c\u00e9gek k\u00f6z\u00fcl a Lufthansa 102 milli\u00f3s vesztes\u00e9get termelt szemben a tavalyi 107 milli\u00f3s nyeres\u00e9ggel, az Austrian Airlines 73 milli\u00f3r\u00f3l 99 milli\u00f3ra n\u00f6velte \u00fczemi vesztes\u00e9g\u00e9t. A diszkont Eurowings, valamint a p\u00e9nz\u00fcgyileg vele egy\u00fctt kezelt Brussels Airlines ism\u00e9t negat\u00edvban z\u00e1rta a negyed\u00e9vet, 256 milli\u00f3s idei vesztes\u00e9ge 20 sz\u00e1zal\u00e9kkal rosszabb eredm\u00e9ny, mint tavaly ugyanilyenkor.<br \/>\n    A n\u00e9met l\u00e9git\u00e1rsas\u00e1gi csoport a magasabb kerozin\u00e1rakat, valamint az eur\u00f3pai piaci t\u00falkapacit\u00e1s miatti t\u00f6bbletk\u00f6lts\u00e9get \u00e9s jegy\u00e1rcs\u00f6kken\u00e9st okolta. Hozz\u00e1tett\u00e9k ugyanakkor, hogy a tavalyi els\u0151 negyed\u00e9v kiugr\u00f3an j\u00f3ra siker\u00fclt, hogy az Air Berlin megsz\u0171n\u00e9s\u00e9vel jelent\u0151s kapacit\u00e1sok szabadultak fel.<br \/>\n    El\u0151rejelz\u00e9s\u00e9ben a t\u00e1rsas\u00e1g az \u00e9v v\u00e9g\u00e9re 5 sz\u00e1zal\u00e9k k\u00f6r\u00fcli \u00e1rbev\u00e9telhez viszony\u00edtott \u00fczemi eredm\u00e9nyt v\u00e1r, amellett, hogy kerozink\u00f6lts\u00e9ge a tavalyihoz k\u00e9pest v\u00e1rhat\u00f3an 600 milli\u00f3 eur\u00f3val megugrik.(MTI)<\/p>\n","protected":false},"excerpt":{"rendered":"<p>Jelent\u0151sen romlott a n\u00e9met Lufthansa-csoport p\u00e9nz\u00fcgyi helyzete a m\u00e1rcius 31-\u00e9vel z\u00e1r\u00f3dott els\u0151 negyed\u00e9vben a tavalyihoz k\u00e9pest, a legt\u00f6bb p\u00e9nzt a diszkont l\u00e9git\u00e1rsas\u00e1gok \u00fczemel\u00e9se vitte el &#8211; der\u00fcl ki a Lufthansa-csoport honlapj\u00e1n kedden k\u00f6zz\u00e9tett p\u00e9nz\u00fcgyi jelent\u00e9sb\u0151l.<\/p>\n","protected":false},"author":1,"featured_media":0,"comment_status":"closed","ping_status":"open","sticky":false,"template":"","format":"standard","meta":[],"categories":[8,246],"tags":[],"_links":{"self":[{"href":"https:\/\/gazdasagportal.hu\/index.php\/wp-json\/wp\/v2\/posts\/115633"}],"collection":[{"href":"https:\/\/gazdasagportal.hu\/index.php\/wp-json\/wp\/v2\/posts"}],"about":[{"href":"https:\/\/gazdasagportal.hu\/index.php\/wp-json\/wp\/v2\/types\/post"}],"author":[{"embeddable":true,"href":"https:\/\/gazdasagportal.hu\/index.php\/wp-json\/wp\/v2\/users\/1"}],"replies":[{"embeddable":true,"href":"https:\/\/gazdasagportal.hu\/index.php\/wp-json\/wp\/v2\/comments?post=115633"}],"version-history":[{"count":1,"href":"https:\/\/gazdasagportal.hu\/index.php\/wp-json\/wp\/v2\/posts\/115633\/revisions"}],"predecessor-version":[{"id":115634,"href":"https:\/\/gazdasagportal.hu\/index.php\/wp-json\/wp\/v2\/posts\/115633\/revisions\/115634"}],"wp:attachment":[{"href":"https:\/\/gazdasagportal.hu\/index.php\/wp-json\/wp\/v2\/media?parent=115633"}],"wp:term":[{"taxonomy":"category","embeddable":true,"href":"https:\/\/gazdasagportal.hu\/index.php\/wp-json\/wp\/v2\/categories?post=115633"},{"taxonomy":"post_tag","embeddable":true,"href":"https:\/\/gazdasagportal.hu\/index.php\/wp-json\/wp\/v2\/tags?post=115633"}],"curies":[{"name":"wp","href":"https:\/\/api.w.org\/{rel}","templated":true}]}}