{"id":115629,"date":"2019-04-30T13:56:00","date_gmt":"2019-04-30T11:56:00","guid":{"rendered":"http:\/\/gazdasagportal.hu\/?p=115629"},"modified":"2019-04-30T13:56:00","modified_gmt":"2019-04-30T11:56:00","slug":"egyre-tobb-kulfoldi-munkavallalo-erkezik-magyarorszagra","status":"publish","type":"post","link":"https:\/\/gazdasagportal.hu\/index.php\/egyre-tobb-kulfoldi-munkavallalo-erkezik-magyarorszagra\/","title":{"rendered":"Egyre t\u00f6bb k\u00fclf\u00f6ldi munkav\u00e1llal\u00f3 \u00e9rkezik Magyarorsz\u00e1gra"},"content":{"rendered":"<p style=\"font-weight: 400;\"><strong>Csak n\u00e9gy eur\u00f3pai orsz\u00e1gban nagyobb a munkaer\u0151hi\u00e1ny, mint n\u00e1lunk<\/strong><\/p>\n<p><!--more--><\/p>\n<div class=\"ads-in-post1\"><div id=\"gazdasagportal.hu_fullbanner_wideboard\"><\/div>\r\n<\/div>\n<p style=\"font-weight: 400;\"><strong>\u00a0<\/strong><\/p>\n<p style=\"font-weight: 400;\"><strong>Az ut\u00f3bbi \u00e9vekben drasztikusan cs\u00f6kkent a magyar munkav\u00e1llal\u00f3k sz\u00e1ma, \u00edgy a c\u00e9gek k\u00e9nytelenek k\u00fclf\u00f6ldi munkav\u00e1llal\u00f3kat alkalmazni. Honnan, mennyit, mik a trendek? \u00cdme, a 15 \u00e9ves Work Force munkaer\u0151k\u00f6lcs\u00f6nz\u0151- \u00e9s k\u00f6zvet\u00edt\u0151 piaci kitekint\u00e9se. \u00dagy t\u0171nik egyre hat\u00e9konyabb megold\u00e1s a k\u00fclf\u00f6ldi munkav\u00e1llal\u00f3k alkalmaz\u00e1sa.<\/strong><\/p>\n<p style=\"font-weight: 400;\"><strong>\u00a0<\/strong><\/p>\n<p style=\"font-weight: 400;\">A\u00a0<a href=\"http:\/\/www.ksh.hu\/docs\/hun\/xstadat\/xstadat_evkozi\/e_qli027a.html\" data-saferedirecturl=\"https:\/\/www.google.com\/url?q=http:\/\/www.ksh.hu\/docs\/hun\/xstadat\/xstadat_evkozi\/e_qli027a.html&amp;source=gmail&amp;ust=1556692286461000&amp;usg=AFQjCNEOQedtBWqwhzyOM5gilz2YZFP4kA\" target=\"_blank\" rel=\"noopener\">KSH<\/a>\u00a02018-as felm\u00e9r\u00e9s\u00e9b\u0151l kider\u00fcl, hogy tavaly is folyamatosan n\u0151tt a munkaer\u0151-kereslet. A munk\u00e1ltat\u00f3k a 2018-as \u00e9v I. negyed\u00e9v\u00e9ben 79,4 ezer meg\u00fcresed\u0151, azonnal bet\u00f6lthet\u0151 \u00e1ll\u00e1st jelentettek. Ez a sz\u00e1m a II. negyed\u00e9vben 83,6 ezerre, a III. negyed\u00e9vben pedig 87,7 ezerre emelkedett.\u00a0A KSH felm\u00e9r\u00e9se r\u00e1vil\u00e1g\u00edtott arra is, hogy tov\u00e1bbra is az adminisztrat\u00edv \u00e9s a szolg\u00e1ltat\u00e1st t\u00e1mogat\u00f3 tev\u00e9kenys\u00e9gekb\u0151l sz\u00e1rmazott a legt\u00f6bb bet\u00f6ltetlen \u00e1ll\u00e1s, az \u00f6sszes \u00e1ll\u00e1shely 5,2 %-a. Munkaer\u0151hi\u00e1ny a feldolgoz\u00f3iparban is megfigyelhet\u0151, 2018-ban 22,9 ezer \u00fcres \u00e1ll\u00e1s volt ebben a szektorban, a kereskedelemben 8,1 ezer, m\u00edg az \u00e9p\u00edt\u0151iparban 5,9 ezer.<\/p><div id=\"gazda-1059593034\" class=\"gazda-tartalomban gazda-entity-placement\"><script async src=\"https:\/\/pagead2.googlesyndication.com\/pagead\/js\/adsbygoogle.js\"><\/script>\r\n<ins class=\"adsbygoogle\"\r\n     style=\"display:block\"\r\n     data-ad-format=\"fluid\"\r\n     data-ad-layout-key=\"-6t+ed+2i-1n-4w\"\r\n     data-ad-client=\"ca-pub-1959107119989764\"\r\n     data-ad-slot=\"4008251320\"><\/ins>\r\n<script>\r\n     (adsbygoogle = window.adsbygoogle || []).push({});\r\n<\/script><\/div>\n<p style=\"font-weight: 400;\"><strong>Mib\u0151l fakad a hi\u00e1ny?<\/strong><\/p>\n<p style=\"font-weight: 400;\">Egyr\u00e9szt kevesebb di\u00e1k jelenik meg a k\u00f6z\u00e9pfok\u00fa oktat\u00e1sban, mint \u00f6t \u00e9vvel ezel\u0151tt, 14 ezerrel kevesebb a gimn\u00e1ziumban tanul\u00f3k sz\u00e1ma, \u00e9s 86 ezerrel kevesebben tanulnak szakm\u00e1t.\u00a0 M\u00e1sr\u00e9szt a b\u00e9rek m\u00e9g mindig alacsonyak, b\u00e1r<a href=\"http:\/\/www.kormany.hu\/hu\/nemzetgazdasagi-miniszterium\/hirek\/tobb-mint-70-szazalekkal-nottek-a-netto-berek-2010-ota\" data-saferedirecturl=\"https:\/\/www.google.com\/url?q=http:\/\/www.kormany.hu\/hu\/nemzetgazdasagi-miniszterium\/hirek\/tobb-mint-70-szazalekkal-nottek-a-netto-berek-2010-ota&amp;source=gmail&amp;ust=1556692286461000&amp;usg=AFQjCNFqKU9wMNfgvZU73ePxpyk4njXXIg\" target=\"_blank\" rel=\"noopener\">\u00a0t\u00f6bb mint 70 %-kal emelkedtek<\/a>\u00a02010 \u00f3ta, \u00edgy a munkaer\u0151 lassan \u00e1ramlik olyan lehet\u0151s\u00e9gek fel\u00e9, amelyek magasabb b\u00e1rsz\u00ednvonallal kecsegtetnek. Tov\u00e1bbi ok a demogr\u00e1fiai folyamatok v\u00e1ltoz\u00e1sa,\u00a0<a href=\"http:\/\/midra.uni-miskolc.hu\/document\/29337\/25168.pdf\" data-saferedirecturl=\"https:\/\/www.google.com\/url?q=http:\/\/midra.uni-miskolc.hu\/document\/29337\/25168.pdf&amp;source=gmail&amp;ust=1556692286461000&amp;usg=AFQjCNFFLUm0Y1E6Q8vERmAaWq8RmPJoWA\" target=\"_blank\" rel=\"noopener\">a n\u00e9pess\u00e9gfogy\u00e1s \u00e9s a n\u00e9pess\u00e9g el\u00f6reged\u00e9se<\/a>. V\u00e9g\u00fcl az atipikus foglalkoztat\u00e1si form\u00e1k (p\u00e9ld\u00e1ul a hata\u0301rozott ideju\u030b szerzo\u030bde\u0301ses foglalkoztata\u0301s, a re\u0301szmunkaido\u030bs foglalkoztata\u0301s) hi\u00e1nya vagy alacsony ar\u00e1nya is szerepet j\u00e1tszik. Mi a megold\u00e1s?<\/p>\n<p style=\"font-weight: 400;\"><strong>K\u00fclf\u00f6ldr\u0151l \u00e9rkez\u0151 munkav\u00e1llal\u00f3k seg\u00edthetnek a probl\u00e9m\u00e1n<\/strong><\/p>\n<div class=\"ads-in-post2\"><script async src=\"https:\/\/pagead2.googlesyndication.com\/pagead\/js\/adsbygoogle.js\"><\/script>\r\n<ins class=\"adsbygoogle\"\r\n     style=\"display:block\"\r\n     data-ad-format=\"fluid\"\r\n     data-ad-layout-key=\"-6t+ed+2i-1n-4w\"\r\n     data-ad-client=\"ca-pub-1959107119989764\"\r\n     data-ad-slot=\"4008251320\"><\/ins>\r\n<script>\r\n     (adsbygoogle = window.adsbygoogle || []).push({});\r\n<\/script><\/div>\n<p style=\"font-weight: 400;\"><strong>\u00a0<\/strong><\/p>\n<p style=\"font-weight: 400;\">\u201cA b\u00e9rek\u00a0 \u00e9s egy\u00e9b juttat\u00e1sok l\u00e1tv\u00e1nyosabb emel\u00e9se, jobb munkak\u00f6r\u00fclm\u00e9nyek biztos\u00edt\u00e1sa, mobilsz\u00e1ll\u00e1sok telep\u00edt\u00e9se \u00e9s nem utols\u00f3 sorban a rugalmas munkaid\u0151, valamint a munkaer\u0151 import egy\u00fcttesen k\u00edn\u00e1lnak csak megold\u00e1st a probl\u00e9m\u00e1ra\u201d &#8211; mondja Cs\u00e1kv\u00e1ri R\u00f3bert, a Work Force \u00fcgyvezet\u0151 igazgat\u00f3ja. A mobilsz\u00e1ll\u00e1sok Eur\u00f3pa szerte egyre n\u00e9pszer\u0171bbek. A gy\u00e1rak mellett l\u00e9tes\u00edtett boltok, \u00e9tkezd\u00e9k \u00e9s eg\u00e9szs\u00e9g\u00fcgyi szolg\u00e1ltat\u00e1sok egyfajta mini v\u00e1rosk\u00e9nt \u00e9s k\u00f6z\u00f6ss\u00e9gk\u00e9nt funkcion\u00e1lnak, amely r\u00e9v\u00e9n a fluktu\u00e1ci\u00f3 is cs\u00f6kkenthet\u0151.<\/p>\n<p style=\"font-weight: 400;\">A technol\u00f3gia fejl\u0151d\u00e9s\u00e9vel a munkav\u00e9gz\u00e9s jellege is megv\u00e1ltozott, a helyhez \u00e9s id\u0151h\u00f6z k\u00f6t\u00f6tt munkahelyek helyett ma m\u00e1r egym\u00e1st\u00f3l t\u00e1vol \u00e9s egym\u00e1st\u00f3l f\u00fcggetlen\u00fcl dolgoznak az emberek. Ez a trend el\u0151sz\u00f6r a szellemi foglalkoz\u00e1sok eset\u00e9ben jelentkezett, de hamarosan el\u00e9ri a fizikai \u00e1llom\u00e1nyt is. A munkahelyek \u00edgy egyre kev\u00e9sb\u00e9 lesznek k\u00e9pesek a szocializ\u00e1ci\u00f3s ig\u00e9nyeket kiel\u00e9g\u00edteni. Egyes\u00a0<a href=\"https:\/\/budapestlab.hu\/index.php\/motivacio-vs-elkotelezettseg-igy-tartsd-meg-a-munkavallalot\/\" data-saferedirecturl=\"https:\/\/www.google.com\/url?q=https:\/\/budapestlab.hu\/index.php\/motivacio-vs-elkotelezettseg-igy-tartsd-meg-a-munkavallalot\/&amp;source=gmail&amp;ust=1556692286461000&amp;usg=AFQjCNEl3D0S-kGFOOB74Z3Vu3xryrVKEw\" target=\"_blank\" rel=\"noopener\">kutat\u00e1sok<\/a>\u00a0szerint a feladatk\u00f6zpont\u00fav\u00e1 v\u00e1l\u00f3 munka vil\u00e1g\u00e1ban a munkaer\u0151 sz\u00e1m\u00e1ra k\u00fcl\u00f6n\u00f6sen fontoss\u00e1 v\u00e1lik, hogy a szervezet \u00e9s az alkalmazott k\u00f6z\u00f6tt bels\u0151, m\u00e9ly meggy\u0151z\u0151d\u00e9sen alapul\u00f3 kapcsolat, az egym\u00e1shoz tartoz\u00e1s term\u00e9szetes \u00e9rz\u00e9se alakuljon ki. A mobilsz\u00e1ll\u00e1sok ezt er\u0151s\u00edthetik.<\/p>\n<p style=\"font-weight: 400;\">A Bev\u00e1ndorl\u00e1si \u00e9s Menek\u00fclt\u00fcgyi Hivatal 2018 szeptemberi felm\u00e9r\u00e9se alapj\u00e1n a tavalyi \u00e9v harmadik negyed\u00e9v v\u00e9g\u00e9ig 150 %-kal t\u00f6bb k\u00fclf\u00f6ldi \u00e9rkezett Magyarorsz\u00e1gra munkav\u00e1llal\u00e1s c\u00e9lj\u00e1b\u00f3l, mint az azt megel\u0151z\u0151 \u00e9vben. 2018 okt\u00f3ber\u00e9ig \u00f6sszesen 83\u00a0611-en folyamodtak tart\u00f3zkod\u00e1si enged\u00e9ly\u00e9rt, m\u00edg 2017-ben 61\u00a0588-an. A Nemzeti Foglalkoztat\u00e1si Szolg\u00e1lat felm\u00e9r\u00e9s\u00e9b\u0151l kider\u00fclt, hogy nem EU-s eur\u00f3pai orsz\u00e1gb\u00f3l \u00e9rkez\u0151knek 2098, nem EU-szomsz\u00e9dos orsz\u00e1gb\u00f3l \u00e9rkez\u0151knek 790, m\u00edg Eur\u00f3p\u00e1n k\u00edv\u00fcli orsz\u00e1gokb\u00f3l \u00e9rkez\u0151k r\u00e9sz\u00e9re 7176 enged\u00e9lyt bocs\u00e1tottak ki a hat\u00f3s\u00e1gok 2017-ben.<\/p>\n<p style=\"font-weight: 400;\">A hat\u00e1ron t\u00fali toborz\u00e1sra ma m\u00e1r szinte minden nagyv\u00e1llalat nyitott, mivel a folyamat sz\u00e1mukra nem t\u00fal komplik\u00e1lt. A k\u00f6lcs\u00f6nz\u0151 c\u00e9g ugyanis szinte mindent \u00e1tv\u00e1llal, a teljes adminisztr\u00e1ci\u00f3t, a b\u00e9rsz\u00e1mfejt\u00e9st, a TB \u00fcgyint\u00e9z\u00e9st, a sz\u00e1ll\u00e1soltat\u00e1st \u00e9s az utaztat\u00e1st is. Emellett anyanyelvi tolm\u00e1csot \u00e9s a helysz\u00ednre kitelep\u00fclt on site fel\u00fcgyeletet is biztos\u00edtanak ig\u00e9ny eset\u00e9n. A munkaer\u0151t gyorsan be lehet \u00e1ll\u00edtani dolgozni.<\/p>\n<p style=\"font-weight: 400;\">\u201cA hat\u00e1ron t\u00falr\u00f3l f\u0151k\u00e9nt Ukrajn\u00e1b\u00f3l, Rom\u00e1ni\u00e1b\u00f3l \u00e9s Szerbi\u00e1b\u00f3l \u00e9rkeznek munkav\u00e1llal\u00f3k. A visszajelz\u00e9sek alapj\u00e1n az ukr\u00e1n munkav\u00e1llal\u00f3kat kifejezetten szeretik foglalkoztatni, de mivel Nyugat Eur\u00f3pa is munkaer\u0151hi\u00e1nnyal k\u00fcszk\u00f6dik, ez\u00e9rt nagy a verseny \u00e9rt\u00fck\u201d &#8211; teszi hozz\u00e1 Cs\u00e1kv\u00e1ri R\u00f3bert, aki szerint megjelentek egzotikusabb orsz\u00e1gokb\u00f3l \u00e9rkez\u0151 munkav\u00e1llal\u00f3k is, p\u00e9ld\u00e1ul Mong\u00f3li\u00e1b\u00f3l is van m\u00e1r \u00e9rdekl\u0151d\u00e9s a magyar piac ir\u00e1nt. A fizikai- \u00e9s szellemi munk\u00e1sokra egyar\u00e1nt igaz, hogy a jobb kereseti lehet\u0151s\u00e9gek rem\u00e9ny\u00e9ben, valamint a haz\u00e1jukhoz viszonylag k\u00f6zeli munkalehet\u0151s\u00e9g miatt v\u00e1lasztj\u00e1k Magyarorsz\u00e1got. Jellemz\u0151 r\u00e1juk, hogy a fluktu\u00e1ci\u00f3juk kifejezetten alacsony, jellemz\u0151en motiv\u00e1lt, munkaszeret\u0151 \u00e9s szorgalmas emberekr\u0151l van sz\u00f3, akik hossz\u00fat\u00e1v\u00fa munkav\u00e9gz\u00e9sben gondolkoznak. Tov\u00e1bbi el\u0151ny a potenci\u00e1lis munkaer\u0151 mennyis\u00e9ge, ugyanis egy-egy munkaer\u0151 k\u00f6lcs\u00f6nz\u00e9sn\u00e9l ak\u00e1r t\u00f6bb sz\u00e1z potenci\u00e1lis munkav\u00e1llal\u00f3val is sz\u00e1molhatnak a c\u00e9gek.<\/p>\n<p style=\"font-weight: 400;\">A\u00a0<a href=\"http:\/\/www.ksh.hu\/docs\/hun\/xstadat\/xstadat_eves\/i_wnvn001b.html\" data-saferedirecturl=\"https:\/\/www.google.com\/url?q=http:\/\/www.ksh.hu\/docs\/hun\/xstadat\/xstadat_eves\/i_wnvn001b.html&amp;source=gmail&amp;ust=1556692286461000&amp;usg=AFQjCNHW2N9aD7mdPRBwmy04V7sTA_GeOg\" target=\"_blank\" rel=\"noopener\">KSH \u00e9ves adatelemz\u00e9se<\/a>\u00a02018-ban 22.700 rom\u00e1n \u00e9s 10.500 ukr\u00e1n munkav\u00e1llal\u00f3 \u00e9rkezett haz\u00e1nkba, ami nagyon hasonl\u00f3 az egy \u00e9vvel kor\u00e1bbi adatokhoz, ami kis m\u00e9rt\u00e9kben ugyan, de jav\u00edthatja Magyarorsz\u00e1g munkaer\u0151 helyzet\u00e9t, de egyre nehezebb lesz ezekb\u0151l az orsz\u00e1gokb\u00f3l is munkaer\u0151t szerezni, Rom\u00e1ni\u00e1ban emelkednek a b\u00e9rek, az ukr\u00e1nok pedig k\u00e9tsz\u00e1z kilom\u00e9terrel od\u00e9bb m\u00e1r t\u00f6bb mint a dupl\u00e1j\u00e1t keresik a magyar b\u00e9reknek.<\/p>\n<p style=\"font-weight: 400;\">A Work Force olyan szem\u00e9lyreszabott strat\u00e9gi\u00e1kat aj\u00e1nl partnereinek, amely alkalmaz\u00e1sa sor\u00e1n komplex megold\u00e1sokkal orvosolj\u00e1k a munkaer\u0151hi\u00e1nyt.<\/p>\n<p style=\"font-weight: 400;\"><strong>\u00a0<\/strong><\/p>\n<p style=\"font-weight: 400;\"><strong>A munkaer\u0151hi\u00e1ny nem csak haz\u00e1nkat \u00e9rinti<\/strong><\/p>\n<p style=\"font-weight: 400;\">A munkaer\u0151hi\u00e1ny nem csak Magyarorsz\u00e1got \u00e9rinti, m\u00e1s EU-s orsz\u00e1gokban is n\u0151 a bet\u00f6lt\u00e9sre v\u00e1r\u00f3 \u00e1ll\u00e1shelyek sz\u00e1ma. A\u00a0<a href=\"http:\/\/www.ksh.hu\/docs\/hun\/xftp\/idoszaki\/mpf\/mpf1809.pdf\" data-saferedirecturl=\"https:\/\/www.google.com\/url?q=http:\/\/www.ksh.hu\/docs\/hun\/xftp\/idoszaki\/mpf\/mpf1809.pdf&amp;source=gmail&amp;ust=1556692286461000&amp;usg=AFQjCNG965SkmyNgIS6tf8nJINTRVe7M4w\" target=\"_blank\" rel=\"noopener\">KSH 2018-as felm\u00e9r\u00e9se<\/a>\u00a0szerint a tavalyi \u00e9v II. negyed\u00e9v\u00e9ben sz\u00e1z \u00e1ll\u00e1shelyre 2,2 bet\u00f6lt\u00e9sre v\u00e1r\u00f3 jutott, ami 20%-kal t\u00f6bb, mint egy \u00e9vvel kor\u00e1bban. Tov\u00e1bbra is Csehorsz\u00e1gban a legmagasabb az \u00fcres \u00e1ll\u00e1shelyek ar\u00e1nya, ahol sz\u00e1zb\u00f3l \u00e1tlagosan 5,4 bet\u00f6ltetlen poz\u00edci\u00f3 volt 2018-ban. Magyarorsz\u00e1g \u2013 Ausztria, az Egyes\u00fclt Kir\u00e1lys\u00e1g \u00e9s Sv\u00e9dorsz\u00e1g mellett \u2013 az \u00f6t\u00f6dik legnagyobb \u00fcres \u00e1ll\u00e1shely ar\u00e1nnyal b\u00edr\u00f3 tagorsz\u00e1g volt 2,7 %-os \u00e9rt\u00e9kkel a tavalyi \u00e9vben.<\/p>\n","protected":false},"excerpt":{"rendered":"<p>Csak n\u00e9gy eur\u00f3pai orsz\u00e1gban nagyobb a munkaer\u0151hi\u00e1ny, mint n\u00e1lunk<\/p>\n","protected":false},"author":1,"featured_media":0,"comment_status":"closed","ping_status":"open","sticky":false,"template":"","format":"standard","meta":[],"categories":[4,19],"tags":[],"_links":{"self":[{"href":"https:\/\/gazdasagportal.hu\/index.php\/wp-json\/wp\/v2\/posts\/115629"}],"collection":[{"href":"https:\/\/gazdasagportal.hu\/index.php\/wp-json\/wp\/v2\/posts"}],"about":[{"href":"https:\/\/gazdasagportal.hu\/index.php\/wp-json\/wp\/v2\/types\/post"}],"author":[{"embeddable":true,"href":"https:\/\/gazdasagportal.hu\/index.php\/wp-json\/wp\/v2\/users\/1"}],"replies":[{"embeddable":true,"href":"https:\/\/gazdasagportal.hu\/index.php\/wp-json\/wp\/v2\/comments?post=115629"}],"version-history":[{"count":1,"href":"https:\/\/gazdasagportal.hu\/index.php\/wp-json\/wp\/v2\/posts\/115629\/revisions"}],"predecessor-version":[{"id":115630,"href":"https:\/\/gazdasagportal.hu\/index.php\/wp-json\/wp\/v2\/posts\/115629\/revisions\/115630"}],"wp:attachment":[{"href":"https:\/\/gazdasagportal.hu\/index.php\/wp-json\/wp\/v2\/media?parent=115629"}],"wp:term":[{"taxonomy":"category","embeddable":true,"href":"https:\/\/gazdasagportal.hu\/index.php\/wp-json\/wp\/v2\/categories?post=115629"},{"taxonomy":"post_tag","embeddable":true,"href":"https:\/\/gazdasagportal.hu\/index.php\/wp-json\/wp\/v2\/tags?post=115629"}],"curies":[{"name":"wp","href":"https:\/\/api.w.org\/{rel}","templated":true}]}}